{"id":10058,"date":"2025-12-17T12:54:17","date_gmt":"2025-12-17T12:54:17","guid":{"rendered":"https:\/\/bosniauknetwork.org\/dijaspora-otvoreno-svjetski-savez-bih-bez-aktivnosti-vec-18-mjeseci\/"},"modified":"2025-12-17T12:54:17","modified_gmt":"2025-12-17T12:54:17","slug":"dijaspora-otvoreno-svjetski-savez-bih-bez-aktivnosti-vec-18-mjeseci","status":"publish","type":"post","link":"https:\/\/bosniauknetwork.org\/bs\/dijaspora-otvoreno-svjetski-savez-bih-bez-aktivnosti-vec-18-mjeseci\/","title":{"rendered":"DIJASPORA OTVORENO: SVJETSKI SAVEZ BIH BEZ AKTIVNOSTI VE\u0106 18 MJESECI"},"content":{"rendered":"<div class=\"xdj266r x14z9mp xat24cr x1lziwak x1vvkbs x126k92a\">\n<div dir=\"auto\">U okviru obilje\u017eavanja Dana dr\u017eavnosti Bosne i Hercegovine, imali smo \u010dast ugostiti drage prijatelje i predstavnike bosanskohercegova\u010dke dijaspore iz Austrije, Holandije, Danske i Luksemburga, kao i prijatelje iz na\u0161e domovine Bosne i Hercegovine.<\/div>\n<\/div>\n<div class=\"x14z9mp xat24cr x1lziwak x1vvkbs xtlvy1s x126k92a\">\n<div dir=\"auto\"><a class=\"dt-pswp-item\" href=https:\/\/bosniauknetwork.org\/wp-content\/uploads\/2025\/12\/image-20.jpeg\" data-dt-img-description=\"\" data-large_image_width=\"1280\" data-large_image_height=\"960\"><img fetchpriority=\"high\" class=\"alignnone size-full wp-image-10060\" src=https:\/\/bosniauknetwork.org\/wp-content\/uploads\/2025\/12\/image-20.jpeg\" alt=\"\" width=\"1280\" height=\"960\" \/><\/a>Ovaj susret prerasta u lijepu i vrijednu tradiciju. Okupljamo se povodom Dana dr\u017eavnosti kako bismo ga zajedno obilje\u017eili, ali i kako bismo razmijenili iskustva iz na\u0161eg rada, u\u010dili jedni od drugih i unaprijedili djelovanje na\u0161ih organizacija u dijaspori. Na\u0161im dragim prijateljima iskreno zahvaljujemo na dolasku, otvorenom dijalogu i razmjeni iskustava.<\/div>\n<\/div>\n<div class=\"x14z9mp xat24cr x1lziwak x1vvkbs xtlvy1s x126k92a\">\n<div dir=\"auto\">Vrijedi podsjetiti da je ovakav oblik susreta i saradnje nekada bio ustaljena praksa Svjetskog saveza dijaspore Bosne i Hercegovine.<\/div>\n<\/div>\n<div class=\"x14z9mp xat24cr x1lziwak x1vvkbs xtlvy1s x126k92a\">\n<div dir=\"auto\"><a class=\"dt-pswp-item\" href=https:\/\/bosniauknetwork.org\/wp-content\/uploads\/2025\/12\/image-21.jpeg\" data-dt-img-description=\"\" data-large_image_width=\"1279\" data-large_image_height=\"960\"><img class=\"alignnone size-full wp-image-10061\" src=https:\/\/bosniauknetwork.org\/wp-content\/uploads\/2025\/12\/image-21.jpeg\" alt=\"\" width=\"1279\" height=\"960\" \/><\/a>Iz diskusije se moglo jasno zaklju\u010diti da Svjetski savez dijaspore Bosne i Hercegovine ve\u0107 du\u017ee vrijeme ne ispunjava ni minimalne standarde za ono zbog \u010dega je osnovan. Kao klju\u010dni razlog za takvo stanje prepoznato je dugogodi\u0161nje, nepromjenjivo i zatvoreno vo\u0111enje Saveza od strane njegovog predsjednika Hasana \u0160ehovi\u0107a, koji tu funkciju obavlja ve\u0107 12\u201313 godina. Kako je istaknuto, gotovo sve u Savezu se mo\u017ee mijenjati i unapre\u0111ivati \u2013 osim predsjednika . Posebno je zabrinjavaju\u0107a \u010dinjenica da Svjetski savez dijaspore BiH u posljednjih 18 mjeseci nije imao nijednu jedinu konkretnu aktivnost.<\/div>\n<\/div>\n<div class=\"x14z9mp xat24cr x1lziwak x1vvkbs xtlvy1s x126k92a\">\n<div dir=\"auto\"><a class=\"dt-pswp-item\" href=https:\/\/bosniauknetwork.org\/wp-content\/uploads\/2025\/12\/image-22.jpeg\" data-dt-img-description=\"\" data-large_image_width=\"960\" data-large_image_height=\"1280\"><img class=\"alignnone size-full wp-image-10062\" src=https:\/\/bosniauknetwork.org\/wp-content\/uploads\/2025\/12\/image-22.jpeg\" alt=\"\" width=\"960\" height=\"1280\" \/><\/a>Iz tog razloga, tokom susreta otvorena je ozbiljna i konstruktivna diskusija o alternativnim modelima organizovanja i saradnje dijaspore, koji bi zahtijevali manje energije i vremena od stalnih, dobronamjernih, ali o\u010digledno neuspje\u0161nih poku\u0161aja reforme unutar Svjetskog saveza.<\/div>\n<\/div>\n<div class=\"x14z9mp xat24cr x1lziwak x1vvkbs xtlvy1s x126k92a\">\n<div dir=\"auto\">Posebno smo ponosni \u0161to je tokom ovog obilje\u017eavanja istaknuta i va\u017ena historijska \u010dinjenica: po prvi put u historiji Dan dr\u017eavnosti Bosne i Hercegovine obilje\u017een je u Parlamentu Ujedinjenog Kraljevstva, \u0161to predstavlja zna\u010dajan iskorak u afirmaciji na\u0161e dr\u017eave i uloge dijaspore.<\/div>\n<div dir=\"auto\"><a class=\"dt-pswp-item\" href=https:\/\/bosniauknetwork.org\/wp-content\/uploads\/2025\/12\/image-23.jpeg\" data-dt-img-description=\"\" data-large_image_width=\"720\" data-large_image_height=\"960\"><img loading=\"lazy\" class=\"alignnone size-full wp-image-10063\" src=https:\/\/bosniauknetwork.org\/wp-content\/uploads\/2025\/12\/image-23.jpeg\" alt=\"\" width=\"720\" height=\"960\" \/><\/a><\/div>\n<\/div>\n","protected":false},"excerpt":{"rendered":"<p>U okviru obilje\u017eavanja Dana dr\u017eavnosti Bosne i Hercegovine, imali smo \u010dast ugostiti drage prijatelje i predstavnike bosanskohercegova\u010dke dijaspore iz Austrije, Holandije, Danske i Luksemburga, kao i prijatelje iz na\u0161e domovine [&hellip;]<\/p>\n","protected":false},"author":1,"featured_media":13877,"comment_status":"closed","ping_status":"closed","sticky":false,"template":"","format":"standard","meta":{"site-sidebar-layout":"default","site-content-layout":"","ast-site-content-layout":"default","site-content-style":"default","site-sidebar-style":"default","ast-global-header-display":"","ast-banner-title-visibility":"","ast-main-header-display":"","ast-hfb-above-header-display":"","ast-hfb-below-header-display":"","ast-hfb-mobile-header-display":"","site-post-title":"","ast-breadcrumbs-content":"","ast-featured-img":"","footer-sml-layout":"","ast-disable-related-posts":"","theme-transparent-header-meta":"","adv-header-id-meta":"","stick-header-meta":"","header-above-stick-meta":"","header-main-stick-meta":"","header-below-stick-meta":"","astra-migrate-meta-layouts":"default","ast-page-background-enabled":"default","ast-page-background-meta":{"desktop":{"background-color":"","background-image":"","background-repeat":"repeat","background-position":"center center","background-size":"auto","background-attachment":"scroll","background-type":"","background-media":"","overlay-type":"","overlay-color":"","overlay-opacity":"","overlay-gradient":""},"tablet":{"background-color":"","background-image":"","background-repeat":"repeat","background-position":"center center","background-size":"auto","background-attachment":"scroll","background-type":"","background-media":"","overlay-type":"","overlay-color":"","overlay-opacity":"","overlay-gradient":""},"mobile":{"background-color":"","background-image":"","background-repeat":"repeat","background-position":"center center","background-size":"auto","background-attachment":"scroll","background-type":"","background-media":"","overlay-type":"","overlay-color":"","overlay-opacity":"","overlay-gradient":""}},"ast-content-background-meta":{"desktop":{"background-color":"var(--ast-global-color-5)","background-image":"","background-repeat":"repeat","background-position":"center center","background-size":"auto","background-attachment":"scroll","background-type":"","background-media":"","overlay-type":"","overlay-color":"","overlay-opacity":"","overlay-gradient":""},"tablet":{"background-color":"var(--ast-global-color-5)","background-image":"","background-repeat":"repeat","background-position":"center center","background-size":"auto","background-attachment":"scroll","background-type":"","background-media":"","overlay-type":"","overlay-color":"","overlay-opacity":"","overlay-gradient":""},"mobile":{"background-color":"var(--ast-global-color-5)","background-image":"","background-repeat":"repeat","background-position":"center center","background-size":"auto","background-attachment":"scroll","background-type":"","background-media":"","overlay-type":"","overlay-color":"","overlay-opacity":"","overlay-gradient":""}},"_themeisle_gutenberg_block_has_review":false,"footnotes":""},"categories":[6],"tags":[],"class_list":["post-10058","post","type-post","status-publish","format-standard","has-post-thumbnail","hentry","category-news-updates"],"_links":{"self":[{"href":"https:\/\/bosniauknetwork.org\/bs\/wp-json\/wp\/v2\/posts\/10058","targetHints":{"allow":["GET"]}}],"collection":[{"href":"https:\/\/bosniauknetwork.org\/bs\/wp-json\/wp\/v2\/posts"}],"about":[{"href":"https:\/\/bosniauknetwork.org\/bs\/wp-json\/wp\/v2\/types\/post"}],"author":[{"embeddable":true,"href":"https:\/\/bosniauknetwork.org\/bs\/wp-json\/wp\/v2\/users\/1"}],"replies":[{"embeddable":true,"href":"https:\/\/bosniauknetwork.org\/bs\/wp-json\/wp\/v2\/comments?post=10058"}],"version-history":[{"count":0,"href":"https:\/\/bosniauknetwork.org\/bs\/wp-json\/wp\/v2\/posts\/10058\/revisions"}],"wp:featuredmedia":[{"embeddable":true,"href":"https:\/\/bosniauknetwork.org\/bs\/wp-json\/wp\/v2\/media\/13877"}],"wp:attachment":[{"href":"https:\/\/bosniauknetwork.org\/bs\/wp-json\/wp\/v2\/media?parent=10058"}],"wp:term":[{"taxonomy":"category","embeddable":true,"href":"https:\/\/bosniauknetwork.org\/bs\/wp-json\/wp\/v2\/categories?post=10058"},{"taxonomy":"post_tag","embeddable":true,"href":"https:\/\/bosniauknetwork.org\/bs\/wp-json\/wp\/v2\/tags?post=10058"}],"curies":[{"name":"wp","href":"https:\/\/api.w.org\/{rel}","templated":true}]}}