{"id":3106,"date":"2019-02-11T14:48:09","date_gmt":"2019-02-11T14:48:09","guid":{"rendered":"https:\/\/bosniauknetwork.org\/sedamnaestogodisnja-amina-mekic-govorila-o-genocidu-u-srebrenici-u-britanskom-domu-lordova\/"},"modified":"2019-02-11T14:48:09","modified_gmt":"2019-02-11T14:48:09","slug":"sedamnaestogodisnja-amina-mekic-govorila-o-genocidu-u-srebrenici-u-britanskom-domu-lordova","status":"publish","type":"post","link":"https:\/\/bosniauknetwork.org\/bs\/sedamnaestogodisnja-amina-mekic-govorila-o-genocidu-u-srebrenici-u-britanskom-domu-lordova\/","title":{"rendered":"Sedamnaestogodi\u0161nja Amina Meki\u0107 govorila o genocidu u Srebrenici u britanskom Domu lordova"},"content":{"rendered":"<div class=\"uvod uvod-clanka hidden-xs\"><img fetchpriority=\"high\" class=\"wp-image-3095 alignright\" src=https:\/\/bosniauknetwork.org\/wp-content\/uploads\/2019\/02\/The-Lord-Wallace-of-Tankerness-obracanje-na-otvaranju-skupa-300x225.jpg\" alt=\"\" width=\"503\" height=\"377\" \/>U britanskom Domu Lordova u Londonu predstavljena je tema za obilje\u017eavanje godi\u0161njice genocida u Srebrenici. Me\u0111u govornicima su bila \u010detiri lorda i tri \u010dlana britanskog parlamenta, te 17-godi\u0161nja Amina Meki\u0107 porijeklom iz BiH koja je bila najmla\u0111a me\u0111u njima.<\/div>\n<div class=\"tekst clanak_vijesti\">\n<p>Amina je ro\u0111ena u Velikoj Britaniji kao druga generacija pre\u017eivjelih iz Bosne i Hercegovine. Njena porodica dolazi iz Sarajeva.<\/p>\n<p>&#8220;U ratu smo izgubili mnogo \u010dlanova naju\u017ee porodice. Nedavno smo prona\u0161li ostatke mog djeda i daid\u017ee. Mi ne znamo kako i gdje su ubijeni. Jo\u0161 uvijek niko nije odgovarao za njihovu smrt iako je je od toga pro\u0161lo vi\u0161e od 25 godina. Mnogi od nas su raseljeni \u0161irom svijeta. Moja porodica je tokom rata do\u0161lu u Birmingham u Velikoj Britaniji. Od po\u010detka sam poha\u0111ala Bosansku dopunsku \u0161kolu u Birminghamu i \u010dlan sam bosanske folklorne grupe \\'Mladost Bosne\\'&#8221;, kazala je Amina u uvodu.<\/p>\n<\/div>\n<div><\/div>\n<div>\n<p>Njen govor bio je tu\u017ean, ali u isto vrijeme protkan ponosom \u0161to je kao jedna mlada Bosanka smogla snage da govori o stradanjima i patnjama svoje porodice i svoga naroda na jednom prominentnom mjestu kao \u0161to je Dom Lordova.<\/p>\n<p>&#8220;Biti u prilici da govorim u Domu Lordova u ime bh. omladine bila je \u010dast jer mi je to omogu\u0107ilo da dalje razvijam razumijevanje genocida u Srebrenici. Uvijek \u0107u biti zahvalna fondaciji \\'Remebering Srebrenica\\&#8217; za posao koji oni rade zajedno sa BH UK Network (Zajednicom BH udru\u017eenja u Velikoj Britaniji) i \u0161to su mi omogu\u0107ili da u\u010destvujem u ne\u010demu tako zna\u010dajnom za na\u0161u domovinu&#8221;, naglasila je.<\/p>\n<\/div>\n<div><\/div>\n<div>\n<p>Tema za obilje\u017eavanja godi\u0161njice genocida u Srebrenici za 2019. godinu je &#8220;Premo\u0161\u0107ivanje podjele-suprotstavljanje mr\u017enji&#8221;. Temu je predstavio dr\u017eavni sekretar za stanovanje, zajednice i lokalnu upravu, Rt. Hon. Clan Parlamenta Jamesa Brokenshirea.<img class=\"wp-image-3123 alignleft\" src=https:\/\/bosniauknetwork.org\/wp-content\/uploads\/2019\/02\/1-300x200.jpg\" alt=\"\" width=\"533\" height=\"355\" \/><\/p>\n<p>Organizacija Remembering Srebrenica je osnovana 2013. godine i sjedi\u0161te je u Birminghamu. Do sada su uspjeli da obrazuju vise od 90.000 mladih Britanaca o genocidu u Srebrenici, a organizovali se preko 6.200 doga\u0111aja u znak sje\u0107anja na \u017ertve genocida. Tako\u0111er, organizovali su 1.200 Britanaca posjetu Memorijalnom centru u Poto\u010darima.<\/p>\n<p>Prisutnima su se obratili Lord Bourne iz Aberystwytha, Rt Hon. Lord Pickles, Richard Burden MP Ian Blackford MP, Rt Hon. Baroness Warsi, The Rt. Hon. Wallace iz Tankerness QC; Prijedor\u010danka Amra Mujkanovi\u0107 kao i Dr. Vakar Azmi OBE (Waqar), predsjednik Fondacije &#8220;Remembering Srebrenica&#8221;.<\/p>\n<p>Na kraju svog obra\u0107anja Amina je pro\u010ditala &#8220;Molitvu&#8221; za sve \u017ertve genocida u nadi da se vi\u0161e nikada i nikome ne ponovi Srebrenica.<\/p>\n<p>&nbsp;<\/p>\n<\/div>\n<div><\/div>\n","protected":false},"excerpt":{"rendered":"<p>Organizacija Remembering Srebrenica je osnovana 2013. godine i sjedi\u0161te je u Birminghamu. Do sada su uspjeli da obrazuju vise od 90.000 mladih Britanaca o genocidu u Srebrenici, a organizovali se [&hellip;]<\/p>\n","protected":false},"author":1,"featured_media":10355,"comment_status":"closed","ping_status":"closed","sticky":false,"template":"","format":"standard","meta":{"site-sidebar-layout":"default","site-content-layout":"","ast-site-content-layout":"default","site-content-style":"default","site-sidebar-style":"default","ast-global-header-display":"","ast-banner-title-visibility":"","ast-main-header-display":"","ast-hfb-above-header-display":"","ast-hfb-below-header-display":"","ast-hfb-mobile-header-display":"","site-post-title":"","ast-breadcrumbs-content":"","ast-featured-img":"","footer-sml-layout":"","ast-disable-related-posts":"","theme-transparent-header-meta":"","adv-header-id-meta":"","stick-header-meta":"","header-above-stick-meta":"","header-main-stick-meta":"","header-below-stick-meta":"","astra-migrate-meta-layouts":"default","ast-page-background-enabled":"default","ast-page-background-meta":{"desktop":{"background-color":"","background-image":"","background-repeat":"repeat","background-position":"center center","background-size":"auto","background-attachment":"scroll","background-type":"","background-media":"","overlay-type":"","overlay-color":"","overlay-opacity":"","overlay-gradient":""},"tablet":{"background-color":"","background-image":"","background-repeat":"repeat","background-position":"center center","background-size":"auto","background-attachment":"scroll","background-type":"","background-media":"","overlay-type":"","overlay-color":"","overlay-opacity":"","overlay-gradient":""},"mobile":{"background-color":"","background-image":"","background-repeat":"repeat","background-position":"center center","background-size":"auto","background-attachment":"scroll","background-type":"","background-media":"","overlay-type":"","overlay-color":"","overlay-opacity":"","overlay-gradient":""}},"ast-content-background-meta":{"desktop":{"background-color":"var(--ast-global-color-5)","background-image":"","background-repeat":"repeat","background-position":"center center","background-size":"auto","background-attachment":"scroll","background-type":"","background-media":"","overlay-type":"","overlay-color":"","overlay-opacity":"","overlay-gradient":""},"tablet":{"background-color":"var(--ast-global-color-5)","background-image":"","background-repeat":"repeat","background-position":"center center","background-size":"auto","background-attachment":"scroll","background-type":"","background-media":"","overlay-type":"","overlay-color":"","overlay-opacity":"","overlay-gradient":""},"mobile":{"background-color":"var(--ast-global-color-5)","background-image":"","background-repeat":"repeat","background-position":"center center","background-size":"auto","background-attachment":"scroll","background-type":"","background-media":"","overlay-type":"","overlay-color":"","overlay-opacity":"","overlay-gradient":""}},"_themeisle_gutenberg_block_has_review":false,"footnotes":""},"categories":[6],"tags":[],"class_list":["post-3106","post","type-post","status-publish","format-standard","has-post-thumbnail","hentry","category-news-updates"],"_links":{"self":[{"href":"https:\/\/bosniauknetwork.org\/bs\/wp-json\/wp\/v2\/posts\/3106","targetHints":{"allow":["GET"]}}],"collection":[{"href":"https:\/\/bosniauknetwork.org\/bs\/wp-json\/wp\/v2\/posts"}],"about":[{"href":"https:\/\/bosniauknetwork.org\/bs\/wp-json\/wp\/v2\/types\/post"}],"author":[{"embeddable":true,"href":"https:\/\/bosniauknetwork.org\/bs\/wp-json\/wp\/v2\/users\/1"}],"replies":[{"embeddable":true,"href":"https:\/\/bosniauknetwork.org\/bs\/wp-json\/wp\/v2\/comments?post=3106"}],"version-history":[{"count":0,"href":"https:\/\/bosniauknetwork.org\/bs\/wp-json\/wp\/v2\/posts\/3106\/revisions"}],"wp:featuredmedia":[{"embeddable":true,"href":"https:\/\/bosniauknetwork.org\/bs\/wp-json\/wp\/v2\/media\/10355"}],"wp:attachment":[{"href":"https:\/\/bosniauknetwork.org\/bs\/wp-json\/wp\/v2\/media?parent=3106"}],"wp:term":[{"taxonomy":"category","embeddable":true,"href":"https:\/\/bosniauknetwork.org\/bs\/wp-json\/wp\/v2\/categories?post=3106"},{"taxonomy":"post_tag","embeddable":true,"href":"https:\/\/bosniauknetwork.org\/bs\/wp-json\/wp\/v2\/tags?post=3106"}],"curies":[{"name":"wp","href":"https:\/\/api.w.org\/{rel}","templated":true}]}}