{"id":3253,"date":"2019-03-03T11:41:42","date_gmt":"2019-03-03T11:41:42","guid":{"rendered":"https:\/\/bosniauknetwork.org\/dan-nezavisnosti-bosne-i-hercegovine-obiljezen-u-bosanskoj-kuci-u-birminghamu\/"},"modified":"2019-03-03T11:41:42","modified_gmt":"2019-03-03T11:41:42","slug":"dan-nezavisnosti-bosne-i-hercegovine-obiljezen-u-bosanskoj-kuci-u-birminghamu","status":"publish","type":"post","link":"https:\/\/bosniauknetwork.org\/bs\/dan-nezavisnosti-bosne-i-hercegovine-obiljezen-u-bosanskoj-kuci-u-birminghamu\/","title":{"rendered":"DAN NEZAVISNOSTI BOSNE I HERCEGOVINE OBILJE\u017dEN U BOSANSKOJ KU\u0106I U BIRMINGHAMU"},"content":{"rendered":"<p>&nbsp;<\/p>\n<p><em><img fetchpriority=\"high\" class=\"size-medium wp-image-3264 alignleft\" src=https:\/\/bosniauknetwork.org\/wp-content\/uploads\/2019\/03\/IMG_1440-225x300.jpg\" alt=\"\" width=\"225\" height=\"300\" \/>\u201c\u017divi nam vje\u010dno Bosno i <\/em><em>Hercegovino!\u201c , poru\u010dili su u\u010denici bosanskohercegova\u010dke dopunske \u0161kole Birmingham. <\/em><\/p>\n<p>Prvi mart, Dan nezavisnosti Bosne i Hercegovine se smatra jednim od najzna\u010dajnijih datuma u modernoj historiji BiH koji se obilje\u017eava jo\u0161 od 1992.godine. Naime, 29.februara i 1.marta 1992.godine, u Bosni i Hercegovini , odr\u017ean je referendum o nezavisnosti BiH od SFRJ. Ve\u0107ina Bosanaca i Hercegovaca izjasnila se tada pozitivno \u2013 glasali su za demokratsku i nezavisnu Bosnu i Hercegovinu, dr\u017eavu ravnopravnih gra\u0111ana.<\/p>\n<p>Iako kilometrima udaljeni od svoje mati\u010dne zemlje, gra\u0111ani BiH koji \u017eive i rade u Velikoj Britaniji okupili su se u Bosanskoj Ku\u0107i u Birminghamu da proslave ovaj zna\u010dajan datum za na\u0161u domovinu, Bosnu i <img class=\" wp-image-3268 alignright\" src=https:\/\/bosniauknetwork.org\/wp-content\/uploads\/2019\/03\/IMG_1305-300x225.jpg\" alt=\"\" width=\"328\" height=\"246\" \/>Hercegovinu. Prostorije Bosanske ku\u0107e su u jutarnjim satima bile ispunjene pjesmom, rado\u0161\u0107u, \u017euto plavim bojama te porukama o nezavisnosti drage mati\u010dne zemlje.<\/p>\n<p>Program je zapo\u010det kako to obi\u010dno biva uz intoniranje himni BiH i Velike Britanije. No, ovaj put prijatno nas je iznenadila jedna od u\u010denica, jedanaestogodi\u0161nja Emina Boli\u0107, koja je \u00a0bosanskohercegova\u010dku himnu uspje\u0161no odsvirala na svojoj flauti. U divnim odsviranim melodijama u\u017eivali su svi prisutni.<\/p>\n<p>Poslije intoniranja himne, nastavilo se sa programom. \u201eUspje\u0161nim otporom gra\u0111ana Republike Bosne i Hercegovine agresiji i zalaganjem Vlade Republike Bosne i Hercegovine za multietni\u010dku i demokratsku dr\u017eavu ravnopravnih naroda, BiH je <img class=\" wp-image-3256 alignleft\" src=https:\/\/bosniauknetwork.org\/wp-content\/uploads\/2019\/03\/VRPW7692-300x225.jpg\" alt=\"\" width=\"336\" height=\"252\" \/>o\u010duvala svoj dr\u017eavnopravni i historijski kontinuitet. Dan nezavisnosti BiH, gra\u0111ani u Velikoj Britaniji obilje\u017eavaju s rado\u0161\u0107u, sa svije\u0161\u0107u o va\u017enosti hiljadugodi\u0161nje bosanskohercegova\u010dke kulture, historije i tradicije, s osje\u0107ajem da trebaju vi\u0161e raditi za politi\u010dki, ekonomski, akademski i kulturni razvoj i bolju budu\u0107nost BiH. Okupljanje u Bosanskoj ku\u0107i da obilje\u017eimo\u00a0 Dan nezavisnosti \u00a0predstavlja izraz nade i povjerenja u plodove koje nezavisnost nosi\u201c, izjavila je na\u0161a dugogodi\u0161nja u\u010diteljica Azra Ba\u0161i\u0107.<\/p>\n<p><img loading=\"lazy\" class=\" wp-image-3272 alignright\" src=https:\/\/bosniauknetwork.org\/wp-content\/uploads\/2019\/03\/IMG_1291-1-300x225.jpg\" alt=\"\" width=\"328\" height=\"246\" \/>Prisutni su imali priliku pogledati i dokumentarni film o referendumu za nezavisnosti BiH, na osnovu kojeg su u\u010denici odigrali kviz znanja koji je su pripremili na\u0161i u\u010ditelji Eldina i Emir Boli\u0107. Na ovaj na\u010din, u\u010denici su timskim radom dokazali da se i putem kviza i igre mo\u017ee dosta nau\u010diti o Bosni i Hercegovini. Nedugo zatim, nastavilo se sa programom\u00a0 kroz recitacije i pjesme, kojim su na\u0161e mlade generacije uputile prisutnima \u010destitke povodom Dana nezavisnosti na\u0161e domovine. U\u010denici su jo\u0161 jednom pokazali da rad sa u\u010diteljima i volonterima nije bezna\u010dajan te da doprinosi o\u010duvanju i promovisanju <img loading=\"lazy\" class=\"wp-image-3258 alignleft\" src=https:\/\/bosniauknetwork.org\/wp-content\/uploads\/2019\/03\/IMG_1311-300x225.jpg\" alt=\"\" width=\"341\" height=\"256\" \/>kulturnog identiteta i maternjeg jezika. Sa bogatim aplauzima nagra\u0111eni su i \u010dlanovi grupe \u201eMladost Bosne\u201c u folklornom izvo\u0111enju pod kreativnim okom na\u0161e drage u\u010diteljice Fahire Hased\u017ei\u0107.<\/p>\n<p>\u201eZadovoljstvo mi je izraziti najbolje \u017eelje i \u010destitke povodom obilje\u017eavanja Dan nezavisnosti BiH . Folklorna grupa \u201c Mladost Bosne\u201d najbolje to radi svojim predanim izvedbama. Ove godine bogatiji smo za jo\u0161 jednu generaciju \u010dlanova , koju sa\u010dinjavaju na\u0161i najmla\u0111i od\u00a0 5 \u2013 7 godina. Izuzetno sam ponosna biti njihov folklorni instruktor, te dana\u0161njim prvim <img loading=\"lazy\" class=\" wp-image-3266 alignright\" src=https:\/\/bosniauknetwork.org\/wp-content\/uploads\/2019\/03\/QNVQ8522-1-300x225.jpg\" alt=\"\" width=\"336\" height=\"252\" \/>nastupom probili smo led. Planiramo mnogo toga, ali najva\u017enije u svemu jeste da se zabave i poka\u017eu kako se kultura ne treba i ne mo\u017ee lahko zaboraviti.\u201c, rekla je gospo\u0111a Hased\u017ei\u0107.<\/p>\n<p>Nakon programa, nastavilo se sa dru\u017eenjem uz pizze kojima su u\u010denici nagra\u0111eni za svoj trud.<\/p>\n<p><img loading=\"lazy\" class=\"alignnone  wp-image-2847\" src=https:\/\/bosniauknetwork.org\/wp-content\/uploads\/2018\/12\/Bosnia-House-3-300x152.jpg\" alt=\"\" width=\"339\" height=\"172\" \/>Svima Vama koji Bosnu i Hercegovinu nosite u srcu , \u010destitamo Prvi mart, Dan nezavisnosti BiH.<\/p>\n<p>Va\u0161 BH UK Network<\/p>\n","protected":false},"excerpt":{"rendered":"<p>&nbsp; Hercegovinu. Prostorije Bosanske ku\u0107e su u jutarnjim satima bile ispunjene pjesmom, rado\u0161\u0107u, \u017euto plavim bojama te porukama o nezavisnosti drage mati\u010dne zemlje. Program je zapo\u010det kako to obi\u010dno biva [&hellip;]<\/p>\n","protected":false},"author":1,"featured_media":10467,"comment_status":"closed","ping_status":"closed","sticky":false,"template":"","format":"standard","meta":{"site-sidebar-layout":"default","site-content-layout":"","ast-site-content-layout":"default","site-content-style":"default","site-sidebar-style":"default","ast-global-header-display":"","ast-banner-title-visibility":"","ast-main-header-display":"","ast-hfb-above-header-display":"","ast-hfb-below-header-display":"","ast-hfb-mobile-header-display":"","site-post-title":"","ast-breadcrumbs-content":"","ast-featured-img":"","footer-sml-layout":"","ast-disable-related-posts":"","theme-transparent-header-meta":"","adv-header-id-meta":"","stick-header-meta":"","header-above-stick-meta":"","header-main-stick-meta":"","header-below-stick-meta":"","astra-migrate-meta-layouts":"default","ast-page-background-enabled":"default","ast-page-background-meta":{"desktop":{"background-color":"","background-image":"","background-repeat":"repeat","background-position":"center center","background-size":"auto","background-attachment":"scroll","background-type":"","background-media":"","overlay-type":"","overlay-color":"","overlay-opacity":"","overlay-gradient":""},"tablet":{"background-color":"","background-image":"","background-repeat":"repeat","background-position":"center center","background-size":"auto","background-attachment":"scroll","background-type":"","background-media":"","overlay-type":"","overlay-color":"","overlay-opacity":"","overlay-gradient":""},"mobile":{"background-color":"","background-image":"","background-repeat":"repeat","background-position":"center center","background-size":"auto","background-attachment":"scroll","background-type":"","background-media":"","overlay-type":"","overlay-color":"","overlay-opacity":"","overlay-gradient":""}},"ast-content-background-meta":{"desktop":{"background-color":"var(--ast-global-color-5)","background-image":"","background-repeat":"repeat","background-position":"center center","background-size":"auto","background-attachment":"scroll","background-type":"","background-media":"","overlay-type":"","overlay-color":"","overlay-opacity":"","overlay-gradient":""},"tablet":{"background-color":"var(--ast-global-color-5)","background-image":"","background-repeat":"repeat","background-position":"center center","background-size":"auto","background-attachment":"scroll","background-type":"","background-media":"","overlay-type":"","overlay-color":"","overlay-opacity":"","overlay-gradient":""},"mobile":{"background-color":"var(--ast-global-color-5)","background-image":"","background-repeat":"repeat","background-position":"center center","background-size":"auto","background-attachment":"scroll","background-type":"","background-media":"","overlay-type":"","overlay-color":"","overlay-opacity":"","overlay-gradient":""}},"_themeisle_gutenberg_block_has_review":false,"footnotes":""},"categories":[6],"tags":[],"class_list":["post-3253","post","type-post","status-publish","format-standard","has-post-thumbnail","hentry","category-news-updates"],"_links":{"self":[{"href":"https:\/\/bosniauknetwork.org\/bs\/wp-json\/wp\/v2\/posts\/3253","targetHints":{"allow":["GET"]}}],"collection":[{"href":"https:\/\/bosniauknetwork.org\/bs\/wp-json\/wp\/v2\/posts"}],"about":[{"href":"https:\/\/bosniauknetwork.org\/bs\/wp-json\/wp\/v2\/types\/post"}],"author":[{"embeddable":true,"href":"https:\/\/bosniauknetwork.org\/bs\/wp-json\/wp\/v2\/users\/1"}],"replies":[{"embeddable":true,"href":"https:\/\/bosniauknetwork.org\/bs\/wp-json\/wp\/v2\/comments?post=3253"}],"version-history":[{"count":0,"href":"https:\/\/bosniauknetwork.org\/bs\/wp-json\/wp\/v2\/posts\/3253\/revisions"}],"wp:featuredmedia":[{"embeddable":true,"href":"https:\/\/bosniauknetwork.org\/bs\/wp-json\/wp\/v2\/media\/10467"}],"wp:attachment":[{"href":"https:\/\/bosniauknetwork.org\/bs\/wp-json\/wp\/v2\/media?parent=3253"}],"wp:term":[{"taxonomy":"category","embeddable":true,"href":"https:\/\/bosniauknetwork.org\/bs\/wp-json\/wp\/v2\/categories?post=3253"},{"taxonomy":"post_tag","embeddable":true,"href":"https:\/\/bosniauknetwork.org\/bs\/wp-json\/wp\/v2\/tags?post=3253"}],"curies":[{"name":"wp","href":"https:\/\/api.w.org\/{rel}","templated":true}]}}