{"id":3948,"date":"2019-05-31T13:31:50","date_gmt":"2019-05-31T13:31:50","guid":{"rendered":"https:\/\/bosniauknetwork.org\/u-velikom-parku-u-sarajevu-postavljene-slike-3-176-ubijenih-prijedorcana\/"},"modified":"2019-05-31T13:31:50","modified_gmt":"2019-05-31T13:31:50","slug":"u-velikom-parku-u-sarajevu-postavljene-slike-3-176-ubijenih-prijedorcana","status":"publish","type":"post","link":"https:\/\/bosniauknetwork.org\/bs\/u-velikom-parku-u-sarajevu-postavljene-slike-3-176-ubijenih-prijedorcana\/","title":{"rendered":"U Velikom parku u Sarajevu postavljene slike 3.176 ubijenih Prijedor\u010dana"},"content":{"rendered":"<p>SARAJEVO, (Patria) \u2013\u00a0U organizaciji nevladine organizacije AntiDayton u Velikom parku u Sarajevu postavljene su fotografije 3.176 Prijedor\u010dana ubijeni\u00a0tokom etni\u010dkog \u010di\u0161\u0107enja devedesetih, me\u0111u kojima je i 102 djece.<\/p>\n<p>Volonteri su prolaznicima dijelili bijele trake koje su stavljali oko ruke u znak sje\u0107anja na ubijene.<\/p>\n<p>&nbsp;<\/p>\n<p>Dan bijelih traka, 31. maj, simboli\u010dan je datum progla\u0161en u znak sje\u0107anja na vi\u0161e od 3.000 ubijenih stanovnika prijedorskog kraja. Obilje\u017eava se u Bosni i Hercegovini i brojnim evropskim gradovima.<\/p>\n<p>Na taj dan, vlasti bosanskih Srba su 1992. godine naredile nesrpskom stanovni\u0161tvu da nose bijele trake oko ruku, a na ku\u0107e i stanove da oka\u010de bijele \u010dar\u0161afe.<img fetchpriority=\"high\" class=\" wp-image-3950 alignright\" src=https:\/\/bosniauknetwork.org\/wp-content\/uploads\/2019\/05\/velikipark-300x225.jpg\" alt=\"\" width=\"587\" height=\"440\" \/><\/p>\n<p>Ovako je glasio poziv upu\u0107en preko Radija Prijedor 31. maja 1992. godine:<\/p>\n<p>&#8220;Gra\u0111ani srpske nacionalnosti, pridru\u017eite se svojoj vojsci i policiji u potjeri za ekstremistima. Ostali gra\u0111ani, muslimanske i hrvatske nacionalnosti, moraju na svoje ku\u0107e i stanove izvjesiti bijele zastave i na ruke staviti bijele trake. U protivnom, snosit \u0107e te\u0161ke posljedice.&#8221;<\/p>\n<p>Me\u0111unarodni dan bijelih traka u Prijedoru se obilje\u017eava mirnom \u0161etnjom kroz prijedorske ulice.<\/p>\n<p>Prema podacima Udru\u017eenja &#8220;Prijedor \\'92\u201c , do sada je registrovano 3.176 Prijedor\u010dana koji su ubijeni ili nestali tokom rata, uglavnom se radi o civilima, u najve\u0107em broju Bo\u0161njacima, zatim Hrvatima, dok su ubijeni i Romi, Albanaci kao i neki Srbi. Me\u0111u \u017ertvama je bilo i 256 \u017eena te 102 djece.<\/p>\n<p>&nbsp;<\/p>\n<p>Izvor: Patria<\/p>\n","protected":false},"excerpt":{"rendered":"<p>SARAJEVO, (Patria) \u2013\u00a0U organizaciji nevladine organizacije AntiDayton u Velikom parku u Sarajevu postavljene su fotografije 3.176 Prijedor\u010dana ubijeni\u00a0tokom etni\u010dkog \u010di\u0161\u0107enja devedesetih, me\u0111u kojima je i 102 djece. Volonteri su prolaznicima [&hellip;]<\/p>\n","protected":false},"author":1,"featured_media":10670,"comment_status":"closed","ping_status":"closed","sticky":false,"template":"","format":"standard","meta":{"site-sidebar-layout":"default","site-content-layout":"","ast-site-content-layout":"default","site-content-style":"default","site-sidebar-style":"default","ast-global-header-display":"","ast-banner-title-visibility":"","ast-main-header-display":"","ast-hfb-above-header-display":"","ast-hfb-below-header-display":"","ast-hfb-mobile-header-display":"","site-post-title":"","ast-breadcrumbs-content":"","ast-featured-img":"","footer-sml-layout":"","ast-disable-related-posts":"","theme-transparent-header-meta":"","adv-header-id-meta":"","stick-header-meta":"","header-above-stick-meta":"","header-main-stick-meta":"","header-below-stick-meta":"","astra-migrate-meta-layouts":"default","ast-page-background-enabled":"default","ast-page-background-meta":{"desktop":{"background-color":"","background-image":"","background-repeat":"repeat","background-position":"center center","background-size":"auto","background-attachment":"scroll","background-type":"","background-media":"","overlay-type":"","overlay-color":"","overlay-opacity":"","overlay-gradient":""},"tablet":{"background-color":"","background-image":"","background-repeat":"repeat","background-position":"center center","background-size":"auto","background-attachment":"scroll","background-type":"","background-media":"","overlay-type":"","overlay-color":"","overlay-opacity":"","overlay-gradient":""},"mobile":{"background-color":"","background-image":"","background-repeat":"repeat","background-position":"center center","background-size":"auto","background-attachment":"scroll","background-type":"","background-media":"","overlay-type":"","overlay-color":"","overlay-opacity":"","overlay-gradient":""}},"ast-content-background-meta":{"desktop":{"background-color":"var(--ast-global-color-5)","background-image":"","background-repeat":"repeat","background-position":"center center","background-size":"auto","background-attachment":"scroll","background-type":"","background-media":"","overlay-type":"","overlay-color":"","overlay-opacity":"","overlay-gradient":""},"tablet":{"background-color":"var(--ast-global-color-5)","background-image":"","background-repeat":"repeat","background-position":"center center","background-size":"auto","background-attachment":"scroll","background-type":"","background-media":"","overlay-type":"","overlay-color":"","overlay-opacity":"","overlay-gradient":""},"mobile":{"background-color":"var(--ast-global-color-5)","background-image":"","background-repeat":"repeat","background-position":"center center","background-size":"auto","background-attachment":"scroll","background-type":"","background-media":"","overlay-type":"","overlay-color":"","overlay-opacity":"","overlay-gradient":""}},"_themeisle_gutenberg_block_has_review":false,"footnotes":""},"categories":[6],"tags":[],"class_list":["post-3948","post","type-post","status-publish","format-standard","has-post-thumbnail","hentry","category-news-updates"],"_links":{"self":[{"href":"https:\/\/bosniauknetwork.org\/bs\/wp-json\/wp\/v2\/posts\/3948","targetHints":{"allow":["GET"]}}],"collection":[{"href":"https:\/\/bosniauknetwork.org\/bs\/wp-json\/wp\/v2\/posts"}],"about":[{"href":"https:\/\/bosniauknetwork.org\/bs\/wp-json\/wp\/v2\/types\/post"}],"author":[{"embeddable":true,"href":"https:\/\/bosniauknetwork.org\/bs\/wp-json\/wp\/v2\/users\/1"}],"replies":[{"embeddable":true,"href":"https:\/\/bosniauknetwork.org\/bs\/wp-json\/wp\/v2\/comments?post=3948"}],"version-history":[{"count":0,"href":"https:\/\/bosniauknetwork.org\/bs\/wp-json\/wp\/v2\/posts\/3948\/revisions"}],"wp:featuredmedia":[{"embeddable":true,"href":"https:\/\/bosniauknetwork.org\/bs\/wp-json\/wp\/v2\/media\/10670"}],"wp:attachment":[{"href":"https:\/\/bosniauknetwork.org\/bs\/wp-json\/wp\/v2\/media?parent=3948"}],"wp:term":[{"taxonomy":"category","embeddable":true,"href":"https:\/\/bosniauknetwork.org\/bs\/wp-json\/wp\/v2\/categories?post=3948"},{"taxonomy":"post_tag","embeddable":true,"href":"https:\/\/bosniauknetwork.org\/bs\/wp-json\/wp\/v2\/tags?post=3948"}],"curies":[{"name":"wp","href":"https:\/\/api.w.org\/{rel}","templated":true}]}}