{"id":4423,"date":"2019-08-19T13:07:24","date_gmt":"2019-08-19T13:07:24","guid":{"rendered":"https:\/\/bosniauknetwork.org\/druzenje-je-bilo-zaista-fantasticno-porucili-su-iz-mancestera\/"},"modified":"2019-08-19T13:07:24","modified_gmt":"2019-08-19T13:07:24","slug":"druzenje-je-bilo-zaista-fantasticno-porucili-su-iz-mancestera","status":"publish","type":"post","link":"https:\/\/bosniauknetwork.org\/bs\/druzenje-je-bilo-zaista-fantasticno-porucili-su-iz-mancestera\/","title":{"rendered":"Dru\u017eenje je bilo zaista fantasti\u010dno, poru\u010dili su iz Man\u010destera"},"content":{"rendered":"<p>Mi se\u00a0uvijek\u00a0radujemo\u00a0ovim\u00a0susretima, ne\u00a0samo\u00a0\u0161to\u00a0 \u00a0u\u017eivamo\u00a0u\u00a0programu\u00a0nego\u00a0i\u00a0zato\u00a0\u0161to\u00a0uvijek\u00a0podijelimo na\u0161a\u00a0iskustva\u00a0sa\u00a0drugim\u00a0\u0161kolama, \u00a0u\u010diteljima\u00a0i\u00a0\u00a0ostalim rukovodstvom\u00a0:\u00a0BiH Ambasadom, Bosnia UK Networkom\u00a0i\u00a0drugim.<\/p>\n<p>Bosanskohercegova\u010dka\u00a0dopunska\u00a0\u0161kola\u00a0iz\u00a0Man\u010destera\u00a0se\u00a0pridru\u017eila ove\u00a0godine\u00a0i\u00a0podijelila\u00a0sre\u0107u\u00a0i\u00a0uspjehe\u00a0ostalih\u00a0\u00a0\u0161kola,\u00a0ali na\u017ealost\u00a0nisu\u00a0nastupali\u00a0zbog\u00a0nedolaska\u00a0sve\u00a0djece\u00a0i obaveza\u00a0u koje\u00a0su\u00a0se\u00a0aktivno\u00a0uklju\u010dili\u00a0ove\u00a0godine: Achievement day\u00a015. Maj 2019\u00a0u Manchester\u00a0City\u00a0Council,\u00a0Poezija\u00a0Remembering Srebrenica\u00a03 Juli 2019.<\/p>\n<p>Djeca su\u00a0zaista\u00a0\u017eeljela prisustvovati\u00a0i\u00a0pripremili\u00a0su\u00a0jako\u00a0divan program, ali\u00a0smo mi\u00a0u\u010ditelji\u00a0odlu\u010dili\u00a0da\u00a0je to\u00a0preoptere\u0107enje za njih s obzirom da je samo dva dana razlike izme\u0111u drugog\u00a0nastupa.\u00a0Djeca\u00a0su pripremila\u00a0i\u00a0poslali\u00a0kratki\u00a0video\u00a0zapis,\u00a0ali\u00a0na\u017ealost\u00a0zbog tehni\u010dkih\u00a0problema\u00a0nije\u00a0bilo\u00a0mogu\u0107e\u00a0prikazati. Stoga, predstavnik \u0161kole\u00a0Sadija\u00a0Muminovi\u0107\u00a0je\u00a0uzela\u00a0u\u010de\u0161\u0107e\u00a0i zahvalila\u00a0se\u00a0na\u00a0pozivu\u00a0i\u00a0prenijela\u00a0selame\u00a0i\u00a0pozdrave\u00a0od svih\u00a0u\u010denika\u00a0i\u00a0objasnila\u00a0\u00a0njihove\u00a0razloge.\u00a0Program je bio divan,\u00a0jer\u00a0su\u00a0svi\u00a0u\u010ditelji\u00a0i\u00a0djeca\u00a0ulo\u017eili\u00a0dosta\u00a0truda\u00a0u\u00a0pripremi\u00a0programa.<\/p>\n<p>\u0160kola\u00a0iz\u00a0Birmingama\u00a0je\u00a0imala\u00a0divan\u00a0performans,\u00a0gdje\u00a0je\u00a0svako\u00a0dijete\u00a0imalo\u00a0jedno\u00a0slovo\u00a0od\u00a0rije\u010di\u00a0&#8220;Moja\u00a0Bosna&#8221;, a to\u00a0svako\u00a0po\u010detno\u00a0slovo\u00a0je\u00a0predstavljeno\u00a0sa\u00a0imenom grada\u00a0u\u00a0Bosni. \u0160kola\u00a0iz\u00a0Koventrija je\u00a0imala\u00a0tako\u0111er zapa\u017een\u00a0nastup,\u00a0gdje\u00a0su\u00a0djeca\u00a0izrecitovali\u00a0i\u00a0istakli\u00a0da politi\u010dari\u00a0ne\u00a0mije\u0161aju\u00a0kru\u0161ke\u00a0i\u00a0jabuke.\u00a0Tako\u00a0da\u00a0se\u00a0nadamo\u00a0da\u00a0\u0107emo\u00a0imati\u00a0iz\u00a0ovih\u00a0na\u0161ih\u00a0\u00a0mladih\u00a0redova generacije:\u00a0dobre\u00a0politi\u010dare,\u00a0doktore,\u00a0u\u010ditelje\u00a0i\u00a0sve\u00a0druge struke\u00a0\u00a0sa\u00a0poznavanjem\u00a0\u00a0najmanje\u00a0dva, tri\u00a0strana\u00a0jezika\u00a0akobogda.<\/p>\n<p>I\u00a0ostale\u00a0\u0161kole\u00a0iz\u00a0Derbija,\u00a0Londona,\u00a0Hertfordshire\u00a0su zaista\u00a0bili\u00a0fantasti\u010dni.\u00a0Folklor\u00a0odli\u010dan\u00a0i\u00a0\u00a0zaista,\u00a0sva\u00a0djeca su\u00a0bili\u00a0super\u00a0i\u00a0zaista\u00a0su\u00a0se\u00a0potrudili\u00a0da\u00a0pripreme\u00a0izuzetno divne\u00a0i\u00a0edukativne\u00a0programe.\u00a0Svaka\u00a0\u010dast\u00a0za\u00a0dobru organizaciju\u00a0\u00a0i\u00a0\u010destitke\u00a0u\u010diteljima\u00a0i\u00a0djeci.<\/p>\n<p>Jedna\u00a0od\u00a0<strong>va\u017enih\u00a0stvari<\/strong>\u00a0koju\u00a0treba\u00a0naglasiti\u00a0je\u00a0da\u00a0su do\u0161li programu Dana \u0160kola prisustvovati i predstavnici vlasti\u00a0iz\u00a0Bosne\u00a0i Hercegovine; zamjenik\u00a0ministra\u00a0za\u00a0ljudska prava\u00a0i\u00a0izbjeglice\u00a0Bosne\u00a0i\u00a0Hercegovine,\u00a0koji\u00a0je\u00a0<strong>li\u010dno uru\u010dio\u00a0zahvalnice\u00a0u\u010diteljima,\u00a0volonterima\u00a0i koordinatorima<\/strong>\u00a0\u0161kola\u00a0\u0161irom\u00a0Engleske.<\/p>\n<p>Zahvaljujemo\u00a0se\u00a0svima\u00a0na\u00a0predivnoj\u00a0organizacij\u00a0i dru\u017eenju, Derbiju i\u00a0Feridu\u00a0Kevri\u0107u\u00a0i\u00a0ostalim\u00a0volonterima za\u00a0organizovanje\u00a0susreta, Bosnia UK Networku\u00a0na\u00a0vo\u0111enju brige\u00a0oko\u00a0svih\u00a0\u0161kola\u00a0i\u00a0u\u010ditelja,\u00a0zamjeniku\u00a0ambasade\u00a0na lijepim\u00a0rije\u010dima\u00a0i\u00a0podr\u0161ci,\u00a0svim\u00a0\u0161kolama\u00a0na\u00a0u\u010de\u0161\u0107u,\u00a0timu Remembering Srebrenica\u00a0i\u00a0svima\u00a0ostalim\u00a0koji\u00a0su\u00a0ulo\u017eili svoje\u00a0dragocjeno\u00a0vrijeme\u00a0i\u00a0potrudili\u00a0se\u00a0maksimalno\u00a0da svi u\u017eivaju, a\u00a0posebno\u00a0posjetioci\u00a0iz\u00a0Man\u010destera,\u00a0koji\u00a0su\u00a0bili\u00a0me\u0111u\u00a0posljednjim\u00a0koji\u00a0su\u00a0napustili\u00a0Derbi, a\u00a0posebno\u00a0su\u00a0u\u017eivali\u00a0Alija\u00a0i\u00a0Ajna,\u00a0budu\u0107i\u00a0u\u010denici\u00a0Bosanske \u0161kole\u00a0u\u00a0Man\u010desteru.<\/p>\n<p>Hvala\u00a0Puno\u00a0na\u00a0pozivu\u00a0i\u00a0divnom\u00a0programu.<\/p>\n<p>Svaka\u00a0\u010dast!<\/p>\n<p>Selam\u00a0iz\u00a0Man\u010destera<\/p>\n<p>Sadija Muminovi\u0107<\/p>\n<p>&nbsp;<\/p>\n<p>&nbsp;<\/p>\n<p>&nbsp;<\/p>\n<p>&nbsp;<\/p>\n","protected":false},"excerpt":{"rendered":"<p>Mi se\u00a0uvijek\u00a0radujemo\u00a0ovim\u00a0susretima, ne\u00a0samo\u00a0\u0161to\u00a0 \u00a0u\u017eivamo\u00a0u\u00a0programu\u00a0nego\u00a0i\u00a0zato\u00a0\u0161to\u00a0uvijek\u00a0podijelimo na\u0161a\u00a0iskustva\u00a0sa\u00a0drugim\u00a0\u0161kolama, \u00a0u\u010diteljima\u00a0i\u00a0\u00a0ostalim rukovodstvom\u00a0:\u00a0BiH Ambasadom, Bosnia UK Networkom\u00a0i\u00a0drugim. Bosanskohercegova\u010dka\u00a0dopunska\u00a0\u0161kola\u00a0iz\u00a0Man\u010destera\u00a0se\u00a0pridru\u017eila ove\u00a0godine\u00a0i\u00a0podijelila\u00a0sre\u0107u\u00a0i\u00a0uspjehe\u00a0ostalih\u00a0\u00a0\u0161kola,\u00a0ali na\u017ealost\u00a0nisu\u00a0nastupali\u00a0zbog\u00a0nedolaska\u00a0sve\u00a0djece\u00a0i obaveza\u00a0u koje\u00a0su\u00a0se\u00a0aktivno\u00a0uklju\u010dili\u00a0ove\u00a0godine: Achievement day\u00a015. Maj 2019\u00a0u Manchester\u00a0City\u00a0Council,\u00a0Poezija\u00a0Remembering Srebrenica\u00a03 Juli 2019. Djeca su\u00a0zaista\u00a0\u017eeljela prisustvovati\u00a0i\u00a0pripremili\u00a0su\u00a0jako\u00a0divan program, ali\u00a0smo mi\u00a0u\u010ditelji\u00a0odlu\u010dili\u00a0da\u00a0je [&hellip;]<\/p>\n","protected":false},"author":1,"featured_media":0,"comment_status":"closed","ping_status":"closed","sticky":false,"template":"","format":"standard","meta":{"site-sidebar-layout":"default","site-content-layout":"","ast-site-content-layout":"default","site-content-style":"default","site-sidebar-style":"default","ast-global-header-display":"","ast-banner-title-visibility":"","ast-main-header-display":"","ast-hfb-above-header-display":"","ast-hfb-below-header-display":"","ast-hfb-mobile-header-display":"","site-post-title":"","ast-breadcrumbs-content":"","ast-featured-img":"","footer-sml-layout":"","ast-disable-related-posts":"","theme-transparent-header-meta":"","adv-header-id-meta":"","stick-header-meta":"","header-above-stick-meta":"","header-main-stick-meta":"","header-below-stick-meta":"","astra-migrate-meta-layouts":"default","ast-page-background-enabled":"default","ast-page-background-meta":{"desktop":{"background-color":"","background-image":"","background-repeat":"repeat","background-position":"center center","background-size":"auto","background-attachment":"scroll","background-type":"","background-media":"","overlay-type":"","overlay-color":"","overlay-opacity":"","overlay-gradient":""},"tablet":{"background-color":"","background-image":"","background-repeat":"repeat","background-position":"center center","background-size":"auto","background-attachment":"scroll","background-type":"","background-media":"","overlay-type":"","overlay-color":"","overlay-opacity":"","overlay-gradient":""},"mobile":{"background-color":"","background-image":"","background-repeat":"repeat","background-position":"center center","background-size":"auto","background-attachment":"scroll","background-type":"","background-media":"","overlay-type":"","overlay-color":"","overlay-opacity":"","overlay-gradient":""}},"ast-content-background-meta":{"desktop":{"background-color":"var(--ast-global-color-5)","background-image":"","background-repeat":"repeat","background-position":"center center","background-size":"auto","background-attachment":"scroll","background-type":"","background-media":"","overlay-type":"","overlay-color":"","overlay-opacity":"","overlay-gradient":""},"tablet":{"background-color":"var(--ast-global-color-5)","background-image":"","background-repeat":"repeat","background-position":"center center","background-size":"auto","background-attachment":"scroll","background-type":"","background-media":"","overlay-type":"","overlay-color":"","overlay-opacity":"","overlay-gradient":""},"mobile":{"background-color":"var(--ast-global-color-5)","background-image":"","background-repeat":"repeat","background-position":"center center","background-size":"auto","background-attachment":"scroll","background-type":"","background-media":"","overlay-type":"","overlay-color":"","overlay-opacity":"","overlay-gradient":""}},"_themeisle_gutenberg_block_has_review":false,"footnotes":""},"categories":[6],"tags":[],"class_list":["post-4423","post","type-post","status-publish","format-standard","hentry","category-news-updates"],"_links":{"self":[{"href":"https:\/\/bosniauknetwork.org\/bs\/wp-json\/wp\/v2\/posts\/4423","targetHints":{"allow":["GET"]}}],"collection":[{"href":"https:\/\/bosniauknetwork.org\/bs\/wp-json\/wp\/v2\/posts"}],"about":[{"href":"https:\/\/bosniauknetwork.org\/bs\/wp-json\/wp\/v2\/types\/post"}],"author":[{"embeddable":true,"href":"https:\/\/bosniauknetwork.org\/bs\/wp-json\/wp\/v2\/users\/1"}],"replies":[{"embeddable":true,"href":"https:\/\/bosniauknetwork.org\/bs\/wp-json\/wp\/v2\/comments?post=4423"}],"version-history":[{"count":0,"href":"https:\/\/bosniauknetwork.org\/bs\/wp-json\/wp\/v2\/posts\/4423\/revisions"}],"wp:attachment":[{"href":"https:\/\/bosniauknetwork.org\/bs\/wp-json\/wp\/v2\/media?parent=4423"}],"wp:term":[{"taxonomy":"category","embeddable":true,"href":"https:\/\/bosniauknetwork.org\/bs\/wp-json\/wp\/v2\/categories?post=4423"},{"taxonomy":"post_tag","embeddable":true,"href":"https:\/\/bosniauknetwork.org\/bs\/wp-json\/wp\/v2\/tags?post=4423"}],"curies":[{"name":"wp","href":"https:\/\/api.w.org\/{rel}","templated":true}]}}