{"id":4428,"date":"2019-08-20T11:42:20","date_gmt":"2019-08-20T11:42:20","guid":{"rendered":"https:\/\/bosniauknetwork.org\/nasa-djeca-nasa-najveca-pokretacka-snaga\/"},"modified":"2019-08-20T11:42:20","modified_gmt":"2019-08-20T11:42:20","slug":"nasa-djeca-nasa-najveca-pokretacka-snaga","status":"publish","type":"post","link":"https:\/\/bosniauknetwork.org\/bs\/nasa-djeca-nasa-najveca-pokretacka-snaga\/","title":{"rendered":"Na\u0161a djeca \u2013 na\u0161a najve\u0107a pokreta\u010dka snaga"},"content":{"rendered":"<p>U\u010denici bosanskohercegova\u010dkih dopunskih \u0161kola nisu samo u\u010denici, oni su djeca sa dva identiteta; bosanskohercegova\u010dkim i britanskim. Druga su generacija bosanaca i hercegovacaro\u0111enih na Ostrvu od roditelja koji su spletom okolnosti tokom rata devedesetih godina u Bosni I Hercegovini, do\u0161li u Veliku Britaniju u potrazi za spasom i boljim \u017eivotom.<\/p>\n<p>U sklopu bh.dopunske nastave u\u010de kako o\u010duvati maternji jezik I kulturu njihovih predaka.\u010cudna je du\u0161a ta na\u0161e djece.Toliko krhka, a toliko sna\u017ena.Zapla\u010du nad sitnicom, ali sna\u017eni da izdr\u017ee sve nevolje koje ih sna\u0111u. Sa tim duhom I snagom pojavili su se i dokazali na Danu \u0160kola u Derbiju. Od malena u\u010de da budu odgovorni pojedinci, gospodari svoje budu\u0107nosti i uzorni gra\u0111ani svijeta.<\/p>\n<p>Upravo na Danu \u0160kola, na\u0161a djeca polako otkrivaju svoje talente u slikanju, knji\u017eevnosti, muzici I sportu. Ovog dana, svoju kreativnost pokazali su mnogi, no ovom prilikom izdvojit \u0107emo AmiluDergi\u0107, D\u017eenituSalki\u0107, Melinu Sara\u010devi\u0107 Huji\u0107 I \u0106azima Boli\u0107a.<\/p>\n<figure id=\"attachment_4429\" aria-describedby=\"caption-attachment-4429\" style=\"width: 826px\" class=\"wp-caption alignleft\"><img fetchpriority=\"high\" class=\"wp-image-4429\" src=https:\/\/bosniauknetwork.org\/wp-content\/uploads\/2019\/08\/thumbnail_IMG_6202-283x300.jpg\" alt=\"\" width=\"826\" height=\"876\" \/><figcaption id=\"caption-attachment-4429\" class=\"wp-caption-text\"><strong><em>Amila Dergi\u0107 i Igor Ba\u0161i\u0107,ministar savjetnik ambasade BiH u Londonu<\/em><\/strong><\/figcaption><\/figure>\n<p><strong><em>Amila Dergi\u0107\u00a0<\/em><\/strong>je osvojila prvo mjesto u likovnim radovima na 21. Susretu Bosanskohercegova\u010dkih Dopunskih \u0160kola u Derbiju. Ima 10 godina i ona je djevoj\u010dica koja voli dru\u0161tvo i u\u017eiva u poha\u0111anju bh.dopunske \u0161kole. Porijeklom je iz Kozarca, te voli i\u0107i u Bosnu svake godine. Upravo dok je boravila u BiH,dobila je inspiraciju da uradi likovni rad za kojeg je osvojila 1.mjesto. U\u017eivala je u pripremama likovnog rada \u201eMoja Bosna\u201c i \u010desto pri\u010da o svojoj nagradi. Svi je znaju kao pa\u017eljivu,zanimljivu i uvijek je spremna pomo\u0107i drugima.<\/p>\n<figure id=\"attachment_4431\" aria-describedby=\"caption-attachment-4431\" style=\"width: 843px\" class=\"wp-caption alignright\"><img class=\"wp-image-4431\" src=https:\/\/bosniauknetwork.org\/wp-content\/uploads\/2019\/08\/thumbnail_IMG_6203-298x300.jpg\" alt=\"\" width=\"843\" height=\"848\" \/><figcaption id=\"caption-attachment-4431\" class=\"wp-caption-text\"><em><strong>D\u017eenita Salki\u0107 i Igor Ba\u0161i\u0107, ministar savjetnik ambasade BiH u Londonu<\/strong><\/em><\/figcaption><\/figure>\n<p style=\"text-align: left;\"><strong><em>D\u017eenita Salki\u0107\u00a0<\/em><\/strong>je osvojila drugo mjesto u likovnim radovima.Trenutno poha\u0111a 7.razred u Murray Park School u Derbiju. Svake sedmice redovno ide u bosanskohercegova\u010dku dopunsku \u0161kolu te je aktivan \u010dlan folklorne grupe od svojih 5 godina.\u00a0 Dobra je sestra svom mla\u0111em bratu Adanu.Oni koji poznaju D\u017eenitu, znaju je kao vrlo odgovornu I ljubaznu djevoj\u010dicu. Lako sklopi prijateljstva, u\u017eiva u nastupima pred publikom. Od ranih godina njeni najbli\u017ei su primijetili kreativnost I ljubav prema plesu. Voli da kreira razne stvari,najvi\u0161e koriste\u0107i lego kocke.<\/p>\n<p><strong><em>Melina\u00a0Sara\u010devi\u0107 Huji\u0107\u00a0<\/em><\/strong>je osvojila tre\u0107e mjesto u likovnim radovima. Melina\u00a0je ro\u0111ena 7.Jula 2010. U Koventriju gdje raste i poha\u0111a \u0161kolu.\u00a0Melina\u00a0je vrlo aktivna I pametna djevoj\u010dica koja uvijek pored \u00a0igranja I dru\u017eenja sa prijateljima odvoji vrijeme za u\u010denje, nova zanimanja I hobije. Tako je po\u010dela da crta I pi\u0161e o onom \u0161to vidi u \u0161koli I na TV. Svoje slobodno vrijeme je odvojila za plivanje, gimnastiku I ples, a svaku subotu je rezervisala za bh.dopunsku\u0161kolu. Zadnje tri godine na susretima Bosanskih \u0160kola uvijek donese medalju ku\u0107i za likovne radove, jednom je dobila prvo mjesto, a dva puta je dobila tre\u0107e mjesto. Voli da provede dosta vremena sa svojom bra\u0107om malim Dinom I velikim bratom Amirom, a I sa svoja dva psa, koje jako voli. U\u017eiva u parku da ih izvede I igra sa njima. Najvi\u0161e voli da ide u kupovinu sa svojom nanom koju jako voli I uvijek je jako lijepo slu\u0161a.\u00a0To je djevoj\u010dica koja voli da pomogne svima donijeti vode, pripremiti sto za ru\u010dak, pomo\u0107i bratu sa zada\u0107om, ne ostavlja prijatelje iza sebe I tako unedogled.\u00a0Melina\u00a0je veliki-mali borac, nikad se ne predaje I uvijek voli da zavr\u0161i \u0161to po\u010dne.<\/p>\n<figure id=\"attachment_4430\" aria-describedby=\"caption-attachment-4430\" style=\"width: 826px\" class=\"wp-caption alignnone\"><img class=\"wp-image-4430\" src=https:\/\/bosniauknetwork.org\/wp-content\/uploads\/2019\/08\/thumbnail_IMG_6201-300x297.jpg\" alt=\"\" width=\"826\" height=\"820\" \/><figcaption id=\"caption-attachment-4430\" class=\"wp-caption-text\"><em><strong>Melina Sara\u010devi\u0107 Huji\u0107, u\u010ditelj Senadin Selimi\u0107 i Ana Judi Gali\u0107, \u0161efica Odsjeka za statusna pitanja i informisanje iseljeni\u0161tva<\/strong><\/em><\/figcaption><\/figure>\n<p><strong><em>\u0106azim Boli\u0107 <\/em><\/strong>je osvojio pehar za najtalentovanijeg fudbalera. Ima 7 godina, i jedan je od najmla\u0111ih igra\u010da u fudbalskom timu \u201cGlades\u201d u kojem igra. Poznat je po svom osmijehu. Njegov trener Gladesa \u010desto ka\u017ee da svoje igra\u010de upravo zbuni svojim osmijehom. \u00a0Najvi\u0161e voli igrati fudbal, a u \u0161koli voli matematiku. Oni koji ga znaju, opisuju ga kao divnog dje\u010daka koji izaziva samo pozitivne vibracije.\u00a0Ne sumnjamo da \u0107e jednog dana zaigrati i u ve\u0107im fudbalskim utakmicama, te da \u0107e biti poznat kao fudbaler sa \u0161armantnim osmijehom.<\/p>\n<figure id=\"attachment_4487\" aria-describedby=\"caption-attachment-4487\" style=\"width: 896px\" class=\"wp-caption alignright\"><img loading=\"lazy\" class=\"wp-image-4487\" src=https:\/\/bosniauknetwork.org\/wp-content\/uploads\/2019\/08\/\u0106azim-Boli\u0107-e1567589924203-225x300.jpg\" alt=\"\" width=\"896\" height=\"1195\" \/><figcaption id=\"caption-attachment-4487\" class=\"wp-caption-text\"><em><strong>\u0106azim Boli\u0107 i Kemo Sara\u010d, pomo\u0107nik ministrice za ljudska prava i izbjeglice BiH<\/strong><\/em><\/figcaption><\/figure>\n","protected":false},"excerpt":{"rendered":"<p>U\u010denici bosanskohercegova\u010dkih dopunskih \u0161kola nisu samo u\u010denici, oni su djeca sa dva identiteta; bosanskohercegova\u010dkim i britanskim. Druga su generacija bosanaca i hercegovacaro\u0111enih na Ostrvu od roditelja koji su spletom okolnosti [&hellip;]<\/p>\n","protected":false},"author":1,"featured_media":10923,"comment_status":"closed","ping_status":"closed","sticky":false,"template":"","format":"standard","meta":{"site-sidebar-layout":"default","site-content-layout":"","ast-site-content-layout":"default","site-content-style":"default","site-sidebar-style":"default","ast-global-header-display":"","ast-banner-title-visibility":"","ast-main-header-display":"","ast-hfb-above-header-display":"","ast-hfb-below-header-display":"","ast-hfb-mobile-header-display":"","site-post-title":"","ast-breadcrumbs-content":"","ast-featured-img":"","footer-sml-layout":"","ast-disable-related-posts":"","theme-transparent-header-meta":"","adv-header-id-meta":"","stick-header-meta":"","header-above-stick-meta":"","header-main-stick-meta":"","header-below-stick-meta":"","astra-migrate-meta-layouts":"default","ast-page-background-enabled":"default","ast-page-background-meta":{"desktop":{"background-color":"","background-image":"","background-repeat":"repeat","background-position":"center center","background-size":"auto","background-attachment":"scroll","background-type":"","background-media":"","overlay-type":"","overlay-color":"","overlay-opacity":"","overlay-gradient":""},"tablet":{"background-color":"","background-image":"","background-repeat":"repeat","background-position":"center center","background-size":"auto","background-attachment":"scroll","background-type":"","background-media":"","overlay-type":"","overlay-color":"","overlay-opacity":"","overlay-gradient":""},"mobile":{"background-color":"","background-image":"","background-repeat":"repeat","background-position":"center center","background-size":"auto","background-attachment":"scroll","background-type":"","background-media":"","overlay-type":"","overlay-color":"","overlay-opacity":"","overlay-gradient":""}},"ast-content-background-meta":{"desktop":{"background-color":"var(--ast-global-color-5)","background-image":"","background-repeat":"repeat","background-position":"center center","background-size":"auto","background-attachment":"scroll","background-type":"","background-media":"","overlay-type":"","overlay-color":"","overlay-opacity":"","overlay-gradient":""},"tablet":{"background-color":"var(--ast-global-color-5)","background-image":"","background-repeat":"repeat","background-position":"center center","background-size":"auto","background-attachment":"scroll","background-type":"","background-media":"","overlay-type":"","overlay-color":"","overlay-opacity":"","overlay-gradient":""},"mobile":{"background-color":"var(--ast-global-color-5)","background-image":"","background-repeat":"repeat","background-position":"center center","background-size":"auto","background-attachment":"scroll","background-type":"","background-media":"","overlay-type":"","overlay-color":"","overlay-opacity":"","overlay-gradient":""}},"_themeisle_gutenberg_block_has_review":false,"footnotes":""},"categories":[6],"tags":[],"class_list":["post-4428","post","type-post","status-publish","format-standard","has-post-thumbnail","hentry","category-news-updates"],"_links":{"self":[{"href":"https:\/\/bosniauknetwork.org\/bs\/wp-json\/wp\/v2\/posts\/4428","targetHints":{"allow":["GET"]}}],"collection":[{"href":"https:\/\/bosniauknetwork.org\/bs\/wp-json\/wp\/v2\/posts"}],"about":[{"href":"https:\/\/bosniauknetwork.org\/bs\/wp-json\/wp\/v2\/types\/post"}],"author":[{"embeddable":true,"href":"https:\/\/bosniauknetwork.org\/bs\/wp-json\/wp\/v2\/users\/1"}],"replies":[{"embeddable":true,"href":"https:\/\/bosniauknetwork.org\/bs\/wp-json\/wp\/v2\/comments?post=4428"}],"version-history":[{"count":0,"href":"https:\/\/bosniauknetwork.org\/bs\/wp-json\/wp\/v2\/posts\/4428\/revisions"}],"wp:featuredmedia":[{"embeddable":true,"href":"https:\/\/bosniauknetwork.org\/bs\/wp-json\/wp\/v2\/media\/10923"}],"wp:attachment":[{"href":"https:\/\/bosniauknetwork.org\/bs\/wp-json\/wp\/v2\/media?parent=4428"}],"wp:term":[{"taxonomy":"category","embeddable":true,"href":"https:\/\/bosniauknetwork.org\/bs\/wp-json\/wp\/v2\/categories?post=4428"},{"taxonomy":"post_tag","embeddable":true,"href":"https:\/\/bosniauknetwork.org\/bs\/wp-json\/wp\/v2\/tags?post=4428"}],"curies":[{"name":"wp","href":"https:\/\/api.w.org\/{rel}","templated":true}]}}