{"id":5080,"date":"2020-01-15T11:42:30","date_gmt":"2020-01-15T11:42:30","guid":{"rendered":"https:\/\/bosniauknetwork.org\/za-ljepse-dane-u-klupi-pomozimo-djeci-da-dobiju-skolsku-opremu\/"},"modified":"2020-01-15T11:42:30","modified_gmt":"2020-01-15T11:42:30","slug":"za-ljepse-dane-u-klupi-pomozimo-djeci-da-dobiju-skolsku-opremu","status":"publish","type":"post","link":"https:\/\/bosniauknetwork.org\/bs\/za-ljepse-dane-u-klupi-pomozimo-djeci-da-dobiju-skolsku-opremu\/","title":{"rendered":"Za ljep\u0161e dane u klupi: Pomozimo djeci da dobiju \u0161kolsku opremu"},"content":{"rendered":"<figure id=\"attachment_5083\" aria-describedby=\"caption-attachment-5083\" style=\"width: 355px\" class=\"wp-caption alignleft\"><img fetchpriority=\"high\" class=\"wp-image-5083\" src=https:\/\/bosniauknetwork.org\/wp-content\/uploads\/2020\/01\/74523235_2378626125719059_8898420519250952192_o-300x225.jpg\" alt=\"\" width=\"355\" height=\"266\" \/><figcaption id=\"caption-attachment-5083\" class=\"wp-caption-text\">U\u010denici O\u0160 &#8220;Podora\u0161je&#8221;<\/figcaption><\/figure>\n<p><strong>O aplikantu<\/strong><\/p>\n<p>Prva \u0161kola na na\u0161em podru\u010dju po\u010dela je sa radom 1874. godine i rad u toj \u0161koli odvija se do po\u010detka Drugog svjetskog rata, ta\u010dnije do 1940. godine. Poslije pomenutog rata \u0161kola je sru\u0161ena a materijal upotrebljen za izgradnju osnovne \u0161kole u Podora\u0161ju. \u0160kola u Podora\u0161ju po\u010dinje sa radom 1947. godine u lokalnom mektebu, da bi 1949. godine bila izgra\u0111ena prva \u0161kolska zgrada sa dvije u\u010dionice, kancelarijskim prostorom i stanom za u\u010ditelje.<\/p>\n<p>Objekat centralne \u0161kole u Podora\u0161ju, kao i sama \u0161kola jedna je od najstarijih obrazovnih ustanova na podru\u010dnu grada Srebrenik. Na\u0161a \u0161kola trenutno broji 442 u\u010denika i 54 zaposlenika. Posebno smo ponosni na \u010dinjenicu da smo jedna od najuspje\u0161nijih \u0161kola u Tuzlanskom kantonu i mo\u017eemo se pohvaliti mnogobrojnim nagradama koje na\u0161i u\u010denici osvajaju na op\u0161tinskim, kantonalnim i dr\u017eavnim takmi\u010denjima.<\/p>\n<p>Javna ustanova Osnovna \u0161kola \u201ePodora\u0161je\u201c Podora\u0161je, Srebrenik, na svom \u0161kolskom podru\u010dju organizira rad podru\u010dnih \u0161kola:<\/p>\n<p>&#8211; Podru\u010dna \u010detverorazredna \u0161kola Jasenica<\/p>\n<p>&#8211; Podru\u010dna \u010detverorazredna \u0161kola Lisovi\u0107i<\/p>\n<p>&#8211; Podru\u010dna \u010detverorazredna \u0161kola Zahirovi\u0107i<\/p>\n<p>&#8211; Podru\u010dna devetogodi\u0161nja \u0161kola Gornja Mao\u010da<\/p>\n<p>Sve na\u0161e podru\u010dne \u0161kole rade u izuzetno te\u0161kim uslovima bez odgovaraju\u0107e opreme za rad.<\/p>\n<p>Podru\u010dne \u0161kola u Lisovi\u0107ima, Zahirovi\u0107ima i Jasenici su gra\u0111ene u periodu od 1953 do 1958 godine i u jako su te\u0161kom stanju. Sve zgrade su u jako lo\u0161em stanju, zidovi su popucali, krovovi proki\u0161njavaju, stolarija na \u0161kolama je iz osamdesetih godina \u0161to ote\u017eava zagrijavanje \u0161kolskih prostorija. Posebno nas zabrinjava \u010dinjenica da je na\u0161a podru\u010dna \u0161kola u Lisovi\u0107ima jedina javna ustanova u Bosni i Hercegovini koja je o\u0161te\u0107ena u zemljotresu koji je pogodio na\u0161u dr\u017eavu 30.08.2019. godine.<\/p>\n<p>Posebno, najte\u017ee i najkriti\u010dnije stanje je u podru\u010dnoj devetogodi\u0161njoj \u0161koli Gornja Mao\u010da u Gornjoj Mao\u010di. Navedena \u0161kola Gornja Mao\u010da je izgra\u0111ena 1966 godine i udaljena je od centralne \u0161kole 75 kilometara. Putna komunikacija je ote\u017eana i do nje se dolazi dijelom i makadamskim putem koji je u katastrofalnom stanju. Me\u0111utim raduje nas \u010dinjenica da se svake godine broj djece upisanih polaznika u tu podru\u010dnoj \u0161koli pove\u0107ava, tako da ove godine imamo upisana 63 u\u010denika, \u0161to nas, sada u vremenu kada broj u\u010denika u gotovo svim \u0161kolama u BiH rapidno opada, \u010dini jako sretnim. S tim u vezi, navedeni podaci nas obavezuju da tim u\u010denicima obezbijedimo \u0161to bolje uslove za njihovo \u0161kolovanje. Osim putne komunikacije problem tako\u0111er predstavlja i to \u0161to je ve\u0107ina u\u010denika jako lo\u0161eg materijalnog stanja.<\/p>\n<p>\u0160kolski inventar i pribor za rad koji se koristi svakodnevno je u jako lo\u0161em stanju. Na\u017ealost nastavnici su primorani da koriste starija nastavna sredstva i pomagala, dok \u0161kolski inventar (stolovi i stolice) koji se tako\u0111er koristi u izvo\u0111enju nastave je kupljen prije rata i samim time je jako star i istro\u0161en. Najte\u017ea situacija je za predmet informatike jer se nastava izvodi prije svega prakti\u010dno uz kori\u0161tenje ra\u010dunara a ra\u010dunari u toj podru\u010dnoj \u0161koli su nabavljena prije 10 godina i velika ve\u0107ina njih vi\u0161e i nije u funkciji.<\/p>\n<p>Objekat centralne \u0161kole u Podora\u0161ju je izgra\u0111en 1976 godine i zahvaljuju\u0107i donaciji Ambasadi SAD renovirana je 2018 godine. Objekat centralne \u0161kole ima ukupno 8 kabineta i 2 u\u010dionice za u\u010denike razredne nastave. Problem u centralnoj \u0161koli predstavlja sistem centralnog grijanja koji je ura\u0111en sedamdesetih godina pro\u0161log vijeka. Radijatori su jako stari, cijevi su dotrajale i \u010desto pucaju, \u0161to nam ote\u017eava normalno odvijanje nastavnog procesa.<\/p>\n<p>Me\u0111utim, problem koji zajedni\u010dki poga\u0111a i centralnu i sve podru\u010dne \u010dkole je nedostatak kvalitetnog \u0161kolskog inventara. Klupe, stolice i table u centralnoj \u0161koli su nabavljene krajem devedestih godina pro\u0161log vijeka, dok je u podru\u010dnim \u0161kolama stanje jo\u0161 i gore. Ve\u0107ina \u0161kolskog inventara u podru\u010dnim \u0161kolama je iz osamdesetih godina pro\u0161log vijeka, \u0161to za nas predstavlja poraznu \u010dinjenicu.<\/p>\n<p>&nbsp;<\/p>\n<p><strong>Broj odjeljenja i u\u010denika:<\/strong><\/p>\n<p><strong>Centralna \u0161kola u Podora\u0161ju \u2013 14 odjeljenja; 289 u\u010denika<\/strong><\/p>\n<p><strong>Podru\u010dna \u0161kola u Lisovi\u0107ima \u2013 2 odjeljenja; 38 u\u010denika<\/strong><\/p>\n<p><strong>Podru\u010dna \u0161kola u Zahirovi\u0107ima \u2013 2 odjeljenja; 32 u\u010denika<\/strong><\/p>\n<p><strong>Podru\u010dna \u0161kola u Jasenici \u2013 2 odjeljenja; 20 u\u010denika<\/strong><\/p>\n<p><strong>Podru\u010dna \u0161kola u Gornjoj Mao\u010di \u2013 5 odjeljenja; 63 u\u010denika<\/strong><\/p>\n<p><strong>Ukupan broj u\u010denika u JUO\u0160 \u201ePodora\u0161je\u201c je 442.<\/strong><\/p>\n<p><strong>Centralna \u0161kola posjeduje kabinet informatike sa 14 ra\u010dunara, koji su na\u017ealost zastarjeli. Podru\u010dna devetogodi\u0161nja \u0161kola u Gornjoj Mao\u010di na\u017ealost ne posjeduje ni jedan ra\u010dunar, a potrebno je 6 ra\u010dunara.<\/strong><\/p>\n<p>Za pomo\u0107 u nabavci namje\u0161taja i nastavnih pomagala smo se obratili humanitarna organizaciji Bo\u0161njaka u Danskoj \u201dMost-bro\u201d, koja djeluje u sklopu Islamske zajednice Bo\u0161njaka u Danskoj, gdje su zastupljeni predstavnici iz svih 14 d\u017eemata. Organizacija se bavi sakupljanjem i dijeljenjem humanitarne pomo\u0107i i donacija u Bosni i Hercegovini. Poslijednjih nekoliko godina ukazuje se ogromna potreba za \u0161kolskim inventarom u Bosni i Hercegovini te se organizacija usmjerila i u tom pravcu. Do sada je u \u0161kole u Bosni i Hercegovini upu\u0107eno na desetine kamiona sa \u0161kolskim tablama, stolicama, stolovima, kompjuterima, projektorima i ostalim sitnim inventarom. Spomenuta organizacija ima dogovor sa tamo\u0161njim Ministarstvom obrazovanja, taj dogovor se odnosi na \u0161kolski inventar koji Ministarstvo poklanja organizaciji \u201eMost bro\u201c a nakon toga, ova organizacija poklanja \u0161kolsku opremu \u0161kolama smje\u0161tenim u Bosni i Hercegovini. <strong><em>Kada smo stupili u kontakt sa spomenutom organizacijom, naglasili su nam da je na\u0161a \u0161kola du\u017ena da obezbijedi sredstva za transport \u0161kolske opreme. Iz njihovog iskustva transport i papirologija za ovakav vid pomo\u0107i iznosi 5400 KM. Na\u017ealost na\u0161a \u0161kola nije u mogu\u0107nosti obezbijediti kompletan iznos za tro\u0161kove transporta, te se stoga obra\u0107amo Vama za pomo\u0107 u pribavljanju jako kvalitetne opreme koja \u0107e, sigurno, poslu\u017eiti mnogim generacijama koje dolaze.<\/em><\/strong><\/p>\n<p>&nbsp;<\/p>\n<p>&nbsp;<\/p>\n<p>V.D. Direktor \u0161kole<\/p>\n<p>\/Hrusti\u0107 Armin\/<\/p>\n","protected":false},"excerpt":{"rendered":"<p>O aplikantu Prva \u0161kola na na\u0161em podru\u010dju po\u010dela je sa radom 1874. godine i rad u toj \u0161koli odvija se do po\u010detka Drugog svjetskog rata, ta\u010dnije do 1940. godine. Poslije [&hellip;]<\/p>\n","protected":false},"author":1,"featured_media":11286,"comment_status":"closed","ping_status":"closed","sticky":false,"template":"","format":"standard","meta":{"site-sidebar-layout":"default","site-content-layout":"","ast-site-content-layout":"default","site-content-style":"default","site-sidebar-style":"default","ast-global-header-display":"","ast-banner-title-visibility":"","ast-main-header-display":"","ast-hfb-above-header-display":"","ast-hfb-below-header-display":"","ast-hfb-mobile-header-display":"","site-post-title":"","ast-breadcrumbs-content":"","ast-featured-img":"","footer-sml-layout":"","ast-disable-related-posts":"","theme-transparent-header-meta":"","adv-header-id-meta":"","stick-header-meta":"","header-above-stick-meta":"","header-main-stick-meta":"","header-below-stick-meta":"","astra-migrate-meta-layouts":"default","ast-page-background-enabled":"default","ast-page-background-meta":{"desktop":{"background-color":"","background-image":"","background-repeat":"repeat","background-position":"center center","background-size":"auto","background-attachment":"scroll","background-type":"","background-media":"","overlay-type":"","overlay-color":"","overlay-opacity":"","overlay-gradient":""},"tablet":{"background-color":"","background-image":"","background-repeat":"repeat","background-position":"center center","background-size":"auto","background-attachment":"scroll","background-type":"","background-media":"","overlay-type":"","overlay-color":"","overlay-opacity":"","overlay-gradient":""},"mobile":{"background-color":"","background-image":"","background-repeat":"repeat","background-position":"center center","background-size":"auto","background-attachment":"scroll","background-type":"","background-media":"","overlay-type":"","overlay-color":"","overlay-opacity":"","overlay-gradient":""}},"ast-content-background-meta":{"desktop":{"background-color":"var(--ast-global-color-5)","background-image":"","background-repeat":"repeat","background-position":"center center","background-size":"auto","background-attachment":"scroll","background-type":"","background-media":"","overlay-type":"","overlay-color":"","overlay-opacity":"","overlay-gradient":""},"tablet":{"background-color":"var(--ast-global-color-5)","background-image":"","background-repeat":"repeat","background-position":"center center","background-size":"auto","background-attachment":"scroll","background-type":"","background-media":"","overlay-type":"","overlay-color":"","overlay-opacity":"","overlay-gradient":""},"mobile":{"background-color":"var(--ast-global-color-5)","background-image":"","background-repeat":"repeat","background-position":"center center","background-size":"auto","background-attachment":"scroll","background-type":"","background-media":"","overlay-type":"","overlay-color":"","overlay-opacity":"","overlay-gradient":""}},"_themeisle_gutenberg_block_has_review":false,"footnotes":""},"categories":[6],"tags":[],"class_list":["post-5080","post","type-post","status-publish","format-standard","has-post-thumbnail","hentry","category-news-updates"],"_links":{"self":[{"href":"https:\/\/bosniauknetwork.org\/bs\/wp-json\/wp\/v2\/posts\/5080","targetHints":{"allow":["GET"]}}],"collection":[{"href":"https:\/\/bosniauknetwork.org\/bs\/wp-json\/wp\/v2\/posts"}],"about":[{"href":"https:\/\/bosniauknetwork.org\/bs\/wp-json\/wp\/v2\/types\/post"}],"author":[{"embeddable":true,"href":"https:\/\/bosniauknetwork.org\/bs\/wp-json\/wp\/v2\/users\/1"}],"replies":[{"embeddable":true,"href":"https:\/\/bosniauknetwork.org\/bs\/wp-json\/wp\/v2\/comments?post=5080"}],"version-history":[{"count":0,"href":"https:\/\/bosniauknetwork.org\/bs\/wp-json\/wp\/v2\/posts\/5080\/revisions"}],"wp:featuredmedia":[{"embeddable":true,"href":"https:\/\/bosniauknetwork.org\/bs\/wp-json\/wp\/v2\/media\/11286"}],"wp:attachment":[{"href":"https:\/\/bosniauknetwork.org\/bs\/wp-json\/wp\/v2\/media?parent=5080"}],"wp:term":[{"taxonomy":"category","embeddable":true,"href":"https:\/\/bosniauknetwork.org\/bs\/wp-json\/wp\/v2\/categories?post=5080"},{"taxonomy":"post_tag","embeddable":true,"href":"https:\/\/bosniauknetwork.org\/bs\/wp-json\/wp\/v2\/tags?post=5080"}],"curies":[{"name":"wp","href":"https:\/\/api.w.org\/{rel}","templated":true}]}}