{"id":5087,"date":"2019-11-22T11:43:49","date_gmt":"2019-11-22T11:43:49","guid":{"rendered":"https:\/\/bosniauknetwork.org\/clanovi-delegacije-saveza-bh-udruzenja-u-posjeti-rotterdamu\/"},"modified":"2019-11-22T11:43:49","modified_gmt":"2019-11-22T11:43:49","slug":"clanovi-delegacije-saveza-bh-udruzenja-u-posjeti-rotterdamu","status":"publish","type":"post","link":"https:\/\/bosniauknetwork.org\/bs\/clanovi-delegacije-saveza-bh-udruzenja-u-posjeti-rotterdamu\/","title":{"rendered":"\u010clanovi delegacije Saveza bh. udru\u017eenja u posjeti Rotterdamu"},"content":{"rendered":"<p><strong>\u00a0<\/strong><strong>U periodu od 22. do 24. novembra\u00a0u Rotterdamu (Holandija) odr\u017ean je sastanak \u010dlanova Glavnog odbora Svjetskog saveza dijaspore BiH,\u00a0a doma\u0107in sastanka bio je Platforma BiH.<\/strong><strong>\u00a0<\/strong><\/p>\n<p>Pored redovnih aktivnosti koje su predvi\u0111ene planom rada za 2019. godinu \u010dlanovi GO SSDBiH su boravili i u posjeti ambasadi BiH u Den Hagu. Prijemu \u00a0su prisustvovali i ambasadorica BiH u Holandiji, njena ekselencija Mirsada \u010colakovi\u0107.<\/p>\n<p>U subotu 23. novembra 2019. godine \u010dlanovi GO SSD BiH su boravili u posjeti udru\u017eenju BIHRO. Prigodnim kulturno-umjetni\u010dkim programom obilje\u017eili su Dan dr\u017eavnosti Bosne i Hercegovine.<\/p>\n<p>U programu su u\u010destvovali folklor i hor, kao i dje\u010diji program. Poslije oficijelnog dijela planiran je zabavni program,\u00a0a zabavu su uveli\u010dali Blimp Band iz Rotterdama. Ovom prigodom, Platforma BiH je iskoristila priliku i dodijelila dpriznanja pojedincima i organizacijama koje su svojim djelovanjem dale zna\u010dajan doprinos bh. dru\u0161tvu u Holandiji i u Bosni i Hercegovini.<\/p>\n<p>Bosnia UK Network se ovom prilikom zahvaljuju organizatoru SSD BiH i vrijednim doma\u0107inima\u00a0Platformi BiH, te udru\u017eenju BIHRO na srda\u010dnom do\u010deku i gostoprimstvu.<\/p>\n","protected":false},"excerpt":{"rendered":"<p>\u00a0U periodu od 22. do 24. novembra\u00a0u Rotterdamu (Holandija) odr\u017ean je sastanak \u010dlanova Glavnog odbora Svjetskog saveza dijaspore BiH,\u00a0a doma\u0107in sastanka bio je Platforma BiH.\u00a0 Pored redovnih aktivnosti koje su [&hellip;]<\/p>\n","protected":false},"author":1,"featured_media":0,"comment_status":"closed","ping_status":"closed","sticky":false,"template":"","format":"standard","meta":{"site-sidebar-layout":"default","site-content-layout":"","ast-site-content-layout":"default","site-content-style":"default","site-sidebar-style":"default","ast-global-header-display":"","ast-banner-title-visibility":"","ast-main-header-display":"","ast-hfb-above-header-display":"","ast-hfb-below-header-display":"","ast-hfb-mobile-header-display":"","site-post-title":"","ast-breadcrumbs-content":"","ast-featured-img":"","footer-sml-layout":"","ast-disable-related-posts":"","theme-transparent-header-meta":"","adv-header-id-meta":"","stick-header-meta":"","header-above-stick-meta":"","header-main-stick-meta":"","header-below-stick-meta":"","astra-migrate-meta-layouts":"default","ast-page-background-enabled":"default","ast-page-background-meta":{"desktop":{"background-color":"","background-image":"","background-repeat":"repeat","background-position":"center center","background-size":"auto","background-attachment":"scroll","background-type":"","background-media":"","overlay-type":"","overlay-color":"","overlay-opacity":"","overlay-gradient":""},"tablet":{"background-color":"","background-image":"","background-repeat":"repeat","background-position":"center center","background-size":"auto","background-attachment":"scroll","background-type":"","background-media":"","overlay-type":"","overlay-color":"","overlay-opacity":"","overlay-gradient":""},"mobile":{"background-color":"","background-image":"","background-repeat":"repeat","background-position":"center center","background-size":"auto","background-attachment":"scroll","background-type":"","background-media":"","overlay-type":"","overlay-color":"","overlay-opacity":"","overlay-gradient":""}},"ast-content-background-meta":{"desktop":{"background-color":"var(--ast-global-color-5)","background-image":"","background-repeat":"repeat","background-position":"center center","background-size":"auto","background-attachment":"scroll","background-type":"","background-media":"","overlay-type":"","overlay-color":"","overlay-opacity":"","overlay-gradient":""},"tablet":{"background-color":"var(--ast-global-color-5)","background-image":"","background-repeat":"repeat","background-position":"center center","background-size":"auto","background-attachment":"scroll","background-type":"","background-media":"","overlay-type":"","overlay-color":"","overlay-opacity":"","overlay-gradient":""},"mobile":{"background-color":"var(--ast-global-color-5)","background-image":"","background-repeat":"repeat","background-position":"center center","background-size":"auto","background-attachment":"scroll","background-type":"","background-media":"","overlay-type":"","overlay-color":"","overlay-opacity":"","overlay-gradient":""}},"_themeisle_gutenberg_block_has_review":false,"footnotes":""},"categories":[6],"tags":[],"class_list":["post-5087","post","type-post","status-publish","format-standard","hentry","category-news-updates"],"_links":{"self":[{"href":"https:\/\/bosniauknetwork.org\/bs\/wp-json\/wp\/v2\/posts\/5087","targetHints":{"allow":["GET"]}}],"collection":[{"href":"https:\/\/bosniauknetwork.org\/bs\/wp-json\/wp\/v2\/posts"}],"about":[{"href":"https:\/\/bosniauknetwork.org\/bs\/wp-json\/wp\/v2\/types\/post"}],"author":[{"embeddable":true,"href":"https:\/\/bosniauknetwork.org\/bs\/wp-json\/wp\/v2\/users\/1"}],"replies":[{"embeddable":true,"href":"https:\/\/bosniauknetwork.org\/bs\/wp-json\/wp\/v2\/comments?post=5087"}],"version-history":[{"count":0,"href":"https:\/\/bosniauknetwork.org\/bs\/wp-json\/wp\/v2\/posts\/5087\/revisions"}],"wp:attachment":[{"href":"https:\/\/bosniauknetwork.org\/bs\/wp-json\/wp\/v2\/media?parent=5087"}],"wp:term":[{"taxonomy":"category","embeddable":true,"href":"https:\/\/bosniauknetwork.org\/bs\/wp-json\/wp\/v2\/categories?post=5087"},{"taxonomy":"post_tag","embeddable":true,"href":"https:\/\/bosniauknetwork.org\/bs\/wp-json\/wp\/v2\/tags?post=5087"}],"curies":[{"name":"wp","href":"https:\/\/api.w.org\/{rel}","templated":true}]}}