{"id":5132,"date":"2020-01-26T11:36:01","date_gmt":"2020-01-26T11:36:01","guid":{"rendered":"https:\/\/bosniauknetwork.org\/u-birminghamu-obiljezen-medunarodni-dan-sjecanja-za-zrtve-holokausta\/"},"modified":"2020-01-26T11:36:01","modified_gmt":"2020-01-26T11:36:01","slug":"u-birminghamu-obiljezen-medunarodni-dan-sjecanja-za-zrtve-holokausta","status":"publish","type":"post","link":"https:\/\/bosniauknetwork.org\/bs\/u-birminghamu-obiljezen-medunarodni-dan-sjecanja-za-zrtve-holokausta\/","title":{"rendered":"U Birminghamu obilje\u017een me\u0111unarodni dan sje\u0107anja za \u017ertve Holokausta"},"content":{"rendered":"<figure id=\"attachment_5141\" aria-describedby=\"caption-attachment-5141\" style=\"width: 329px\" class=\"wp-caption alignleft\"><img fetchpriority=\"high\" class=\"wp-image-5141\" src=https:\/\/bosniauknetwork.org\/wp-content\/uploads\/2020\/01\/DSC00196-002-1-300x225.jpg\" alt=\"\" width=\"329\" height=\"247\" \/><figcaption id=\"caption-attachment-5141\" class=\"wp-caption-text\"><em><strong>Ceremonija paljenja svije\u0107a<\/strong><\/em><\/figcaption><\/figure>\n<p>U op\u0161tini Birmingam je odr\u017eana ceremonija povodom obilje\u017eavanja me\u0111unarodnog dana sje\u0107anja na \u017ertve Holokausta. Dan sje\u0107anja na holokaust obilje\u017eava \u017ertve i pre\u017eivjele progone holokausta i nacista, ali i drugih genocida \u0161irom svijeta. Ove se godine obilje\u017eava 75. godi\u0161njica osloba\u0111anja Auschwitza i 25. godi\u0161njica genocida u Bosni.<\/p>\n<p>Ovogodi\u0161nja tema je \u201cStand together\u201d. Istra\u017euje kako su genocidni re\u017eimi kroz historiju namjerno razbili dru\u0161tva marginaliziranjem odre\u0111enih grupa i kako te taktike mogu biti izazvane\u00a0govorom protiv mr\u017enje i ugnjetavanja te od strane pojedinaca koji stanu uz svoje kom\u0161ije.<\/p>\n<figure id=\"attachment_5135\" aria-describedby=\"caption-attachment-5135\" style=\"width: 300px\" class=\"wp-caption alignright\"><img class=\"wp-image-5135 size-medium\" src=https:\/\/bosniauknetwork.org\/wp-content\/uploads\/2020\/01\/IMG_7132-300x255.jpg\" alt=\"\" width=\"300\" height=\"255\" \/><figcaption id=\"caption-attachment-5135\" class=\"wp-caption-text\"><em><strong>Rije\u010di Hatid\u017ee Mehmedovi\u0107<\/strong><\/em><\/figcaption><\/figure>\n<p>Uvodna rije\u010d pripala je vije\u0107niku \u00a0John Cotton, \u010dlanu kabineta za sigurnost i ravnopravnost zajednica. Gradona\u010delnik Mohammed Azim je tako\u0111e bio prisutan , a zapo\u010deo je ceremoniju paljenja svije\u0107a. U ime bh.zajednice svije\u0107u je zapalila Sanela Sara\u010devi\u0107 Huji\u0107. Povodom 25. godi\u0161njice srebreni\u010dkog genocida, svije\u0107u je zapalila u znak sje\u0107anja na sve \u017ertve zlo\u010dina i genocida \u0161irom svijeta i na one koji su i dalje ubijani u ratovima, sukobima i zlo\u010dinima iz mr\u017enje.<\/p>\n<p>Poslije toga je minutom \u0161utnje odata po\u010dast svim nastradalim \u017ertvama Holokausta.<br \/>\nJedna od govornica je bila i gospo\u0111a Mindu Horwick koja je pre\u017eivjela strahote Au\u0161vica. U\u010denice iz Bordesley \u0161kole za djevojke tako\u0111er su se osvrnule na ono \u0161to im zna\u010di Dan sje\u0107anja na holokaust. Prisutni su imali priliku pogledati kratki dokumentarni film \u201cStand together\u201d.<\/p>\n<p><img class=\" wp-image-5137 alignleft\" src=https:\/\/bosniauknetwork.org\/wp-content\/uploads\/2020\/01\/IMG_7137-002-300x225.jpg\" alt=\"\" width=\"216\" height=\"162\" \/>Program je propra\u0107en uz muziku i molitve &#8211; uklju\u010duju\u0107i nastupe Simone Schehtman, Kirsty Robinson, hora Kol Kinor i mladog pjesnika, Aliyah Beguma. Vrlo je va\u017eno sjetiti se svih tih nedu\u017enih \u017ertava \u00a0i odati im po\u010dast. Ujedno to je i poruka svim\u00a0 budu\u0107im generacijama da\u00a0 moramo sebi izgraditi dru\u0161tvo u\u00a0 kojemu se genocid nikada vi\u0161e ne smije ponoviti.<\/p>\n<p>&nbsp;<\/p>\n<p>&nbsp;<\/p>\n<p>&nbsp;<\/p>\n<figure id=\"attachment_5139\" aria-describedby=\"caption-attachment-5139\" style=\"width: 686px\" class=\"wp-caption alignnone\"><img loading=\"lazy\" class=\"wp-image-5139\" src=https:\/\/bosniauknetwork.org\/wp-content\/uploads\/2020\/01\/DSC00199-002-300x118.jpg\" alt=\"\" width=\"686\" height=\"270\" \/><figcaption id=\"caption-attachment-5139\" class=\"wp-caption-text\"><em><strong>\u00a0Hor &#8220;Kol Kinor&#8221;<\/strong><\/em><\/figcaption><\/figure>\n<figure id=\"attachment_5138\" aria-describedby=\"caption-attachment-5138\" style=\"width: 689px\" class=\"wp-caption alignnone\"><img loading=\"lazy\" class=\"wp-image-5138\" src=https:\/\/bosniauknetwork.org\/wp-content\/uploads\/2020\/01\/DSC00204-002-300x225.jpg\" alt=\"\" width=\"689\" height=\"517\" \/><figcaption id=\"caption-attachment-5138\" class=\"wp-caption-text\"><em><strong>Sanela Sara\u010devi\u0107 Huji\u0107<\/strong><\/em><\/figcaption><\/figure>\n","protected":false},"excerpt":{"rendered":"<p>U op\u0161tini Birmingam je odr\u017eana ceremonija povodom obilje\u017eavanja me\u0111unarodnog dana sje\u0107anja na \u017ertve Holokausta. Dan sje\u0107anja na holokaust obilje\u017eava \u017ertve i pre\u017eivjele progone holokausta i nacista, ali i drugih genocida [&hellip;]<\/p>\n","protected":false},"author":1,"featured_media":11301,"comment_status":"closed","ping_status":"closed","sticky":false,"template":"","format":"standard","meta":{"site-sidebar-layout":"default","site-content-layout":"","ast-site-content-layout":"default","site-content-style":"default","site-sidebar-style":"default","ast-global-header-display":"","ast-banner-title-visibility":"","ast-main-header-display":"","ast-hfb-above-header-display":"","ast-hfb-below-header-display":"","ast-hfb-mobile-header-display":"","site-post-title":"","ast-breadcrumbs-content":"","ast-featured-img":"","footer-sml-layout":"","ast-disable-related-posts":"","theme-transparent-header-meta":"","adv-header-id-meta":"","stick-header-meta":"","header-above-stick-meta":"","header-main-stick-meta":"","header-below-stick-meta":"","astra-migrate-meta-layouts":"default","ast-page-background-enabled":"default","ast-page-background-meta":{"desktop":{"background-color":"","background-image":"","background-repeat":"repeat","background-position":"center center","background-size":"auto","background-attachment":"scroll","background-type":"","background-media":"","overlay-type":"","overlay-color":"","overlay-opacity":"","overlay-gradient":""},"tablet":{"background-color":"","background-image":"","background-repeat":"repeat","background-position":"center center","background-size":"auto","background-attachment":"scroll","background-type":"","background-media":"","overlay-type":"","overlay-color":"","overlay-opacity":"","overlay-gradient":""},"mobile":{"background-color":"","background-image":"","background-repeat":"repeat","background-position":"center center","background-size":"auto","background-attachment":"scroll","background-type":"","background-media":"","overlay-type":"","overlay-color":"","overlay-opacity":"","overlay-gradient":""}},"ast-content-background-meta":{"desktop":{"background-color":"var(--ast-global-color-5)","background-image":"","background-repeat":"repeat","background-position":"center center","background-size":"auto","background-attachment":"scroll","background-type":"","background-media":"","overlay-type":"","overlay-color":"","overlay-opacity":"","overlay-gradient":""},"tablet":{"background-color":"var(--ast-global-color-5)","background-image":"","background-repeat":"repeat","background-position":"center center","background-size":"auto","background-attachment":"scroll","background-type":"","background-media":"","overlay-type":"","overlay-color":"","overlay-opacity":"","overlay-gradient":""},"mobile":{"background-color":"var(--ast-global-color-5)","background-image":"","background-repeat":"repeat","background-position":"center center","background-size":"auto","background-attachment":"scroll","background-type":"","background-media":"","overlay-type":"","overlay-color":"","overlay-opacity":"","overlay-gradient":""}},"_themeisle_gutenberg_block_has_review":false,"footnotes":""},"categories":[6],"tags":[],"class_list":["post-5132","post","type-post","status-publish","format-standard","has-post-thumbnail","hentry","category-news-updates"],"_links":{"self":[{"href":"https:\/\/bosniauknetwork.org\/bs\/wp-json\/wp\/v2\/posts\/5132","targetHints":{"allow":["GET"]}}],"collection":[{"href":"https:\/\/bosniauknetwork.org\/bs\/wp-json\/wp\/v2\/posts"}],"about":[{"href":"https:\/\/bosniauknetwork.org\/bs\/wp-json\/wp\/v2\/types\/post"}],"author":[{"embeddable":true,"href":"https:\/\/bosniauknetwork.org\/bs\/wp-json\/wp\/v2\/users\/1"}],"replies":[{"embeddable":true,"href":"https:\/\/bosniauknetwork.org\/bs\/wp-json\/wp\/v2\/comments?post=5132"}],"version-history":[{"count":0,"href":"https:\/\/bosniauknetwork.org\/bs\/wp-json\/wp\/v2\/posts\/5132\/revisions"}],"wp:featuredmedia":[{"embeddable":true,"href":"https:\/\/bosniauknetwork.org\/bs\/wp-json\/wp\/v2\/media\/11301"}],"wp:attachment":[{"href":"https:\/\/bosniauknetwork.org\/bs\/wp-json\/wp\/v2\/media?parent=5132"}],"wp:term":[{"taxonomy":"category","embeddable":true,"href":"https:\/\/bosniauknetwork.org\/bs\/wp-json\/wp\/v2\/categories?post=5132"},{"taxonomy":"post_tag","embeddable":true,"href":"https:\/\/bosniauknetwork.org\/bs\/wp-json\/wp\/v2\/tags?post=5132"}],"curies":[{"name":"wp","href":"https:\/\/api.w.org\/{rel}","templated":true}]}}