{"id":5144,"date":"2020-01-29T09:32:12","date_gmt":"2020-01-29T09:32:12","guid":{"rendered":"https:\/\/bosniauknetwork.org\/johnson-pricamo-nikad-vise-a-sta-je-bilo-sa-tom-odlucnoscu-u-genocidu-u-bosni\/"},"modified":"2020-01-29T09:32:12","modified_gmt":"2020-01-29T09:32:12","slug":"johnson-pricamo-nikad-vise-a-sta-je-bilo-sa-tom-odlucnoscu-u-genocidu-u-bosni","status":"publish","type":"post","link":"https:\/\/bosniauknetwork.org\/bs\/johnson-pricamo-nikad-vise-a-sta-je-bilo-sa-tom-odlucnoscu-u-genocidu-u-bosni\/","title":{"rendered":"Johnson: Pri\u010damo \\&#8221;nikad vi\u0161e\\&#8221;, a \u0161ta je bilo sa tom odlu\u010dno\u0161\u0107u u genocidu u Bosni"},"content":{"rendered":"<p>Britanski premijer Boris Johnson zavjetovao se da \u0107e ukloniti &#8220;virus antisemitizma&#8221; dok je govorio na ceremoniji Dana sje\u0107anja na holokaust danas u Londonu,prenose vijesti<\/p>\n<p>Johnson je u dru\u0161tvu vojvode i vojvotkinje od Cambridga prisustvovao ceremoniji na kojoj je obilje\u017eeno 75 godina od osloba\u0111anja zloglasnog koncetracionog logora Auschwitz.<\/p>\n<p>&#8211; Osje\u0107am dubok osje\u0107aj sramote da se ovdje u Velikoj Britaniji 2020. godine bavimo ponovnim izbijanjem virusa antisemitizma i znam da kao premijer preuzimam odgovornost da u\u010dinim sve \u0161to je mogu\u0107e da ga uklonimo. Dok odlu\u010dno govorimo &#8220;nikada vi\u0161e&#8221;, ta\u010dno je da bismo trebali pitati i \u0161ta se dogodilo s na\u0161om odlu\u010dno\u0161\u0107u u genocidima koji su uslijedili u Cambod\u017ei, Ruandi, Bosni i Darfuru \u2013 izjavio je Johnson, prenosi Avaz.<\/p>\n<p>Poru\u010dio je da \u0107e u\u010diniti sve \u0161to je u njegovoj mo\u0107i da Velika Britanija nikada ne zaboravi istinu o holokaustu.<\/p>\n<p>&#8211;\u00a0 To je jedini na\u010din na koji mo\u017eemo biti sigurni da se to vi\u0161e ne\u0107e ponoviti &#8211; dodao je.<\/p>\n<p>&nbsp;<\/p>\n<p>Izvor: FACE TV<\/p>\n<p>&nbsp;<\/p>\n","protected":false},"excerpt":{"rendered":"<p>Britanski premijer Boris Johnson zavjetovao se da \u0107e ukloniti &#8220;virus antisemitizma&#8221; dok je govorio na ceremoniji Dana sje\u0107anja na holokaust danas u Londonu,prenose vijesti Johnson je u dru\u0161tvu vojvode i [&hellip;]<\/p>\n","protected":false},"author":1,"featured_media":0,"comment_status":"closed","ping_status":"closed","sticky":false,"template":"","format":"standard","meta":{"site-sidebar-layout":"default","site-content-layout":"","ast-site-content-layout":"default","site-content-style":"default","site-sidebar-style":"default","ast-global-header-display":"","ast-banner-title-visibility":"","ast-main-header-display":"","ast-hfb-above-header-display":"","ast-hfb-below-header-display":"","ast-hfb-mobile-header-display":"","site-post-title":"","ast-breadcrumbs-content":"","ast-featured-img":"","footer-sml-layout":"","ast-disable-related-posts":"","theme-transparent-header-meta":"","adv-header-id-meta":"","stick-header-meta":"","header-above-stick-meta":"","header-main-stick-meta":"","header-below-stick-meta":"","astra-migrate-meta-layouts":"default","ast-page-background-enabled":"default","ast-page-background-meta":{"desktop":{"background-color":"","background-image":"","background-repeat":"repeat","background-position":"center center","background-size":"auto","background-attachment":"scroll","background-type":"","background-media":"","overlay-type":"","overlay-color":"","overlay-opacity":"","overlay-gradient":""},"tablet":{"background-color":"","background-image":"","background-repeat":"repeat","background-position":"center center","background-size":"auto","background-attachment":"scroll","background-type":"","background-media":"","overlay-type":"","overlay-color":"","overlay-opacity":"","overlay-gradient":""},"mobile":{"background-color":"","background-image":"","background-repeat":"repeat","background-position":"center center","background-size":"auto","background-attachment":"scroll","background-type":"","background-media":"","overlay-type":"","overlay-color":"","overlay-opacity":"","overlay-gradient":""}},"ast-content-background-meta":{"desktop":{"background-color":"var(--ast-global-color-5)","background-image":"","background-repeat":"repeat","background-position":"center center","background-size":"auto","background-attachment":"scroll","background-type":"","background-media":"","overlay-type":"","overlay-color":"","overlay-opacity":"","overlay-gradient":""},"tablet":{"background-color":"var(--ast-global-color-5)","background-image":"","background-repeat":"repeat","background-position":"center center","background-size":"auto","background-attachment":"scroll","background-type":"","background-media":"","overlay-type":"","overlay-color":"","overlay-opacity":"","overlay-gradient":""},"mobile":{"background-color":"var(--ast-global-color-5)","background-image":"","background-repeat":"repeat","background-position":"center center","background-size":"auto","background-attachment":"scroll","background-type":"","background-media":"","overlay-type":"","overlay-color":"","overlay-opacity":"","overlay-gradient":""}},"_themeisle_gutenberg_block_has_review":false,"footnotes":""},"categories":[6],"tags":[],"class_list":["post-5144","post","type-post","status-publish","format-standard","hentry","category-news-updates"],"_links":{"self":[{"href":"https:\/\/bosniauknetwork.org\/bs\/wp-json\/wp\/v2\/posts\/5144","targetHints":{"allow":["GET"]}}],"collection":[{"href":"https:\/\/bosniauknetwork.org\/bs\/wp-json\/wp\/v2\/posts"}],"about":[{"href":"https:\/\/bosniauknetwork.org\/bs\/wp-json\/wp\/v2\/types\/post"}],"author":[{"embeddable":true,"href":"https:\/\/bosniauknetwork.org\/bs\/wp-json\/wp\/v2\/users\/1"}],"replies":[{"embeddable":true,"href":"https:\/\/bosniauknetwork.org\/bs\/wp-json\/wp\/v2\/comments?post=5144"}],"version-history":[{"count":0,"href":"https:\/\/bosniauknetwork.org\/bs\/wp-json\/wp\/v2\/posts\/5144\/revisions"}],"wp:attachment":[{"href":"https:\/\/bosniauknetwork.org\/bs\/wp-json\/wp\/v2\/media?parent=5144"}],"wp:term":[{"taxonomy":"category","embeddable":true,"href":"https:\/\/bosniauknetwork.org\/bs\/wp-json\/wp\/v2\/categories?post=5144"},{"taxonomy":"post_tag","embeddable":true,"href":"https:\/\/bosniauknetwork.org\/bs\/wp-json\/wp\/v2\/tags?post=5144"}],"curies":[{"name":"wp","href":"https:\/\/api.w.org\/{rel}","templated":true}]}}