{"id":5149,"date":"2020-01-29T13:32:58","date_gmt":"2020-01-29T13:32:58","guid":{"rendered":"https:\/\/bosniauknetwork.org\/derby-medunarodni-dan-sjecanja-na-zrtve-holokausta\/"},"modified":"2020-01-29T13:32:58","modified_gmt":"2020-01-29T13:32:58","slug":"derby-medunarodni-dan-sjecanja-na-zrtve-holokausta","status":"publish","type":"post","link":"https:\/\/bosniauknetwork.org\/bs\/derby-medunarodni-dan-sjecanja-na-zrtve-holokausta\/","title":{"rendered":"Derby: ME\u0110UNARODNI DAN SJE\u0106ANJA NA \u017dRTVE HOLOKAUSTA"},"content":{"rendered":"<p><img fetchpriority=\"high\" class=\" wp-image-5150 alignright\" src=https:\/\/bosniauknetwork.org\/wp-content\/uploads\/2020\/01\/1-300x201.jpg\" alt=\"\" width=\"449\" height=\"299\" \/>Dan sje\u0107anja na holokaust i sprje\u010davanja zlo\u010dina protiv \u010dovje\u010dnosti me\u0111unarodni je dan sje\u0107anja kojim se \u017eeli podsjetiti na sve \u017ertve nacisti\u010dkih re\u017eima tijekom Drugog Svjetskog Rata kao i onih genocida koji su se desili prije i poslije njega, uklju\u010duju\u0107i i onaj koji se desio u Julu 1995. godine u Srebrenici, gdje je brutalno ubijeno vi\u0161e od 8,000 mu\u0161karaca, Bo\u0161njaka. Ove se godine obilje\u017eava 75. godi\u0161njica osloba\u0111anja Auschwitza i<span class=\"text_exposed_show\">\u00a025. godi\u0161njica genocida u Srebrenici.<\/span><\/p>\n<div class=\"text_exposed_show\">\n<p>Ovaj se dan obilje\u017eava diljem svijeta, a u najve\u0107em broju zemalja za datum obilje\u017eavanja izabran je 27. Januar. Tog se datuma ovaj dan sje\u0107anja obilje\u017eava i u Velikoj Britaniji a u Derbiju se organizuje od strane nezavisne grupe za planiranje u okviru nacionalnog dana sje\u0107anja na holokaust \u201cHMD Trust\u201d, uz dugogodi\u0161nju podr\u0161ku i suradnju od strane Bosanskohercegova\u010dkog Udru\u017eenja Derby, pa je tako u sklopu programa i ove godine u prostorijama na\u0161eg udru\u017eenja prire\u0111en prijem za mnoge goste.<\/p>\n<p>Kao i mnogo puta do sada, ovaj projekat Bosanskog Hercegova\u010dkog Udru\u017eenja u Derbiju podr\u017eala je ambasada Bosne i Hercegovine iz Londana, svojim prisustvom Ministar Savjetnik, gospodin Igor Ba\u0161i\u0107. Pored mnogobrojnih gostiju, prijemu su tako\u0111er prisustvovali gradona\u010delnik grada Derby, councillor Frank Harwood, te predstavnici Armenske ambasade, Ukrajinske i Jevrejske zajednice u Velikoj Britaniji.<\/p>\n<p><img class=\"wp-image-5160 alignleft\" src=https:\/\/bosniauknetwork.org\/wp-content\/uploads\/2020\/01\/12-300x201.jpg\" alt=\"\" width=\"451\" height=\"302\" \/>\u0160to se ti\u010de programa, pored izlo\u017ebe sa specifi\u010dnim naglaskom na ovogodi\u0161nju temu \u201cStand Together\u201d, prisutne je prvo pozdravila i po\u017eelila dobrodo\u0161licu predsjednica na\u0161eg Udru\u017eenja, Nermina Webster te pozvala prisutne da polo\u017ee cvije\u0107e i odaju po\u0161tu \u017ertvama genocida u Srebrenice i ostalim dijelovima Bosne i Hercegovine na spomenik koji se nalazi u dvori\u0161tu Bosanskog Centra u Derbiju. Uslijedio je ostatak programa u kojem je pro\u010ditana ispovijest napisana od strane svjedoka u\u010desnika u genocidu u Srebrenici te gledanje kratkog filma.<\/p>\n<p>Prisutnima su se obratili gradona\u010delnik grada Derby, councillor Frank Harwood, predstavnik ambasade Bosne i Hercegovine iz Londana, Ministar Savjetnik, gospodin Igor Ba\u0161i\u0107, predstavnik Armenske ambasade te Ukrajinske i Jevrejske zajednice u Velikoj Britaniji nakon \u010dega je uprili\u010dena zakuska za sve prisutne sa toplim napitcima.<img class=\" wp-image-5156 alignright\" src=https:\/\/bosniauknetwork.org\/wp-content\/uploads\/2020\/01\/7-300x200.jpg\" alt=\"\" width=\"444\" height=\"296\" \/><\/p>\n<p>Program je tradicionalno zavr\u0161en u QUAD Centru u \u010dijem su dvosatnom programu u\u010destvovali u\u010denici Bosanskohercegova\u010dke Dopunske \u0160kole i na\u0161a folklorna grupa \u201cBosanski Biseri\u201d. Tokom programa, u\u010denici na\u0161e \u0161kole, D\u017eeniti Salki\u0107, uru\u010dena je nagrada za osvojeno prvo mjesto u natjecanju za najbolje dizajnirani poster na ovogodi\u0161nju temu \u201cStand Together\u201c koje se svake godine organizuje u svim \u0161kolama na podru\u010dju grada Derby.<\/p>\n<p>D\u017eeniti \u010destitamo na osvojenom prvom mjestu a svima vama koji ste na bilo koji na\u010din doprinijeli i uveli\u010dali obilje\u017eavanje ovog veoma va\u017enog doga\u0111aja od srca hvala.<\/p>\n<\/div>\n<p>Ned\u017ead Salki\u0107<\/p>\n<p>&nbsp;<\/p>\n<p><img loading=\"lazy\" class=\"alignnone  wp-image-5161\" src=https:\/\/bosniauknetwork.org\/wp-content\/uploads\/2020\/01\/14-300x201.jpg\" alt=\"\" width=\"1234\" height=\"827\" \/><\/p>\n","protected":false},"excerpt":{"rendered":"<p>\u0160to se ti\u010de programa, pored izlo\u017ebe sa specifi\u010dnim naglaskom na ovogodi\u0161nju temu \u201cStand Together\u201d, prisutne je prvo pozdravila i po\u017eelila dobrodo\u0161licu predsjednica na\u0161eg Udru\u017eenja, Nermina Webster te pozvala prisutne da [&hellip;]<\/p>\n","protected":false},"author":1,"featured_media":11269,"comment_status":"closed","ping_status":"closed","sticky":false,"template":"","format":"standard","meta":{"site-sidebar-layout":"default","site-content-layout":"","ast-site-content-layout":"default","site-content-style":"default","site-sidebar-style":"default","ast-global-header-display":"","ast-banner-title-visibility":"","ast-main-header-display":"","ast-hfb-above-header-display":"","ast-hfb-below-header-display":"","ast-hfb-mobile-header-display":"","site-post-title":"","ast-breadcrumbs-content":"","ast-featured-img":"","footer-sml-layout":"","ast-disable-related-posts":"","theme-transparent-header-meta":"","adv-header-id-meta":"","stick-header-meta":"","header-above-stick-meta":"","header-main-stick-meta":"","header-below-stick-meta":"","astra-migrate-meta-layouts":"default","ast-page-background-enabled":"default","ast-page-background-meta":{"desktop":{"background-color":"","background-image":"","background-repeat":"repeat","background-position":"center center","background-size":"auto","background-attachment":"scroll","background-type":"","background-media":"","overlay-type":"","overlay-color":"","overlay-opacity":"","overlay-gradient":""},"tablet":{"background-color":"","background-image":"","background-repeat":"repeat","background-position":"center center","background-size":"auto","background-attachment":"scroll","background-type":"","background-media":"","overlay-type":"","overlay-color":"","overlay-opacity":"","overlay-gradient":""},"mobile":{"background-color":"","background-image":"","background-repeat":"repeat","background-position":"center center","background-size":"auto","background-attachment":"scroll","background-type":"","background-media":"","overlay-type":"","overlay-color":"","overlay-opacity":"","overlay-gradient":""}},"ast-content-background-meta":{"desktop":{"background-color":"var(--ast-global-color-5)","background-image":"","background-repeat":"repeat","background-position":"center center","background-size":"auto","background-attachment":"scroll","background-type":"","background-media":"","overlay-type":"","overlay-color":"","overlay-opacity":"","overlay-gradient":""},"tablet":{"background-color":"var(--ast-global-color-5)","background-image":"","background-repeat":"repeat","background-position":"center center","background-size":"auto","background-attachment":"scroll","background-type":"","background-media":"","overlay-type":"","overlay-color":"","overlay-opacity":"","overlay-gradient":""},"mobile":{"background-color":"var(--ast-global-color-5)","background-image":"","background-repeat":"repeat","background-position":"center center","background-size":"auto","background-attachment":"scroll","background-type":"","background-media":"","overlay-type":"","overlay-color":"","overlay-opacity":"","overlay-gradient":""}},"_themeisle_gutenberg_block_has_review":false,"footnotes":""},"categories":[6],"tags":[],"class_list":["post-5149","post","type-post","status-publish","format-standard","has-post-thumbnail","hentry","category-news-updates"],"_links":{"self":[{"href":"https:\/\/bosniauknetwork.org\/bs\/wp-json\/wp\/v2\/posts\/5149","targetHints":{"allow":["GET"]}}],"collection":[{"href":"https:\/\/bosniauknetwork.org\/bs\/wp-json\/wp\/v2\/posts"}],"about":[{"href":"https:\/\/bosniauknetwork.org\/bs\/wp-json\/wp\/v2\/types\/post"}],"author":[{"embeddable":true,"href":"https:\/\/bosniauknetwork.org\/bs\/wp-json\/wp\/v2\/users\/1"}],"replies":[{"embeddable":true,"href":"https:\/\/bosniauknetwork.org\/bs\/wp-json\/wp\/v2\/comments?post=5149"}],"version-history":[{"count":0,"href":"https:\/\/bosniauknetwork.org\/bs\/wp-json\/wp\/v2\/posts\/5149\/revisions"}],"wp:featuredmedia":[{"embeddable":true,"href":"https:\/\/bosniauknetwork.org\/bs\/wp-json\/wp\/v2\/media\/11269"}],"wp:attachment":[{"href":"https:\/\/bosniauknetwork.org\/bs\/wp-json\/wp\/v2\/media?parent=5149"}],"wp:term":[{"taxonomy":"category","embeddable":true,"href":"https:\/\/bosniauknetwork.org\/bs\/wp-json\/wp\/v2\/categories?post=5149"},{"taxonomy":"post_tag","embeddable":true,"href":"https:\/\/bosniauknetwork.org\/bs\/wp-json\/wp\/v2\/tags?post=5149"}],"curies":[{"name":"wp","href":"https:\/\/api.w.org\/{rel}","templated":true}]}}