{"id":5164,"date":"2020-01-29T14:51:32","date_gmt":"2020-01-29T14:51:32","guid":{"rendered":"https:\/\/bosniauknetwork.org\/sirom-velike-britanije-na-komemoracijama-holokausta-obiljezena-i-25-godisnjica-genocida-u-srebrenici\/"},"modified":"2020-01-29T14:51:32","modified_gmt":"2020-01-29T14:51:32","slug":"sirom-velike-britanije-na-komemoracijama-holokausta-obiljezena-i-25-godisnjica-genocida-u-srebrenici","status":"publish","type":"post","link":"https:\/\/bosniauknetwork.org\/bs\/sirom-velike-britanije-na-komemoracijama-holokausta-obiljezena-i-25-godisnjica-genocida-u-srebrenici\/","title":{"rendered":"\u0160irom Velike Britanije na komemoracijama Holokausta obilje\u017eena i 25.godi\u0161njica genocida u Srebrenici"},"content":{"rendered":"<p style=\"text-align: left;\"><em>Edinburgh, Manchester, Derby, London, Birmingham<\/em><\/p>\n<p style=\"text-align: left;\">U Velikoj Britaniji odr\u017eane su komemoracije povodom sje\u0107anja na \u017ertve Holokausta i genocida u Kambod\u017ei, Ruandi, Darfuru i Bosni. \u00a0Holokaust je rije\u010d koja se \u010desto spominje u drugoj polovici 20.stolje\u0107a. Mada je 1945.godine svijet jednoglasno rekao:\u201dNikada vi\u0161e\u201d, genocid se ponovio, i to upravo na tlu Evrope, u Bosni i Hercegovini, manje od dan vo\u017enje od glavnih evropskih gradova. Tako su rije\u010di poput genocida u Bosni i Srebrenica \u010desto spominjane zadnjih 25 godina.<\/p>\n<p style=\"text-align: left;\">Sje\u0107anje na holocaust je ustvari sje\u0107anje na sve nesre\u0107e koje su ljudi sami prouzrokovali ubijaju\u0107i druge i druga\u010dije zbog ko\u017ee, vjere ili politi\u010dkih ubje\u0111enja.<\/p>\n<p style=\"text-align: left;\"><em>\u00a0<\/em><\/p>\n<p style=\"text-align: left;\"><em><u>Edinburg<img fetchpriority=\"high\" class=\" wp-image-5165 alignleft\" src=https:\/\/bosniauknetwork.org\/wp-content\/uploads\/2020\/01\/84208363_10220386478549271_7971373505109295104_n-300x200.jpg\" alt=\"\" width=\"352\" height=\"234\" \/><\/u><\/em><\/p>\n<p style=\"text-align: left;\">U <strong>Parlamentu \u0160kotske<\/strong>, na komemoraciji Holokausta, Hasan Hasanovi\u0107 je pozvan da ispri\u010da svoju pri\u010du pre\u017eivljavanja tokom genocida u Srebrenici.Jedan od pre\u017eivjelih sudionika Mar\u0161a smrti, Hasan danas radi kao kustos u Memorijalnom centru Srebrenica. Brojnim posjetiteljima pri\u010da o strahotama koje su Srebreni\u010dani pre\u017eivjeli u julu 1995. u poku\u0161aju dolaska do teritorije pod kontrolom Armije BiH. Hasan je na tom putu izgubio oca i brata.Istakao je va\u017enost sje\u0107anja, obrazovanja i obilje\u017eavanja komemoracija genocida u Srebrenici. Ovom prilikom sreo se i porazgovarao sa premijerkom Nikolom Sturgeon.<\/p>\n<p style=\"text-align: left;\"><strong>\u00a0<\/strong><\/p>\n<p style=\"text-align: left;\"><em><u>Birmingam<\/u><\/em><\/p>\n<p style=\"text-align: left;\"><img class=\" wp-image-5166 alignleft\" src=https:\/\/bosniauknetwork.org\/wp-content\/uploads\/2020\/01\/U\u010diteljica-Azra-sa-u\u010denicima-300x183.jpg\" alt=\"\" width=\"352\" height=\"215\" \/>Holokaust je obilje\u017een na vi\u0161e lokacija. U\u010denici bh.dopunske \u0161kole\u00a0 su sa u\u010diteljima u \u0161kolskim <strong>prostorijama Bosanske ku\u0107e<\/strong> imali priliku pogledati kratki dokumentarac \u201cWords to survive\u201d. Nakon toga, u\u010dteljice Azra Ba\u0161i\u0107 i Eldina Boli\u0107 su odr\u017eale radionicu sa u\u010denicima, nastoje\u0107i im objasniti zna\u010denje Holokausta, ali i drugih genocida, posebno se osvrnuv\u0161i na genocid u Srebrenici.<\/p>\n<p style=\"text-align: left;\">Op\u0107ina Birmingham je u <strong>prostorijama gradske op\u0161tine<\/strong> organizovala ceremoniju gdje je gradona\u010delnik Mohammed Azim tako\u0111e bio prisutan. U ime bh.zajednice svije\u0107u je zapalila \u00a0Sanela Sara\u010devi\u0107 Huji\u0107,povodom 25. godi\u0161njice srebreni\u010dkog genocida, u znak sje\u0107anja na sve \u017ertve zlo\u010dina i genocida \u0161irom svijeta i na one koji su i dalje ubijani u ratovima, sukobima i zlo\u010dinima iz mr\u017enje.<img class=\" wp-image-5141 alignright\" src=https:\/\/bosniauknetwork.org\/wp-content\/uploads\/2020\/01\/DSC00196-002-1-300x225.jpg\" alt=\"\" width=\"330\" height=\"247\" \/><\/p>\n<p style=\"text-align: left;\">Tako\u0111er, Op\u0161tina Birmingham je u partnerstvu sa New Vic teatrom, organizovala predstavu <strong>u MAC centru, u Cannon Hill Parku<\/strong> pod nazivom \u201cYizkor\u201d. Predstava je ra\u0111ena po istinitim pri\u010dama. Amra Mujkanovi\u0107 se obratila prisutnima sa emocionalnim rije\u010dima vezano za organizaciju Remembering Srebrenica i genocida u BiH.<\/p>\n<p>&nbsp;<\/p>\n<p>&nbsp;<\/p>\n<p>&nbsp;<\/p>\n<p>&nbsp;<\/p>\n<p style=\"text-align: left;\"><em><u>Man\u010dester<\/u><\/em><\/p>\n<p>&nbsp;<\/p>\n<p style=\"text-align: left;\"><img loading=\"lazy\" class=\" wp-image-5172 alignleft\" src=https:\/\/bosniauknetwork.org\/wp-content\/uploads\/2020\/01\/thumbnail_lejla-damon-1-300x225.jpg\" alt=\"\" width=\"260\" height=\"195\" \/>Predstavnici\u00a0 bh.zajednice u Man\u010desteru i regionalnog odbora Remembering Srebrenica su prisustvovali komemoraciji Holokausta u <strong>gradskoj biblioteci<\/strong>. Uz molitve i paljenje svije\u0107a , po\u010dast je odata milionima\u00a0 ljudi ubijenih u Holokaustu i genocidima u Srebrenici, Kambod\u017ei, Ruandi i Darfuru. Ceremoniji su prisustvovali i gradona\u010delnik Man\u010destera, Andy Burnham, vije\u0107nik Abid Latif Chohan te mnogi drugi gosti<img loading=\"lazy\" class=\" wp-image-5170 alignright\" src=https:\/\/bosniauknetwork.org\/wp-content\/uploads\/2020\/01\/83868459_191597115371755_1036948033176076288_n-1-300x225.jpg\" alt=\"\" width=\"322\" height=\"241\" \/><\/p>\n<p style=\"text-align: left;\">HMD organizacija je tako\u0111er organizovala i <strong>\u201cVe\u010de sa Lejlom Damon\u201d <\/strong>u prostorijama centralne biblioteke u Edingburgu<strong>.<\/strong> Lejla trenutno \u017eivi u Man\u010desteru. Lejla je napustila Bosnu kao beba kad je usvojio bra\u010dni par, novinari, koji su pratili tragi\u010dnu pri\u010du njene majke koja je dr\u017eana u koncentracionom logoru i silovana dok nije zatrudnila. Lejla sada radi sa War Child\\&#8217; organizacijom i redovno govori na globalnim konferencijama o okon\u010danju seksualnog nasilja u sukobu.<\/p>\n<p>&nbsp;<\/p>\n<p>&nbsp;<\/p>\n<p style=\"text-align: left;\"><em><u>London<\/u><\/em><\/p>\n<p style=\"text-align: left;\"><em><u><img loading=\"lazy\" class=\" wp-image-5173 alignleft\" src=https:\/\/bosniauknetwork.org\/wp-content\/uploads\/2020\/01\/82796603_10216547507905003_4815688542556520448_o-300x225.jpg\" alt=\"\" width=\"377\" height=\"283\" \/><\/u><\/em><\/p>\n<p style=\"text-align: left;\">U okviru <strong>programa prikazanog na BBC-u<\/strong>, o centralnoj komemoraciji u Westminsteru, povodom holokausta i genocida u Srebrenici, Ruandi,. Kambod\u017ei i Darfuru, govorio je i Ed Vuliamy koji je zajedno i sa Penny Marshal izvje\u0161tavao o ratovima u Hrvatskoj i Bosni, i 1992. su prvi svijetu otkrili postojanje koncentracionih logora u Bosanskoj krajini. Svjedo\u010de\u0107i pred Me\u0111unarodnim krivi\u010dnim sudom za biv\u0161u Jugoslaviju, Vulliamy je 1996. postao prvi novinar u historiji koji je svjedo\u010dio pred nekim od me\u0111unarodnih krivi\u010dnih sudova. Bio je svjedok na devet procesa Ha\u0161kog tribunala, uklju\u010duju\u0107i su\u0111enja\u00a0Radovanu Karad\u017ei\u0107u\u00a0i\u00a0Ratku Mladi\u0107u.\u00a0 Komemoraciji su prisustvovali i \u010dlanovi bh.zajednice iz Londona.<\/p>\n<p>&nbsp;<\/p>\n<p style=\"text-align: left;\"><em><u>Derby<\/u><\/em><\/p>\n<p>&nbsp;<\/p>\n<p style=\"text-align: left;\"><img loading=\"lazy\" class=\" wp-image-5152 alignleft\" src=https:\/\/bosniauknetwork.org\/wp-content\/uploads\/2020\/01\/3-300x200.jpg\" alt=\"\" width=\"389\" height=\"259\" \/>Tradicionalno, i ove godine u <strong>prostorijama bh. udru\u017eenja Derby<\/strong> povodom obilje\u017eavanja dana Holokausta, \u00a0prire\u0111en je prijem za mnoge goste. Predsjednica udru\u017eenja, Nermina Webster, je pozvala prisutne da polo\u017ee cvije\u0107e i odaju po\u010dast \u017ertvama genocida Srebrenice i ostalim dijelovima BiH na spomenik koji se nalazi u dvori\u0161tu Bh.centra Derby. Prisutni su imali priliku pogledati kratki film. Programu su prisustvovali i Ministar savjetnik BiH Ambasade u Londonu, gospodin Igor Ba\u0161i\u0107, gradona\u010delnik grada Derby, councillor Frank Harwood, te predstavnici Armenske ambasade, Ukrajinske i Jevrejske zajednice u Velikoj Britaniji. U programu su u\u010destvovali i u\u010denici bh.dopunske \u0161kole Derby i folklorna grupa \u201cBosanski Biseri\u201d<\/p>\n<p style=\"text-align: left;\">Da bi sve \u017ertve imale smisao, nastojimo da \u0107e se sje\u0107anje na patnje \u017ertava Auschwitza i sve druge \u017ertve monstruoznih umova biti nauk novim generacijama da odbace ideologije koje po\u010divaju na segregaciji i netoleranciji.<\/p>\n<p style=\"text-align: left;\">Kao dio moderne civilizacije ne smijemo zaboraviti ono \u0161to se desilo, ve\u0107 naprotiv, trebamo izgraditi budu\u0107nost u kojoj ne\u0107e biti mjesta ratovima, ekstremizmu, me\u0111usobnim sukobima i gdje \u0107e svaki \u010dovjek imati priliku za miran i dostojanstven \u017eivot .<\/p>\n","protected":false},"excerpt":{"rendered":"<p>Edinburgh, Manchester, Derby, London, Birmingham U Velikoj Britaniji odr\u017eane su komemoracije povodom sje\u0107anja na \u017ertve Holokausta i genocida u Kambod\u017ei, Ruandi, Darfuru i Bosni. \u00a0Holokaust je rije\u010d koja se \u010desto [&hellip;]<\/p>\n","protected":false},"author":1,"featured_media":11298,"comment_status":"closed","ping_status":"closed","sticky":false,"template":"","format":"standard","meta":{"site-sidebar-layout":"default","site-content-layout":"","ast-site-content-layout":"default","site-content-style":"default","site-sidebar-style":"default","ast-global-header-display":"","ast-banner-title-visibility":"","ast-main-header-display":"","ast-hfb-above-header-display":"","ast-hfb-below-header-display":"","ast-hfb-mobile-header-display":"","site-post-title":"","ast-breadcrumbs-content":"","ast-featured-img":"","footer-sml-layout":"","ast-disable-related-posts":"","theme-transparent-header-meta":"","adv-header-id-meta":"","stick-header-meta":"","header-above-stick-meta":"","header-main-stick-meta":"","header-below-stick-meta":"","astra-migrate-meta-layouts":"default","ast-page-background-enabled":"default","ast-page-background-meta":{"desktop":{"background-color":"","background-image":"","background-repeat":"repeat","background-position":"center center","background-size":"auto","background-attachment":"scroll","background-type":"","background-media":"","overlay-type":"","overlay-color":"","overlay-opacity":"","overlay-gradient":""},"tablet":{"background-color":"","background-image":"","background-repeat":"repeat","background-position":"center center","background-size":"auto","background-attachment":"scroll","background-type":"","background-media":"","overlay-type":"","overlay-color":"","overlay-opacity":"","overlay-gradient":""},"mobile":{"background-color":"","background-image":"","background-repeat":"repeat","background-position":"center center","background-size":"auto","background-attachment":"scroll","background-type":"","background-media":"","overlay-type":"","overlay-color":"","overlay-opacity":"","overlay-gradient":""}},"ast-content-background-meta":{"desktop":{"background-color":"var(--ast-global-color-5)","background-image":"","background-repeat":"repeat","background-position":"center center","background-size":"auto","background-attachment":"scroll","background-type":"","background-media":"","overlay-type":"","overlay-color":"","overlay-opacity":"","overlay-gradient":""},"tablet":{"background-color":"var(--ast-global-color-5)","background-image":"","background-repeat":"repeat","background-position":"center center","background-size":"auto","background-attachment":"scroll","background-type":"","background-media":"","overlay-type":"","overlay-color":"","overlay-opacity":"","overlay-gradient":""},"mobile":{"background-color":"var(--ast-global-color-5)","background-image":"","background-repeat":"repeat","background-position":"center center","background-size":"auto","background-attachment":"scroll","background-type":"","background-media":"","overlay-type":"","overlay-color":"","overlay-opacity":"","overlay-gradient":""}},"_themeisle_gutenberg_block_has_review":false,"footnotes":""},"categories":[6],"tags":[],"class_list":["post-5164","post","type-post","status-publish","format-standard","has-post-thumbnail","hentry","category-news-updates"],"_links":{"self":[{"href":"https:\/\/bosniauknetwork.org\/bs\/wp-json\/wp\/v2\/posts\/5164","targetHints":{"allow":["GET"]}}],"collection":[{"href":"https:\/\/bosniauknetwork.org\/bs\/wp-json\/wp\/v2\/posts"}],"about":[{"href":"https:\/\/bosniauknetwork.org\/bs\/wp-json\/wp\/v2\/types\/post"}],"author":[{"embeddable":true,"href":"https:\/\/bosniauknetwork.org\/bs\/wp-json\/wp\/v2\/users\/1"}],"replies":[{"embeddable":true,"href":"https:\/\/bosniauknetwork.org\/bs\/wp-json\/wp\/v2\/comments?post=5164"}],"version-history":[{"count":0,"href":"https:\/\/bosniauknetwork.org\/bs\/wp-json\/wp\/v2\/posts\/5164\/revisions"}],"wp:featuredmedia":[{"embeddable":true,"href":"https:\/\/bosniauknetwork.org\/bs\/wp-json\/wp\/v2\/media\/11298"}],"wp:attachment":[{"href":"https:\/\/bosniauknetwork.org\/bs\/wp-json\/wp\/v2\/media?parent=5164"}],"wp:term":[{"taxonomy":"category","embeddable":true,"href":"https:\/\/bosniauknetwork.org\/bs\/wp-json\/wp\/v2\/categories?post=5164"},{"taxonomy":"post_tag","embeddable":true,"href":"https:\/\/bosniauknetwork.org\/bs\/wp-json\/wp\/v2\/tags?post=5164"}],"curies":[{"name":"wp","href":"https:\/\/api.w.org\/{rel}","templated":true}]}}