{"id":5184,"date":"2020-02-03T12:54:57","date_gmt":"2020-02-03T12:54:57","guid":{"rendered":"https:\/\/bosniauknetwork.org\/kalendar-sajmova-i-manifestacija-u-bosni-i-hercegovini-2020\/"},"modified":"2020-02-03T12:54:57","modified_gmt":"2020-02-03T12:54:57","slug":"kalendar-sajmova-i-manifestacija-u-bosni-i-hercegovini-2020","status":"publish","type":"post","link":"https:\/\/bosniauknetwork.org\/bs\/kalendar-sajmova-i-manifestacija-u-bosni-i-hercegovini-2020\/","title":{"rendered":"KALENDAR SAJMOVA I MANIFESTACIJA  U BOSNI I HERCEGOVINI 2020."},"content":{"rendered":"<div class=\"page\" title=\"Page 2\">\n<div class=\"section\">\n<div class=\"section\">\n<div class=\"layoutArea\">\n<div class=\"column\"><\/div>\n<\/div>\n<\/div>\n<div class=\"section\">\n<div class=\"layoutArea\">\n<div class=\"column\">\n<p>Vanjskotrgovinska komora Bosne i Hercegovine u saradnji sa Grupacijom organizatora sajmova u BiH svake godine izra\u0111uje \\'\\'Kalendar sajmova i manifestacija u Bosni i Hercegovini\\'\\&#8217; koji pru\u017ea detaljan i hronolo\u0161ki pregled najzna\u010dajnijih poslovnih doga\u0111aja u zemlji nude\u0107i na jednome mjestu sve neophodne kontakte kao va\u017ean preduvjet za direktan nastup potencijalnih izlaga\u010da, odnosno posjetu nekom sajamskom doga\u0111aju, izlo\u017ebi konferenciji, kongresu ili drugoj promotivnoj aktivnosti.<\/p>\n<\/div>\n<\/div>\n<\/div>\n<div class=\"section\">\n<div class=\"layoutArea\">\n<div class=\"column\">\n<p>Time Vanjskotrgovinska komora Bosne i Hercegovine doprinosi promociji bosanskohercegova\u010dkih privrednih potencijala, ja\u010da i unaprije\u0111uje saradnju na podru\u010dju promocije i koordinacije privrednih aktivnosti kako na doma\u0107em tako i na me\u0111unarodnom tr\u017ei\u0161tu.<\/p>\n<div class=\"page\" title=\"Page 15\">\n<div class=\"layoutArea\">\n<div class=\"column\">\n<p>VANJSKOTRGOVINSKA \/ SPOLJNOTRGOVINSKA KOMORA BOSNE I HERCEGOVINE<\/p>\n<\/div>\n<\/div>\n<p><img decoding=\"async\" src=\"data:image\/png;base64,iVBORw0KGgoAAAANSUhEUgAAAF4AAAA7CAYAAADy6z2HAAABYWlDQ1BrQ0dDb2xvclNwYWNlRGlzcGxheVAzAAAokWNgYFJJLCjIYWFgYMjNKykKcndSiIiMUmB\/yMAOhLwMYgwKicnFBY4BAT5AJQwwGhV8u8bACKIv64LMOiU1tUm1XsDXYqbw1YuvRJsw1aMArpTU4mQg\/QeIU5MLikoYGBhTgGzl8pICELsDyBYpAjoKyJ4DYqdD2BtA7CQI+whYTUiQM5B9A8hWSM5IBJrB+API1klCEk9HYkPtBQFul8zigpzESoUAYwKuJQOUpFaUgGjn\/ILKosz0jBIFR2AopSp45iXr6SgYGRiaMzCAwhyi+nMgOCwZxc4gxJrvMzDY7v\/\/\/\/9uhJjXfgaGjUCdXDsRYhoWDAyC3AwMJ3YWJBYlgoWYgZgpLY2B4dNyBgbeSAYG4QtAPdHFacZGYHlGHicGBtZ7\/\/9\/VmNgYJ\/MwPB3wv\/\/vxf9\/\/93MVDzHQaGA3kAFSFl7jXH0fsAAAAJcEhZcwAAH0gAAB9IAbciU8IAAAB5SURBVHgB7dAxAQAAAMKg9U9tB2+IQGHAgAEDBgwYMGDAgAEDBgwYMGDAgAEDBgwYMGDAgAEDBgwYMGDAgAEDBgwYMGDAgAEDBgwYMGDAgAEDBgwYMGDAgAEDBgwYMGDAgAEDBgwYMGDAgAEDBgwYMGDAgAEDBq6BAVbjAAEb4RX0AAAAAElFTkSuQmCC\" alt=\"page15image3825728\" width=\"33.181000\" height=\"20.941000\" title=\"KALENDAR SAJMOVA I MANIFESTACIJA  U BOSNI I HERCEGOVINI 2020.\"><\/p>\n<div class=\"layoutArea\">\n<div class=\"column\">\n<p>TELEFON: +387 33 566 222, CIS@KOMORABIH.BA;<\/p>\n<p>BRANISLAVA \u0110UR\u0110EVA 10,<br \/>\nBOSNA I HERCEGOVINA<\/p>\n<\/div>\n<\/div>\n<div class=\"layoutArea\">\n<div class=\"column\">\n<p>FAX: +387 33 214 292 WWW.KOMORABIH.BA<\/p>\n<\/div>\n<\/div>\n<p><img decoding=\"async\" src=\"data:image\/png;base64,iVBORw0KGgoAAAANSUhEUgAAAHYAAAACCAYAAACNFCjGAAAAAXNSR0IArs4c6QAAAAlwSFlzAAAOWQAADlkB8Dz\/0QAAACdJREFUKBVj3OKmbMwwCoZVCHx7evcyCxMz85lh5atRzzBwSirJAwAA4gYYyLastQAAAABJRU5ErkJggg==\" alt=\"page15image3785456\" width=\"117.120000\" height=\"1.200000\" title=\"KALENDAR SAJMOVA I MANIFESTACIJA  U BOSNI I HERCEGOVINI 2020.\"> <img decoding=\"async\" src=\"data:image\/png;base64,iVBORw0KGgoAAAANSUhEUgAAAHsAAAACCAYAAAB46qN2AAAAAXNSR0IArs4c6QAAAAlwSFlzAAAOWgAADloBXYXevAAAACdJREFUKBVj3OKmbMwwCoZ9CJzZdfc8CxMz85lh79NRDzIYG0txAwDhnwXnZV+25AAAAABJRU5ErkJggg==\" alt=\"page15image3785664\" width=\"122.040000\" height=\"1.200000\" title=\"KALENDAR SAJMOVA I MANIFESTACIJA  U BOSNI I HERCEGOVINI 2020.\"><\/p>\n<div class=\"layoutArea\">\n<div class=\"column\">\n<p>71000 SARAJEVO<\/p>\n<\/div>\n<\/div>\n<\/div>\n<div class=\"page\" title=\"Page 15\"><\/div>\n<\/div>\n<p><img fetchpriority=\"high\" class=\"alignnone wp-image-5188\" src=https:\/\/bosniauknetwork.org\/wp-content\/uploads\/2020\/02\/1-1-300x212.jpg\" alt=\"\" width=\"659\" height=\"465\" \/><img class=\"alignnone wp-image-5189\" src=https:\/\/bosniauknetwork.org\/wp-content\/uploads\/2020\/02\/2-1-300x212.jpg\" alt=\"\" width=\"703\" height=\"498\" \/><\/p>\n<p><img class=\"alignnone wp-image-5190\" src=https:\/\/bosniauknetwork.org\/wp-content\/uploads\/2020\/02\/3-300x212.jpg\" alt=\"\" width=\"663\" height=\"468\" \/><img loading=\"lazy\" class=\"alignnone wp-image-5191\" src=https:\/\/bosniauknetwork.org\/wp-content\/uploads\/2020\/02\/4-300x212.jpg\" alt=\"\" width=\"645\" height=\"456\" \/><\/p>\n<p><img loading=\"lazy\" class=\"alignnone wp-image-5192\" src=https:\/\/bosniauknetwork.org\/wp-content\/uploads\/2020\/02\/5-300x212.jpg\" alt=\"\" width=\"664\" height=\"470\" \/><img loading=\"lazy\" class=\"alignnone wp-image-5193\" src=https:\/\/bosniauknetwork.org\/wp-content\/uploads\/2020\/02\/6-300x212.jpg\" alt=\"\" width=\"652\" height=\"461\" \/><\/p>\n<p><img loading=\"lazy\" class=\"alignnone wp-image-5194\" src=https:\/\/bosniauknetwork.org\/wp-content\/uploads\/2020\/02\/7-300x212.jpg\" alt=\"\" width=\"710\" height=\"502\" \/><img loading=\"lazy\" class=\"alignnone wp-image-5195\" src=https:\/\/bosniauknetwork.org\/wp-content\/uploads\/2020\/02\/8-300x212.jpg\" alt=\"\" width=\"667\" height=\"471\" \/><\/p>\n<p><img loading=\"lazy\" class=\"alignnone wp-image-5196\" src=https:\/\/bosniauknetwork.org\/wp-content\/uploads\/2020\/02\/9-300x212.jpg\" alt=\"\" width=\"696\" height=\"491\" \/><img loading=\"lazy\" class=\"alignnone wp-image-5197\" src=https:\/\/bosniauknetwork.org\/wp-content\/uploads\/2020\/02\/10-300x212.jpg\" alt=\"\" width=\"659\" height=\"465\" \/><\/p>\n<p><img loading=\"lazy\" class=\"alignnone wp-image-5198\" src=https:\/\/bosniauknetwork.org\/wp-content\/uploads\/2020\/02\/11-300x212.jpg\" alt=\"\" width=\"637\" height=\"450\" \/><img loading=\"lazy\" class=\"alignnone wp-image-5199\" src=https:\/\/bosniauknetwork.org\/wp-content\/uploads\/2020\/02\/12-300x212.jpg\" alt=\"\" width=\"635\" height=\"449\" \/><\/p>\n<\/div>\n<\/div>\n<\/div>\n<\/div>\n","protected":false},"excerpt":{"rendered":"<p>Vanjskotrgovinska komora Bosne i Hercegovine u saradnji sa Grupacijom organizatora sajmova u BiH svake godine izra\u0111uje \\'\\'Kalendar sajmova i manifestacija u Bosni i Hercegovini\\'\\&#8217; koji pru\u017ea detaljan i hronolo\u0161ki pregled [&hellip;]<\/p>\n","protected":false},"author":1,"featured_media":11338,"comment_status":"closed","ping_status":"closed","sticky":false,"template":"","format":"standard","meta":{"site-sidebar-layout":"default","site-content-layout":"","ast-site-content-layout":"default","site-content-style":"default","site-sidebar-style":"default","ast-global-header-display":"","ast-banner-title-visibility":"","ast-main-header-display":"","ast-hfb-above-header-display":"","ast-hfb-below-header-display":"","ast-hfb-mobile-header-display":"","site-post-title":"","ast-breadcrumbs-content":"","ast-featured-img":"","footer-sml-layout":"","ast-disable-related-posts":"","theme-transparent-header-meta":"","adv-header-id-meta":"","stick-header-meta":"","header-above-stick-meta":"","header-main-stick-meta":"","header-below-stick-meta":"","astra-migrate-meta-layouts":"default","ast-page-background-enabled":"default","ast-page-background-meta":{"desktop":{"background-color":"","background-image":"","background-repeat":"repeat","background-position":"center center","background-size":"auto","background-attachment":"scroll","background-type":"","background-media":"","overlay-type":"","overlay-color":"","overlay-opacity":"","overlay-gradient":""},"tablet":{"background-color":"","background-image":"","background-repeat":"repeat","background-position":"center center","background-size":"auto","background-attachment":"scroll","background-type":"","background-media":"","overlay-type":"","overlay-color":"","overlay-opacity":"","overlay-gradient":""},"mobile":{"background-color":"","background-image":"","background-repeat":"repeat","background-position":"center center","background-size":"auto","background-attachment":"scroll","background-type":"","background-media":"","overlay-type":"","overlay-color":"","overlay-opacity":"","overlay-gradient":""}},"ast-content-background-meta":{"desktop":{"background-color":"var(--ast-global-color-5)","background-image":"","background-repeat":"repeat","background-position":"center center","background-size":"auto","background-attachment":"scroll","background-type":"","background-media":"","overlay-type":"","overlay-color":"","overlay-opacity":"","overlay-gradient":""},"tablet":{"background-color":"var(--ast-global-color-5)","background-image":"","background-repeat":"repeat","background-position":"center center","background-size":"auto","background-attachment":"scroll","background-type":"","background-media":"","overlay-type":"","overlay-color":"","overlay-opacity":"","overlay-gradient":""},"mobile":{"background-color":"var(--ast-global-color-5)","background-image":"","background-repeat":"repeat","background-position":"center center","background-size":"auto","background-attachment":"scroll","background-type":"","background-media":"","overlay-type":"","overlay-color":"","overlay-opacity":"","overlay-gradient":""}},"_themeisle_gutenberg_block_has_review":false,"footnotes":""},"categories":[6],"tags":[],"class_list":["post-5184","post","type-post","status-publish","format-standard","has-post-thumbnail","hentry","category-news-updates"],"_links":{"self":[{"href":"https:\/\/bosniauknetwork.org\/bs\/wp-json\/wp\/v2\/posts\/5184","targetHints":{"allow":["GET"]}}],"collection":[{"href":"https:\/\/bosniauknetwork.org\/bs\/wp-json\/wp\/v2\/posts"}],"about":[{"href":"https:\/\/bosniauknetwork.org\/bs\/wp-json\/wp\/v2\/types\/post"}],"author":[{"embeddable":true,"href":"https:\/\/bosniauknetwork.org\/bs\/wp-json\/wp\/v2\/users\/1"}],"replies":[{"embeddable":true,"href":"https:\/\/bosniauknetwork.org\/bs\/wp-json\/wp\/v2\/comments?post=5184"}],"version-history":[{"count":0,"href":"https:\/\/bosniauknetwork.org\/bs\/wp-json\/wp\/v2\/posts\/5184\/revisions"}],"wp:featuredmedia":[{"embeddable":true,"href":"https:\/\/bosniauknetwork.org\/bs\/wp-json\/wp\/v2\/media\/11338"}],"wp:attachment":[{"href":"https:\/\/bosniauknetwork.org\/bs\/wp-json\/wp\/v2\/media?parent=5184"}],"wp:term":[{"taxonomy":"category","embeddable":true,"href":"https:\/\/bosniauknetwork.org\/bs\/wp-json\/wp\/v2\/categories?post=5184"},{"taxonomy":"post_tag","embeddable":true,"href":"https:\/\/bosniauknetwork.org\/bs\/wp-json\/wp\/v2\/tags?post=5184"}],"curies":[{"name":"wp","href":"https:\/\/api.w.org\/{rel}","templated":true}]}}