{"id":5362,"date":"2020-02-27T18:13:47","date_gmt":"2020-02-27T18:13:47","guid":{"rendered":"https:\/\/bosniauknetwork.org\/5362-2\/"},"modified":"2020-02-27T18:13:47","modified_gmt":"2020-02-27T18:13:47","slug":"5362-2","status":"publish","type":"post","link":"https:\/\/bosniauknetwork.org\/bs\/5362-2\/","title":{"rendered":"NJ.V. princ od Velsa, \u010carls Artur D\u017eord\u017e  u posjeti Srebrenici"},"content":{"rendered":"<p><i>\u201cRemembering Srebrenica\u201d<\/i>\u00a0u Velikoj Britaniji se raduje potvr\u0111enoj informaciji da\u00a0\u00a0\u0107e NJ.V. princ od Velsa, \u010carls Artur D\u017eord\u017e\u00a0 slu\u017ebeno posjetiti Srebrenicu slijede\u0107eg mjeseca povodom obilje\u017eavanja 25. godi\u0161njice genocida.<\/p>\n<p>Princ od Velsa \u0107e se sastati s pre\u017eivjelima i majkama koje su u genocidu izgubile sinove, mu\u017eeve i drugu mu\u0161ku rodbinu. Potom \u0107e polo\u017eiti vijenac i odati po\u010dast \u017ertvama na Memorijalnom centru Srebrenica-Poto\u010dari gdje je preko 8000 muslimanskih mu\u0161karaca i dje\u010daka sistematski ubijeno zbog njihovog identiteta, u razmaku od samo nekoliko dana, jula 1995. godine, u onome \u0161to je bilo najgori zlo\u010din na tlu Evrope nakon Drugog svjetskog rata.<\/p>\n<p>Princ od Velsa je imao priliku upoznati neke od pre\u017eivjelih i majke koje jo\u0161 uvek tra\u017ee svoje nestale \u010dlanove porodice u prisustvu dr. Waqar Azmija OBE osniva\u010da\u00a0<i>\u201cRemembering Srebrenica\u201d<\/i>\u00a0\u00a0organizacije, 10. jula 2018 godine\u00a0\u00a0kada je Njegovo kraljevsko viso\u010danstvo uprili\u010dilo prijem vo\u0111ama zapadnog Balkana u Clarence House.<\/p>\n<p>Prin\u010deva poseta je planirana ta\u010dno pet godina od posjete princeze Anne Srebrenici tokom koje je pohvalila rad i aktivnosti\u00a0<i>\u201cRemembering Srebrenica\u201d<\/i>\u00a0\u00a0organizacije u Velikoj Britaniji.<\/p>\n<p>Od samog osnivanja ,\u00a0<i>\u201cRemembering Srebrenica\u201d<\/i>\u00a0\u00a0organizacija je edukovala 100.000 djece u britanskim \u0161kolama, stvorila je 1.350 prvaka zajednice da se suprotstave mr\u017enji i netrpeljivosti u svojim zajednicama i organiziraju godi\u0161nje 1.100 memorijalnih doga\u0111aja i aktivnosti povodom genocida u Srebrenici \u0161irom razli\u010ditih gradova i mjesta u Velikoj Britaniji kako bi spojili zajednice , odali po\u010dast \u017ertvama i pomogli u izgradnji kohezivnijih zajednica.<img fetchpriority=\"high\" class=\" wp-image-5363 alignleft\" src=https:\/\/bosniauknetwork.org\/wp-content\/uploads\/2020\/02\/Waqar-Azmi-with-Princess-Anne-in-Sarajevo-300x200.jpg\" alt=\"\" width=\"983\" height=\"655\" \/><\/p>\n<p>Tema za ovogodi\u0161nju komemoraciju 25.godi\u0161njice genocida u Srebrenici je \u201c<b>Svaki korak je va\u017ean<\/b>\u00a0\u201c (Every action matters).\u00a0Temu je obznanio\u00a0<b><i>Rt. The Hon. Robert Jenrick<\/i><\/b>, sekretar za stanovanje, zajednice i lokalnu upravu u vladi premijera Velike Britanije\u00a0<b><i>Borisa Johnsona<\/i><\/b>.\u00a0Cilj ove teme je motivirati ljude da poka\u017eu da njhovim postupcima, bez obzira koliko veliki ili mali, mogu da se suprostave mr\u017enji, predrasudama i negiranju genocida.<\/p>\n<p>Patron dobrotvorne organizacije Remembering\u00a0\u00a0Srebrenice u Velikoj Britaniji, Lord Bourne od Aberystwyth-a, rekao je: \u201ePosjeta princa od Walesa obilje\u017eit \u0107e 100 dana do Sedmice sje\u0107anja na Genocid u Srebrenicu u Velikoj Britaniji koja \u0107e se odr\u017eati od 5. do 12. jula i vidjeti stotine memorijalnih doga\u0111aja i aktivnosti\u00a0\u00a0koje se odr\u017eavaju \u0161irom Velike Britanije okupljaju\u0107i zajednice kako bi odali po\u010dast \u017ertvama i odbacili mr\u017enju.\u00a0\u00a0Nacionalni dan sje\u0107anja na Srebrenicu u Velikoj Britaniji odr\u017eat \u0107e se u Katedrali Svetog Pavla 6. jula gdje ce oko 2000 gostiju prisustvovati \u201c, rekao je.<\/p>\n<p>Dr Waqar Azmi OBE, predsjednik Remembering Srebrenice\u00a0\u00a0u Velikoj Britaniji, rekao je: \u201ePozdravljamo posjetu\u00a0\u00a0Princa od Welsa\u00a0\u00a0Srebrenici u ovoj zna\u010dajnoj godi\u0161njici koja \u0107e poslati sna\u017enu poruku svijetu o va\u017enosti odbacivanja podjela i mr\u017enje i izgradnje kohezivnih zajednica.<\/p>\n<p>Posjeta princa od Walesa tako\u0111er \u0161alje sna\u017enu poruku onima koji negiraju genocid, veli\u010daju po\u010dinitelje i nastavljaju sa podjelama, da se okupe i odbace mr\u017enju i pomirenje u\u010dine stvarnim za sve.\u201d<\/p>\n","protected":false},"excerpt":{"rendered":"<p>\u201cRemembering Srebrenica\u201d\u00a0u Velikoj Britaniji se raduje potvr\u0111enoj informaciji da\u00a0\u00a0\u0107e NJ.V. princ od Velsa, \u010carls Artur D\u017eord\u017e\u00a0 slu\u017ebeno posjetiti Srebrenicu slijede\u0107eg mjeseca povodom obilje\u017eavanja 25. godi\u0161njice genocida. Princ od Velsa \u0107e [&hellip;]<\/p>\n","protected":false},"author":1,"featured_media":11415,"comment_status":"closed","ping_status":"closed","sticky":false,"template":"","format":"standard","meta":{"site-sidebar-layout":"default","site-content-layout":"","ast-site-content-layout":"default","site-content-style":"default","site-sidebar-style":"default","ast-global-header-display":"","ast-banner-title-visibility":"","ast-main-header-display":"","ast-hfb-above-header-display":"","ast-hfb-below-header-display":"","ast-hfb-mobile-header-display":"","site-post-title":"","ast-breadcrumbs-content":"","ast-featured-img":"","footer-sml-layout":"","ast-disable-related-posts":"","theme-transparent-header-meta":"","adv-header-id-meta":"","stick-header-meta":"","header-above-stick-meta":"","header-main-stick-meta":"","header-below-stick-meta":"","astra-migrate-meta-layouts":"default","ast-page-background-enabled":"default","ast-page-background-meta":{"desktop":{"background-color":"","background-image":"","background-repeat":"repeat","background-position":"center center","background-size":"auto","background-attachment":"scroll","background-type":"","background-media":"","overlay-type":"","overlay-color":"","overlay-opacity":"","overlay-gradient":""},"tablet":{"background-color":"","background-image":"","background-repeat":"repeat","background-position":"center center","background-size":"auto","background-attachment":"scroll","background-type":"","background-media":"","overlay-type":"","overlay-color":"","overlay-opacity":"","overlay-gradient":""},"mobile":{"background-color":"","background-image":"","background-repeat":"repeat","background-position":"center center","background-size":"auto","background-attachment":"scroll","background-type":"","background-media":"","overlay-type":"","overlay-color":"","overlay-opacity":"","overlay-gradient":""}},"ast-content-background-meta":{"desktop":{"background-color":"var(--ast-global-color-5)","background-image":"","background-repeat":"repeat","background-position":"center center","background-size":"auto","background-attachment":"scroll","background-type":"","background-media":"","overlay-type":"","overlay-color":"","overlay-opacity":"","overlay-gradient":""},"tablet":{"background-color":"var(--ast-global-color-5)","background-image":"","background-repeat":"repeat","background-position":"center center","background-size":"auto","background-attachment":"scroll","background-type":"","background-media":"","overlay-type":"","overlay-color":"","overlay-opacity":"","overlay-gradient":""},"mobile":{"background-color":"var(--ast-global-color-5)","background-image":"","background-repeat":"repeat","background-position":"center center","background-size":"auto","background-attachment":"scroll","background-type":"","background-media":"","overlay-type":"","overlay-color":"","overlay-opacity":"","overlay-gradient":""}},"_themeisle_gutenberg_block_has_review":false,"footnotes":""},"categories":[6],"tags":[],"class_list":["post-5362","post","type-post","status-publish","format-standard","has-post-thumbnail","hentry","category-news-updates"],"_links":{"self":[{"href":"https:\/\/bosniauknetwork.org\/bs\/wp-json\/wp\/v2\/posts\/5362","targetHints":{"allow":["GET"]}}],"collection":[{"href":"https:\/\/bosniauknetwork.org\/bs\/wp-json\/wp\/v2\/posts"}],"about":[{"href":"https:\/\/bosniauknetwork.org\/bs\/wp-json\/wp\/v2\/types\/post"}],"author":[{"embeddable":true,"href":"https:\/\/bosniauknetwork.org\/bs\/wp-json\/wp\/v2\/users\/1"}],"replies":[{"embeddable":true,"href":"https:\/\/bosniauknetwork.org\/bs\/wp-json\/wp\/v2\/comments?post=5362"}],"version-history":[{"count":0,"href":"https:\/\/bosniauknetwork.org\/bs\/wp-json\/wp\/v2\/posts\/5362\/revisions"}],"wp:featuredmedia":[{"embeddable":true,"href":"https:\/\/bosniauknetwork.org\/bs\/wp-json\/wp\/v2\/media\/11415"}],"wp:attachment":[{"href":"https:\/\/bosniauknetwork.org\/bs\/wp-json\/wp\/v2\/media?parent=5362"}],"wp:term":[{"taxonomy":"category","embeddable":true,"href":"https:\/\/bosniauknetwork.org\/bs\/wp-json\/wp\/v2\/categories?post=5362"},{"taxonomy":"post_tag","embeddable":true,"href":"https:\/\/bosniauknetwork.org\/bs\/wp-json\/wp\/v2\/tags?post=5362"}],"curies":[{"name":"wp","href":"https:\/\/api.w.org\/{rel}","templated":true}]}}