{"id":5373,"date":"2020-03-03T15:48:00","date_gmt":"2020-03-03T15:48:00","guid":{"rendered":"https:\/\/bosniauknetwork.org\/proslava-dana-nezavisnosti-u-velikoj-britaniji-ambasada-bih-ispunjena-pjesmom-i-djecijom-radoscu\/"},"modified":"2020-03-03T15:48:00","modified_gmt":"2020-03-03T15:48:00","slug":"proslava-dana-nezavisnosti-u-velikoj-britaniji-ambasada-bih-ispunjena-pjesmom-i-djecijom-radoscu","status":"publish","type":"post","link":"https:\/\/bosniauknetwork.org\/bs\/proslava-dana-nezavisnosti-u-velikoj-britaniji-ambasada-bih-ispunjena-pjesmom-i-djecijom-radoscu\/","title":{"rendered":"Dan nezavisnosti u Velikoj Britaniji:\u00a0\u00a0AMBASADA BIH ISPUNJENA PJESMOM I DJE\u010cIJOM RADO\u0160\u0106U"},"content":{"rendered":"<p><strong><em>Zgrada Ambasade Bosne i Hercegovine u Londonu bila je premala da primi veliki broj gostiju koji su do\u0161li iz raznih krajeva Ujedinjenog Kraljevstva da zajedno proslave Dan nezavisnosti na\u0161e domovine.<\/em><\/strong><\/p>\n<p>BH UK Network je u suradnji sa Ambasadom Bosne i Hercegovine u Velikoj Britaniji i svojim \u010dlanicama, BH udru\u017eenjima u UK, organizovao sve\u010dani program povodom proslave Dana nezavisnosti BiH. U programu\u00a0 su u\u010destvovali u\u010denici koji poha\u0111aju bh.dopunske \u0161kole u Velikoj Britaniji (\u0161kole Birmingham, Coventry, Victoria London i Hertfordshire) i KUD <em>Mladost Bosne<\/em> iz Birmingama.\u00a0<img fetchpriority=\"high\" class=\" wp-image-5376 alignright\" src=https:\/\/bosniauknetwork.org\/wp-content\/uploads\/2020\/03\/Ambasador-BiH-u-UK-Nj.-E.-Vanja-Filipovi\u0107-225x300.jpg\" alt=\"\" width=\"539\" height=\"719\" \/><\/p>\n<p>Iako kilometrima udaljeni od svoje mati\u010dne zemlje, gra\u0111ani BiH koji \u017eive i rade u Velikoj Britaniji okupili su se da proslave ovaj zna\u010dajan datum za na\u0161u domovinu, Bosnu i Hercegovinu. Ova prilika je bila posebna za sve , naro\u010dito najmla\u0111e, budu\u0107i da je program odr\u017ean u prostorijama BiH Ambasade u Londonu. Prisutni su imali priliku upoznati se sa na\u0161im Ambasadorom, njegovom ekselencijom Vanjom Filipovi\u0107 i drugim osobljem. \u00a0Za mnoge mali\u0161ane ovo je ujedno bila i prva prilika da posjete na\u0161u Ambasadu.<img class=\" wp-image-5380 alignleft\" src=https:\/\/bosniauknetwork.org\/wp-content\/uploads\/2020\/03\/BiH-Dopunska-skola-London-300x225.jpg\" alt=\"\" width=\"1053\" height=\"790\" \/><\/p>\n<p>Nakon izvedbe himne u pratnji gitare Hanne Jalisi, biv\u0161e u\u010denice bh.dopunske \u0161kole Victoria, prisutne je pozdravio ambassador Bosne I Hercegovine u Velikoj Britaniji, njegova ekselencija \u00a0Vanja Filipovi\u0107. Ambasador Filipovi\u0107 je po\u017eelio dobrodo\u0161licu u ambasadu BiH svim nastavnicima\/volonterima dopunskih bh. \u0161kola, u\u010denicima, roditeljima i organizatorima iz BH UK Networka. Istakao je da ga izuzetno raduje \u010dinjenica da se nove, mlade generacije upoznavaju sa jezikom, kulturom i tradicijom Bosne i Hercegovine, a to zna\u010di i obilje\u017eavanjem jednog od najva\u017enijih datuma u istoriji na\u0161e zemlje, Dana nezavisnosti.<img class=\"alignnone wp-image-5378\" src=https:\/\/bosniauknetwork.org\/wp-content\/uploads\/2020\/03\/BH-dopunska-skola-Coventry-300x225.jpg\" alt=\"\" width=\"1308\" height=\"981\" \/><\/p>\n<p>Izraziv\u0161i zadovoljstvo \u0161to vidi veliki broj prisutnih bosanaca i hercegovaca u prostorijama BiH Ambasade u Velikoj Britaniji, publici se obratio i predsjednik BH UK Networka, Zaim Pa\u0161i\u0107. \u201cBosna i Hercegovina ima svoje praznike, ali Dan nezavisnosti\u00a0 je poseban zbog istine da je \u00a0BiH nastavila svoj kontinuitet nezavisnosti koji je imala od Kulina Bana. Danas u ambasadi Bosne i Hercegovine je radost vidjeti najmla\u0111e bosance i hercegovce kako vole svoju domovinu. Danas su upravo oni u centru pa\u017enje svojim nastupom. Hvala NJ.E. Vanji Filipovi\u0107u koji je podr\u017eao ovu manifestaciju i sve na\u0161e zajednice. \u017delim se zahvaliti roditeljima i u\u010diteljima koji zajedno kroz dopunske \u0161kole \u010duvaju i njeguju osnovu\u00a0 kulture na\u0161e domovine.\u201d, rekao je gospodin Pa\u0161i\u0107.<img loading=\"lazy\" class=\"alignnone wp-image-5379\" src=https:\/\/bosniauknetwork.org\/wp-content\/uploads\/2020\/03\/BiH-dopunska-skola-Birmingham-300x225.jpg\" alt=\"\" width=\"1273\" height=\"954\" \/><\/p>\n<p>Nakon pozdravnih govora uslijedilo je predstavljanje bh.dopunskih \u0161kola Birmingham, Coventry , Victoria i Hertfordshire. Najinteresantniji kao i uvijek bili su upravo u\u010denici koji su jo\u0161 jednom pokazali da rad sa u\u010diteljima i volonterima uveliko doprinosi o\u010duvanju i promovisanju na\u0161eg kulturnog identiteta i maternjeg jezika. Sa izuzetno bogatim programom od recitacija (\u0160ta znam o domovini, Bosna \u017eubori, Bosanski Trka\u010di\u2026), pjesama (Ra\u010dunajte na nas, Nema svijeta ni planete, Draga moja BiH, Kad bi svi ljudi na svijetu, Bosna, Bosna, Bosna\u2026) do drame (Bosna, On meni nema Bosne..), izmamili su osmijehe i aplauz publike. Posebnu pa\u017enju je izazvao nastup \u201cprva\u010di\u0107a\u201d bh dopunske \u0161kole Birmingham Noush. Ovom prilikom otpjevala je pjesmu od Alena Islamovi\u0107a \u201cSrce od Bosne\u201d. U septembru se upisala u bh.dopunsku \u0161kolu u Birmingamu kako bi nau\u010dila bosanski jezik. Noush je 36-godi\u0161nja pravnica koja radi doktorat na temu kako su bosanke, koje su bile \u017ertve seksualnog nasilja tokom rata u Bosni i Hercegovini, ispri\u010dale svoje pri\u010de kroz razli\u010dite procese tranzicijske pravde &#8211; Ha\u0161ki tribunal, \u017denski sud i memorijalne doga\u0111aje. Azra Ba\u0161i\u0107, u\u010diteljica u bh.dopunskim \u0161kolama, prisutnima se obratila izvedbom svoje divne sevdalinke. KUD <em>Mladost Bosne<\/em> je imalo jo\u0161 jednom priliku pokazati svoje umije\u0107e, koji su pod budnim okom Fahire Hased\u017ei\u0107 uz malo muzike i plesa definitivno obradovali prisutne.<img loading=\"lazy\" class=\"alignnone wp-image-5377\" src=https:\/\/bosniauknetwork.org\/wp-content\/uploads\/2020\/03\/B-skola-Hertfordshire-300x225.jpg\" alt=\"\" width=\"1563\" height=\"1172\" \/><\/p>\n<p>Prvi mart, Dan nezavisnosti Bosne i Hercegovine se smatra jednim od najzna\u010dajnijih datuma u modernoj historiji BiH. Punoljetni gra\u0111ani Socijalisti\u010dke republike Bosne i Hercegovine glasali su o nezavisnosti Bosne i Hercegovine na referendumu koji je odr\u017ean 29. februara i 1. marta 1992. godine. Referendumsko pitanje je glasilo: Jeste li za suverenu i nezavisnu Bosnu i Hercegovinu, dr\u017eavu ravnopravnih gra\u0111ana, naroda BiH &#8211; Muslimana, Srba, Hrvata i pripadnika drugih naroda koji u njoj \u017eive? Referendumu je pristupilo ukupno 2.073.568 glasa\u010da \u0161to je predstavljalo izlaznost od 63,6%. Od ukupno iza\u0161lih na glasanje njih 99,7% je glasalo za nezavisnost, a 0,3% protiv te odluke. Rezultati referenduma su prihva\u0107eni 6. marta iste godine u Parlamentu Bosne i Hercegovine.<\/p>\n<p>Svim gra\u0111anima Bosne i Hercegovine \u010destitamo Dan nezavisnosti jedne i jedine nam domovine.<\/p>\n<p>BH UK Network<\/p>\n<p><img loading=\"lazy\" class=\"alignnone wp-image-5375\" src=https:\/\/bosniauknetwork.org\/wp-content\/uploads\/2020\/03\/Ambasada-BiH-London1-300x225.jpg\" alt=\"\" width=\"1548\" height=\"1161\" \/><\/p>\n<p><img loading=\"lazy\" class=\"alignnone wp-image-5381\" src=https:\/\/bosniauknetwork.org\/wp-content\/uploads\/2020\/03\/Britanka-Noush-izvodi-pjesmu-Srce-od-Bosne-225x300.jpg\" alt=\"\" width=\"1544\" height=\"2059\" \/><\/p>\n<p><img loading=\"lazy\" class=\"alignnone wp-image-5374\" src=https:\/\/bosniauknetwork.org\/wp-content\/uploads\/2020\/03\/Ambasada-BiH-London-300x225.jpg\" alt=\"\" width=\"1540\" height=\"1155\" \/><\/p>\n<p><img loading=\"lazy\" class=\"alignnone wp-image-5385\" src=https:\/\/bosniauknetwork.org\/wp-content\/uploads\/2020\/03\/Polazak-ispred-Bosanske-ku\u0107e-u-Birminghamu-za-London-300x189.jpg\" alt=\"\" width=\"1543\" height=\"972\" \/><\/p>\n<p>&nbsp;<\/p>\n<p><img loading=\"lazy\" class=\"alignnone wp-image-5382\" src=https:\/\/bosniauknetwork.org\/wp-content\/uploads\/2020\/03\/KUD-Mladost-Bosne-Birmingham-300x225.jpg\" alt=\"\" width=\"1539\" height=\"1154\" \/><\/p>\n","protected":false},"excerpt":{"rendered":"<p>Zgrada Ambasade Bosne i Hercegovine u Londonu bila je premala da primi veliki broj gostiju koji su do\u0161li iz raznih krajeva Ujedinjenog Kraljevstva da zajedno proslave Dan nezavisnosti na\u0161e domovine. [&hellip;]<\/p>\n","protected":false},"author":1,"featured_media":11439,"comment_status":"closed","ping_status":"closed","sticky":false,"template":"","format":"standard","meta":{"site-sidebar-layout":"default","site-content-layout":"","ast-site-content-layout":"default","site-content-style":"default","site-sidebar-style":"default","ast-global-header-display":"","ast-banner-title-visibility":"","ast-main-header-display":"","ast-hfb-above-header-display":"","ast-hfb-below-header-display":"","ast-hfb-mobile-header-display":"","site-post-title":"","ast-breadcrumbs-content":"","ast-featured-img":"","footer-sml-layout":"","ast-disable-related-posts":"","theme-transparent-header-meta":"","adv-header-id-meta":"","stick-header-meta":"","header-above-stick-meta":"","header-main-stick-meta":"","header-below-stick-meta":"","astra-migrate-meta-layouts":"default","ast-page-background-enabled":"default","ast-page-background-meta":{"desktop":{"background-color":"","background-image":"","background-repeat":"repeat","background-position":"center center","background-size":"auto","background-attachment":"scroll","background-type":"","background-media":"","overlay-type":"","overlay-color":"","overlay-opacity":"","overlay-gradient":""},"tablet":{"background-color":"","background-image":"","background-repeat":"repeat","background-position":"center center","background-size":"auto","background-attachment":"scroll","background-type":"","background-media":"","overlay-type":"","overlay-color":"","overlay-opacity":"","overlay-gradient":""},"mobile":{"background-color":"","background-image":"","background-repeat":"repeat","background-position":"center center","background-size":"auto","background-attachment":"scroll","background-type":"","background-media":"","overlay-type":"","overlay-color":"","overlay-opacity":"","overlay-gradient":""}},"ast-content-background-meta":{"desktop":{"background-color":"var(--ast-global-color-5)","background-image":"","background-repeat":"repeat","background-position":"center center","background-size":"auto","background-attachment":"scroll","background-type":"","background-media":"","overlay-type":"","overlay-color":"","overlay-opacity":"","overlay-gradient":""},"tablet":{"background-color":"var(--ast-global-color-5)","background-image":"","background-repeat":"repeat","background-position":"center center","background-size":"auto","background-attachment":"scroll","background-type":"","background-media":"","overlay-type":"","overlay-color":"","overlay-opacity":"","overlay-gradient":""},"mobile":{"background-color":"var(--ast-global-color-5)","background-image":"","background-repeat":"repeat","background-position":"center center","background-size":"auto","background-attachment":"scroll","background-type":"","background-media":"","overlay-type":"","overlay-color":"","overlay-opacity":"","overlay-gradient":""}},"_themeisle_gutenberg_block_has_review":false,"footnotes":""},"categories":[6],"tags":[],"class_list":["post-5373","post","type-post","status-publish","format-standard","has-post-thumbnail","hentry","category-news-updates"],"_links":{"self":[{"href":"https:\/\/bosniauknetwork.org\/bs\/wp-json\/wp\/v2\/posts\/5373","targetHints":{"allow":["GET"]}}],"collection":[{"href":"https:\/\/bosniauknetwork.org\/bs\/wp-json\/wp\/v2\/posts"}],"about":[{"href":"https:\/\/bosniauknetwork.org\/bs\/wp-json\/wp\/v2\/types\/post"}],"author":[{"embeddable":true,"href":"https:\/\/bosniauknetwork.org\/bs\/wp-json\/wp\/v2\/users\/1"}],"replies":[{"embeddable":true,"href":"https:\/\/bosniauknetwork.org\/bs\/wp-json\/wp\/v2\/comments?post=5373"}],"version-history":[{"count":0,"href":"https:\/\/bosniauknetwork.org\/bs\/wp-json\/wp\/v2\/posts\/5373\/revisions"}],"wp:featuredmedia":[{"embeddable":true,"href":"https:\/\/bosniauknetwork.org\/bs\/wp-json\/wp\/v2\/media\/11439"}],"wp:attachment":[{"href":"https:\/\/bosniauknetwork.org\/bs\/wp-json\/wp\/v2\/media?parent=5373"}],"wp:term":[{"taxonomy":"category","embeddable":true,"href":"https:\/\/bosniauknetwork.org\/bs\/wp-json\/wp\/v2\/categories?post=5373"},{"taxonomy":"post_tag","embeddable":true,"href":"https:\/\/bosniauknetwork.org\/bs\/wp-json\/wp\/v2\/tags?post=5373"}],"curies":[{"name":"wp","href":"https:\/\/api.w.org\/{rel}","templated":true}]}}