{"id":5426,"date":"2020-03-17T14:41:00","date_gmt":"2020-03-17T14:41:00","guid":{"rendered":"https:\/\/bosniauknetwork.org\/dragi-prijatelji-u-posjeti-bosanskoj-kuci\/"},"modified":"2020-03-17T14:41:00","modified_gmt":"2020-03-17T14:41:00","slug":"dragi-prijatelji-u-posjeti-bosanskoj-kuci","status":"publish","type":"post","link":"https:\/\/bosniauknetwork.org\/bs\/dragi-prijatelji-u-posjeti-bosanskoj-kuci\/","title":{"rendered":"Dragi prijatelji  u posjeti Bosanskoj ku\u0107i"},"content":{"rendered":"<p>Tokom prethodnog vikenda posjetom su nas obradovali Mujo Deli\u0107 i Huso Bekti\u0107. Na\u0161li su vremena da do\u0111u s juga Engleske, koliko to njihove obaveze dozvoljavaju i posjete prostorije Bosanske ku\u0107e u Birmingamu.\u00a0\u00a0Radi se o pre\u017eivjelim \u017ertvama srebreni\u010dkog genocida koji su se od trenutka svog dolaska na ostrvsko tlo sa svojim porodicama trudili da izgrade novi \u017eivot.<\/p>\n<p>Mujo Deli\u0107 je bio vi\u0161egodi\u0161nji \u010dlan\u00a0\u00a0Upravnog odbora BH UK Networka te je izrazio iskreno zadovoljstvo nakon \u0161to je vidio Bosansku ku\u0107u u novom svijetlu.<\/p>\n<figure id=\"attachment_5428\" aria-describedby=\"caption-attachment-5428\" style=\"width: 1285px\" class=\"wp-caption alignnone\"><img fetchpriority=\"high\" class=\"wp-image-5428\" src=https:\/\/bosniauknetwork.org\/wp-content\/uploads\/2020\/03\/image-17-03-20-02-20-5-300x225.jpeg\" alt=\"\" width=\"1285\" height=\"963\" \/><figcaption id=\"caption-attachment-5428\" class=\"wp-caption-text\"><strong>Mujo Deli\u0107 i Huso Bekti\u0107 ispred Bosanske ku\u0107e u Birminghamu<\/strong><\/figcaption><\/figure>\n<p>Tokom posjete, razgovarali su o pripremama za obilje\u017eavanje 25.godi\u0161njice genocida u Srebrenici i kako na\u0161a zajednica u Velikoj Britaniji mo\u017ee konkretno pomo\u0107i.\u00a0\u00a0Pohvalili su rad i izrazili bezrezervnu podr\u0161ku organizaciji \u201cRemembering Srebrenica\u201d. Razgovoralo se i kako se bh.gra\u0111ani mogu i trebaju jo\u0161 aktivnije\u00a0uklju\u010diti i pomo\u0107i realizaciji planiranih komemoracija za teku\u0107u godinu.<\/p>\n<figure id=\"attachment_5434\" aria-describedby=\"caption-attachment-5434\" style=\"width: 589px\" class=\"wp-caption alignright\"><img class=\"wp-image-5434\" src=https:\/\/bosniauknetwork.org\/wp-content\/uploads\/2020\/03\/every-action-matters-300x296.jpg\" alt=\"\" width=\"589\" height=\"581\" \/><figcaption id=\"caption-attachment-5434\" class=\"wp-caption-text\"><em><strong>Tema &#8220;Remembering Srebrenica&#8221; organizacije 2020 : Svaki korak je va\u017ean<\/strong><\/em><\/figcaption><\/figure>\n<p>Organizacija \u201cRemembering Srebrenica\u201d je osnovana 2013 godine i sjedi\u0161te je u Birminghamu, Velika Britanija. Cilj organizacije je\u00a0\u0161irenje svijesti o genocidu u Bosni i Hercegovini, o tome \u0161ta mr\u017enja donosi, obrazovanju mladih o zvjerstvima u Srebrenici.\u00a0Do sada su uspjeli da obrazuju vi\u0161e od 90.000 mladih britanaca o genocidu u Srebrenici, organizovali se preko 6.200 doga\u0111aja u znak sje\u0107anja na \u017ertve genocida.Tako\u0111e su organizovali da 1200 britanaca posjeti memorijalni centar Poto\u010dari.\u00a0Stotine komemoracija na ovu temu \u0107e se odr\u017eati \u0161irom zemlje u lokalnim zajednicama, \u0161kolama i gradskim vije\u0107nicama tokom Sedmice sje\u0107anja na genocid u Srebrenici u Velikoj Britaniji koja \u0107e trajati od 5. do 12. jula 2020. Centralna komemoracija odr\u017eat \u0107e se u Katedrali Svetog Pavla u ponedjeljak, 6. jula 2020. Godine. O\u010dekuje se prisustvo vi\u0161e od 2.000 gostiju, uklju\u010duju\u0107i civilne i politi\u010dke vo\u0111e, \u010dlanove bosanske zajednice i u\u010denike<\/p>\n<p>&nbsp;<\/p>\n<figure id=\"attachment_5430\" aria-describedby=\"caption-attachment-5430\" style=\"width: 1159px\" class=\"wp-caption alignright\"><img class=\"wp-image-5430\" src=https:\/\/bosniauknetwork.org\/wp-content\/uploads\/2020\/03\/image-17-03-20-02-20-6-300x225.jpeg\" alt=\"\" width=\"1159\" height=\"869\" \/><figcaption id=\"caption-attachment-5430\" class=\"wp-caption-text\"><em><strong>Mujo i Huso ispred rodne ku\u0107e Vilijama \u0160ekspira<\/strong><\/em><\/figcaption><\/figure>\n<p>Nakon posjete Bosanskoj ku\u0107i, boravak dragih prijatelja u Birminghamu je iskori\u0161ten i za posjetu obli\u017enjem gradi\u0107u\u00a0Stratford Upon Avon,\u00a0rodnom mjestu\u00a0Vilijama \u0160ekspira\u00a0(Williama Shakespearea)\u00a0koji se smatra najve\u0107im piscem na engleskom jeziku svih vremena, a ujedno i\u00a0 najve\u0107im svjetskim dramati\u010darom.<\/p>\n<p>&nbsp;<\/p>\n","protected":false},"excerpt":{"rendered":"<p>Tokom prethodnog vikenda posjetom su nas obradovali Mujo Deli\u0107 i Huso Bekti\u0107. Na\u0161li su vremena da do\u0111u s juga Engleske, koliko to njihove obaveze dozvoljavaju i posjete prostorije Bosanske ku\u0107e [&hellip;]<\/p>\n","protected":false},"author":1,"featured_media":11483,"comment_status":"closed","ping_status":"closed","sticky":false,"template":"","format":"standard","meta":{"site-sidebar-layout":"default","site-content-layout":"","ast-site-content-layout":"default","site-content-style":"default","site-sidebar-style":"default","ast-global-header-display":"","ast-banner-title-visibility":"","ast-main-header-display":"","ast-hfb-above-header-display":"","ast-hfb-below-header-display":"","ast-hfb-mobile-header-display":"","site-post-title":"","ast-breadcrumbs-content":"","ast-featured-img":"","footer-sml-layout":"","ast-disable-related-posts":"","theme-transparent-header-meta":"","adv-header-id-meta":"","stick-header-meta":"","header-above-stick-meta":"","header-main-stick-meta":"","header-below-stick-meta":"","astra-migrate-meta-layouts":"default","ast-page-background-enabled":"default","ast-page-background-meta":{"desktop":{"background-color":"","background-image":"","background-repeat":"repeat","background-position":"center center","background-size":"auto","background-attachment":"scroll","background-type":"","background-media":"","overlay-type":"","overlay-color":"","overlay-opacity":"","overlay-gradient":""},"tablet":{"background-color":"","background-image":"","background-repeat":"repeat","background-position":"center center","background-size":"auto","background-attachment":"scroll","background-type":"","background-media":"","overlay-type":"","overlay-color":"","overlay-opacity":"","overlay-gradient":""},"mobile":{"background-color":"","background-image":"","background-repeat":"repeat","background-position":"center center","background-size":"auto","background-attachment":"scroll","background-type":"","background-media":"","overlay-type":"","overlay-color":"","overlay-opacity":"","overlay-gradient":""}},"ast-content-background-meta":{"desktop":{"background-color":"var(--ast-global-color-5)","background-image":"","background-repeat":"repeat","background-position":"center center","background-size":"auto","background-attachment":"scroll","background-type":"","background-media":"","overlay-type":"","overlay-color":"","overlay-opacity":"","overlay-gradient":""},"tablet":{"background-color":"var(--ast-global-color-5)","background-image":"","background-repeat":"repeat","background-position":"center center","background-size":"auto","background-attachment":"scroll","background-type":"","background-media":"","overlay-type":"","overlay-color":"","overlay-opacity":"","overlay-gradient":""},"mobile":{"background-color":"var(--ast-global-color-5)","background-image":"","background-repeat":"repeat","background-position":"center center","background-size":"auto","background-attachment":"scroll","background-type":"","background-media":"","overlay-type":"","overlay-color":"","overlay-opacity":"","overlay-gradient":""}},"_themeisle_gutenberg_block_has_review":false,"footnotes":""},"categories":[6],"tags":[],"class_list":["post-5426","post","type-post","status-publish","format-standard","has-post-thumbnail","hentry","category-news-updates"],"_links":{"self":[{"href":"https:\/\/bosniauknetwork.org\/bs\/wp-json\/wp\/v2\/posts\/5426","targetHints":{"allow":["GET"]}}],"collection":[{"href":"https:\/\/bosniauknetwork.org\/bs\/wp-json\/wp\/v2\/posts"}],"about":[{"href":"https:\/\/bosniauknetwork.org\/bs\/wp-json\/wp\/v2\/types\/post"}],"author":[{"embeddable":true,"href":"https:\/\/bosniauknetwork.org\/bs\/wp-json\/wp\/v2\/users\/1"}],"replies":[{"embeddable":true,"href":"https:\/\/bosniauknetwork.org\/bs\/wp-json\/wp\/v2\/comments?post=5426"}],"version-history":[{"count":0,"href":"https:\/\/bosniauknetwork.org\/bs\/wp-json\/wp\/v2\/posts\/5426\/revisions"}],"wp:featuredmedia":[{"embeddable":true,"href":"https:\/\/bosniauknetwork.org\/bs\/wp-json\/wp\/v2\/media\/11483"}],"wp:attachment":[{"href":"https:\/\/bosniauknetwork.org\/bs\/wp-json\/wp\/v2\/media?parent=5426"}],"wp:term":[{"taxonomy":"category","embeddable":true,"href":"https:\/\/bosniauknetwork.org\/bs\/wp-json\/wp\/v2\/categories?post=5426"},{"taxonomy":"post_tag","embeddable":true,"href":"https:\/\/bosniauknetwork.org\/bs\/wp-json\/wp\/v2\/tags?post=5426"}],"curies":[{"name":"wp","href":"https:\/\/api.w.org\/{rel}","templated":true}]}}