{"id":5513,"date":"2020-04-16T09:06:21","date_gmt":"2020-04-16T09:06:21","guid":{"rendered":"https:\/\/bosniauknetwork.org\/poziv-na-ucesce-projekt-povodom-25-te-godisnjice-srebrenice-i-bosanskog-genocida\/"},"modified":"2020-04-16T09:06:21","modified_gmt":"2020-04-16T09:06:21","slug":"poziv-na-ucesce-projekt-povodom-25-te-godisnjice-srebrenice-i-bosanskog-genocida","status":"publish","type":"post","link":"https:\/\/bosniauknetwork.org\/bs\/poziv-na-ucesce-projekt-povodom-25-te-godisnjice-srebrenice-i-bosanskog-genocida\/","title":{"rendered":"Poziv na u\u010de\u0161\u0107e: Projekt povodom 25-te godi\u0161njice Srebrenice i Bosanskog genocida"},"content":{"rendered":"<div class=\"_xlr\">\n<div id=\"id_5e981e2468ec00400335885\" class=\"text_exposed_root text_exposed\">Poziv na u\u010de\u0161\u0107e povodom 25-te godi\u0161njice Srebrenice i Bosanskog genocida. Povodom godi\u0161njice, tra\u017eimo slike i pri\u010de koje govore o va\u0161em iskustvu kao izbjeglice i osobe koje su pre\u017eivjele rat i genocid u Bosni. Mo\u017eda je to prsten nekog voljenog, slika porodice prije rata, lutka s kojom ste se igrali tokom rata, ne\u0161to sto je s vama ostalo i kad ste oti\u0161li za Dijasporu. Bilo \u0161ta da je, ako je vama va<span class=\"text_exposed_show\">\u017eno mi \u017eelimo da nam se javite!<\/p>\n<p>Ako imate bilo kakvi pitanja oko projekta ili \u017eelite vi\u0161e informacija, slobodno nas kontaktiraj te na arnesa@srebrenica.org.uk.<\/p>\n<p>Tra\u017eimo slike i u\u010de\u0161\u0107e iz cijele Bosne i Hercegovine a i iz Dijaspore&#8230;nije va\u017eno da li ste iz Srebrenice, Sarajeva, Prijedora, Visegrada, Mostara, Trebinje&#8230;itd.<\/p>\n<p>Slike i pri\u010de nam mo\u017eete poslati na amra@srebrenica.org.uk ili arnesa@srebrenica.org.uk.<\/p>\n<p>Molimo vas da podjelite ovaj post sa \u0161to vi\u0161e osoba!<\/p>\n<p>Veliko hvala unaprijed!<\/span><\/div>\n<div id=\"fbPhotoSnowliftLegacyTagList\" class=\"pts fbPhotoLegacyTagList\">\n<div><img fetchpriority=\"high\" class=\"alignnone  wp-image-5514\" src=https:\/\/bosniauknetwork.org\/wp-content\/uploads\/2020\/04\/rs-240x300.jpg\" alt=\"\" width=\"986\" height=\"1233\" \/><\/div>\n<\/div>\n<div id=\"fbPhotoSnowliftCallToActionButton\" class=\"fbPhotosPhotoButtons\"><\/div>\n<div id=\"fbPhotoSnowliftPhotoFundraiser\"><\/div>\n<div id=\"fbPhotoSnowliftOwnerButtons\" class=\"mvm fbPhotosPhotoOwnerButtons stat_elem\"><\/div>\n<div id=\"fbPhotoSnowliftOriginalStory\" class=\"_56lj\"><\/div>\n<div id=\"fbPhotoSnowliftComputerVisionAnnotation\" class=\"fbPhotosPhotoCVAnnotation\"><\/div>\n<\/div>\n<div id=\"fbPhotoSnowliftVideoFundraiser\"><\/div>\n<div id=\"fbPhotoSnowliftViews\" class=\"_4p3v\"><\/div>\n<form id=\"u_1i_2\" class=\"fbPhotosSnowliftFeedbackForm commentable_item collapsible_comments\" action=\"https:\/\/www.facebook.com\/ajax\/ufi\/modify.php\" method=\"post\" data-ft=\"{&quot;tn&quot;:&quot;]&quot;}\">\n<div id=\"fbPhotoSnowliftFeedback\" class=\"fbPhotosSnowliftFeedback\"><\/div>\n<div>\n<div>\n<div class=\"_6iib\">\n<div class=\"_6iic\">\n<div class=\"_6iid\"><\/div>\n<\/div>\n<\/div>\n<\/div>\n<\/div>\n<\/form>\n","protected":false},"excerpt":{"rendered":"<p>Poziv na u\u010de\u0161\u0107e povodom 25-te godi\u0161njice Srebrenice i Bosanskog genocida. Povodom godi\u0161njice, tra\u017eimo slike i pri\u010de koje govore o va\u0161em iskustvu kao izbjeglice i osobe koje su pre\u017eivjele rat i [&hellip;]<\/p>\n","protected":false},"author":1,"featured_media":11513,"comment_status":"closed","ping_status":"closed","sticky":false,"template":"","format":"standard","meta":{"site-sidebar-layout":"default","site-content-layout":"","ast-site-content-layout":"default","site-content-style":"default","site-sidebar-style":"default","ast-global-header-display":"","ast-banner-title-visibility":"","ast-main-header-display":"","ast-hfb-above-header-display":"","ast-hfb-below-header-display":"","ast-hfb-mobile-header-display":"","site-post-title":"","ast-breadcrumbs-content":"","ast-featured-img":"","footer-sml-layout":"","ast-disable-related-posts":"","theme-transparent-header-meta":"","adv-header-id-meta":"","stick-header-meta":"","header-above-stick-meta":"","header-main-stick-meta":"","header-below-stick-meta":"","astra-migrate-meta-layouts":"default","ast-page-background-enabled":"default","ast-page-background-meta":{"desktop":{"background-color":"","background-image":"","background-repeat":"repeat","background-position":"center center","background-size":"auto","background-attachment":"scroll","background-type":"","background-media":"","overlay-type":"","overlay-color":"","overlay-opacity":"","overlay-gradient":""},"tablet":{"background-color":"","background-image":"","background-repeat":"repeat","background-position":"center center","background-size":"auto","background-attachment":"scroll","background-type":"","background-media":"","overlay-type":"","overlay-color":"","overlay-opacity":"","overlay-gradient":""},"mobile":{"background-color":"","background-image":"","background-repeat":"repeat","background-position":"center center","background-size":"auto","background-attachment":"scroll","background-type":"","background-media":"","overlay-type":"","overlay-color":"","overlay-opacity":"","overlay-gradient":""}},"ast-content-background-meta":{"desktop":{"background-color":"var(--ast-global-color-5)","background-image":"","background-repeat":"repeat","background-position":"center center","background-size":"auto","background-attachment":"scroll","background-type":"","background-media":"","overlay-type":"","overlay-color":"","overlay-opacity":"","overlay-gradient":""},"tablet":{"background-color":"var(--ast-global-color-5)","background-image":"","background-repeat":"repeat","background-position":"center center","background-size":"auto","background-attachment":"scroll","background-type":"","background-media":"","overlay-type":"","overlay-color":"","overlay-opacity":"","overlay-gradient":""},"mobile":{"background-color":"var(--ast-global-color-5)","background-image":"","background-repeat":"repeat","background-position":"center center","background-size":"auto","background-attachment":"scroll","background-type":"","background-media":"","overlay-type":"","overlay-color":"","overlay-opacity":"","overlay-gradient":""}},"_themeisle_gutenberg_block_has_review":false,"footnotes":""},"categories":[1],"tags":[],"class_list":["post-5513","post","type-post","status-publish","format-standard","has-post-thumbnail","hentry","category-uncategorized-bs"],"_links":{"self":[{"href":"https:\/\/bosniauknetwork.org\/bs\/wp-json\/wp\/v2\/posts\/5513","targetHints":{"allow":["GET"]}}],"collection":[{"href":"https:\/\/bosniauknetwork.org\/bs\/wp-json\/wp\/v2\/posts"}],"about":[{"href":"https:\/\/bosniauknetwork.org\/bs\/wp-json\/wp\/v2\/types\/post"}],"author":[{"embeddable":true,"href":"https:\/\/bosniauknetwork.org\/bs\/wp-json\/wp\/v2\/users\/1"}],"replies":[{"embeddable":true,"href":"https:\/\/bosniauknetwork.org\/bs\/wp-json\/wp\/v2\/comments?post=5513"}],"version-history":[{"count":0,"href":"https:\/\/bosniauknetwork.org\/bs\/wp-json\/wp\/v2\/posts\/5513\/revisions"}],"wp:featuredmedia":[{"embeddable":true,"href":"https:\/\/bosniauknetwork.org\/bs\/wp-json\/wp\/v2\/media\/11513"}],"wp:attachment":[{"href":"https:\/\/bosniauknetwork.org\/bs\/wp-json\/wp\/v2\/media?parent=5513"}],"wp:term":[{"taxonomy":"category","embeddable":true,"href":"https:\/\/bosniauknetwork.org\/bs\/wp-json\/wp\/v2\/categories?post=5513"},{"taxonomy":"post_tag","embeddable":true,"href":"https:\/\/bosniauknetwork.org\/bs\/wp-json\/wp\/v2\/tags?post=5513"}],"curies":[{"name":"wp","href":"https:\/\/api.w.org\/{rel}","templated":true}]}}