{"id":5555,"date":"2020-04-29T13:06:35","date_gmt":"2020-04-29T13:06:35","guid":{"rendered":"https:\/\/bosniauknetwork.org\/korona-virus-rijedak-sindrom-viden-kod-djece-u-velikoj-britaniji\/"},"modified":"2020-04-29T13:06:35","modified_gmt":"2020-04-29T13:06:35","slug":"korona-virus-rijedak-sindrom-viden-kod-djece-u-velikoj-britaniji","status":"publish","type":"post","link":"https:\/\/bosniauknetwork.org\/bs\/korona-virus-rijedak-sindrom-viden-kod-djece-u-velikoj-britaniji\/","title":{"rendered":"Korona virus: Rijedak sindrom vi\u0111en kod djece u Velikoj Britaniji"},"content":{"rendered":"<p class=\"story-lead\"><strong>Talijanski i britanski lije\u010dnici istra\u017euju mogu\u0107u vezu izme\u0111u pandemije koronavirusa i te\u0161ke upalne bolesti djece koja dolaze u bolnice s visokom temperaturom i ote\u010denim arterijama<\/strong>.<\/p>\n<p>Lije\u010dnici na sjeveru Italije, jednom od najve\u0107ih svjetskih \u017eari\u0161ta covida-19, prijavili su neuobi\u010dajeno velik broj djece mla\u0111e od devet godina s te\u0161kim oblicima rijetke bolesti Kawasaki, puno \u010de\u0161\u0107e u Aziji.<\/p>\n<p>Sli\u010dno su uo\u010dili i lije\u010dnici u Velikoj Britaniji, pa je ministar zdravstva Matt Hancock na konferenciji za novinare u ponedjeljak rekao da je &#8220;jako zabrinut&#8221; i da stru\u010dnjaci to pitanje pomno analiziraju.<\/p>\n<p>Bolest Kawasaki, \u010diji je uzrok nepoznat, poga\u0111a djecu ispod pet godina i izaziva visoku temperaturu, osip, ote\u010dene limfne \u010dvorove i u te\u0161kim slu\u010dajevima upalu sr\u010danih arterija.<\/p>\n<p>U bolnicu u Bergamu stiglo je protekloga mjeseca vi\u0161e od 20 djece s te\u0161kim vaskularnim upalama, \u0161est puta vi\u0161e nego u godinu dana, rekao je dje\u010dji kardiolog Matteo Ciuffreda.<\/p>\n<p>Dodao je da je samo nekoliko njih bilo pozitivno na koronavirus i da su mu se sa sli\u010dnim slu\u010dajevima javili kolege iz Madrida i Lisabona.<\/p>\n<p>Pozvao je lije\u010dnike da dokumentiraju svaki takav slu\u010daj kako bi se utvrdilo ima li veze izme\u0111u bolesti Kawasaki i covida-19 i najavio da \u0107e svoja saznanja objaviti u znanstvenom \u010dasopisu.<\/p>\n<p>N1<\/p>\n","protected":false},"excerpt":{"rendered":"<p>Talijanski i britanski lije\u010dnici istra\u017euju mogu\u0107u vezu izme\u0111u pandemije koronavirusa i te\u0161ke upalne bolesti djece koja dolaze u bolnice s visokom temperaturom i ote\u010denim arterijama. Lije\u010dnici na sjeveru Italije, jednom [&hellip;]<\/p>\n","protected":false},"author":1,"featured_media":0,"comment_status":"closed","ping_status":"closed","sticky":false,"template":"","format":"standard","meta":{"site-sidebar-layout":"default","site-content-layout":"","ast-site-content-layout":"default","site-content-style":"default","site-sidebar-style":"default","ast-global-header-display":"","ast-banner-title-visibility":"","ast-main-header-display":"","ast-hfb-above-header-display":"","ast-hfb-below-header-display":"","ast-hfb-mobile-header-display":"","site-post-title":"","ast-breadcrumbs-content":"","ast-featured-img":"","footer-sml-layout":"","ast-disable-related-posts":"","theme-transparent-header-meta":"","adv-header-id-meta":"","stick-header-meta":"","header-above-stick-meta":"","header-main-stick-meta":"","header-below-stick-meta":"","astra-migrate-meta-layouts":"default","ast-page-background-enabled":"default","ast-page-background-meta":{"desktop":{"background-color":"","background-image":"","background-repeat":"repeat","background-position":"center center","background-size":"auto","background-attachment":"scroll","background-type":"","background-media":"","overlay-type":"","overlay-color":"","overlay-opacity":"","overlay-gradient":""},"tablet":{"background-color":"","background-image":"","background-repeat":"repeat","background-position":"center center","background-size":"auto","background-attachment":"scroll","background-type":"","background-media":"","overlay-type":"","overlay-color":"","overlay-opacity":"","overlay-gradient":""},"mobile":{"background-color":"","background-image":"","background-repeat":"repeat","background-position":"center center","background-size":"auto","background-attachment":"scroll","background-type":"","background-media":"","overlay-type":"","overlay-color":"","overlay-opacity":"","overlay-gradient":""}},"ast-content-background-meta":{"desktop":{"background-color":"var(--ast-global-color-5)","background-image":"","background-repeat":"repeat","background-position":"center center","background-size":"auto","background-attachment":"scroll","background-type":"","background-media":"","overlay-type":"","overlay-color":"","overlay-opacity":"","overlay-gradient":""},"tablet":{"background-color":"var(--ast-global-color-5)","background-image":"","background-repeat":"repeat","background-position":"center center","background-size":"auto","background-attachment":"scroll","background-type":"","background-media":"","overlay-type":"","overlay-color":"","overlay-opacity":"","overlay-gradient":""},"mobile":{"background-color":"var(--ast-global-color-5)","background-image":"","background-repeat":"repeat","background-position":"center center","background-size":"auto","background-attachment":"scroll","background-type":"","background-media":"","overlay-type":"","overlay-color":"","overlay-opacity":"","overlay-gradient":""}},"_themeisle_gutenberg_block_has_review":false,"footnotes":""},"categories":[6],"tags":[],"class_list":["post-5555","post","type-post","status-publish","format-standard","hentry","category-news-updates"],"_links":{"self":[{"href":"https:\/\/bosniauknetwork.org\/bs\/wp-json\/wp\/v2\/posts\/5555","targetHints":{"allow":["GET"]}}],"collection":[{"href":"https:\/\/bosniauknetwork.org\/bs\/wp-json\/wp\/v2\/posts"}],"about":[{"href":"https:\/\/bosniauknetwork.org\/bs\/wp-json\/wp\/v2\/types\/post"}],"author":[{"embeddable":true,"href":"https:\/\/bosniauknetwork.org\/bs\/wp-json\/wp\/v2\/users\/1"}],"replies":[{"embeddable":true,"href":"https:\/\/bosniauknetwork.org\/bs\/wp-json\/wp\/v2\/comments?post=5555"}],"version-history":[{"count":0,"href":"https:\/\/bosniauknetwork.org\/bs\/wp-json\/wp\/v2\/posts\/5555\/revisions"}],"wp:attachment":[{"href":"https:\/\/bosniauknetwork.org\/bs\/wp-json\/wp\/v2\/media?parent=5555"}],"wp:term":[{"taxonomy":"category","embeddable":true,"href":"https:\/\/bosniauknetwork.org\/bs\/wp-json\/wp\/v2\/categories?post=5555"},{"taxonomy":"post_tag","embeddable":true,"href":"https:\/\/bosniauknetwork.org\/bs\/wp-json\/wp\/v2\/tags?post=5555"}],"curies":[{"name":"wp","href":"https:\/\/api.w.org\/{rel}","templated":true}]}}