{"id":5564,"date":"2020-04-29T19:58:41","date_gmt":"2020-04-29T19:58:41","guid":{"rendered":"https:\/\/bosniauknetwork.org\/humanost-u-doba-korone-zatecenim-bh-gradanima-u-turskoj-pruzena-pomoc\/"},"modified":"2020-04-29T19:58:41","modified_gmt":"2020-04-29T19:58:41","slug":"humanost-u-doba-korone-zatecenim-bh-gradanima-u-turskoj-pruzena-pomoc","status":"publish","type":"post","link":"https:\/\/bosniauknetwork.org\/bs\/humanost-u-doba-korone-zatecenim-bh-gradanima-u-turskoj-pruzena-pomoc\/","title":{"rendered":"Humanost u doba Korone: zate\u010denim bh.gra\u0111anima u Turskoj pru\u017eena pomo\u0107"},"content":{"rendered":"<p><strong>Na poziv i apel odgovornih osoba iz generalnog konzulata BiH u Istanbulu, kao i ambasade BiH u Ankari, ovim ljudima je u pomo\u0107 pritekla Federacija udru\u017eenja kulture BiH u Turskoj u koordinaciji sa Svjetskim savezom dijaspore BiH.<\/strong><\/p>\n<p>U vrijeme pandemije Covid-19 mnogi ljudi su se na\u0161li u te\u0161kim situacijama \u0161irom svijeta. Svjedoci smo primjera od prije dvije sedmice kada odre\u0111eni broj na\u0161ih sugra\u0111ana nije uspio da se vrati avionom iz Holandije, nakon nerazumne odluke nadle\u017enih organa u BiH koji im nisu dozvolili ukrcavanje i transport avionom. Sre\u0107om, uspjeli su se prebaciti autobusima u svoju domovinu. Kao u mnogim drugim zemljama i gradovima, i u Turskoj su zbog koronavirusa donesene opse\u017ene mjere kojima se ograni\u010dava kretanje ljudi.<\/p>\n<figure id=\"attachment_5566\" aria-describedby=\"caption-attachment-5566\" style=\"width: 840px\" class=\"wp-caption alignnone\"><img fetchpriority=\"high\" class=\"wp-image-5566\" src=https:\/\/bosniauknetwork.org\/wp-content\/uploads\/2020\/04\/PHOTO-2020-04-28-12-20-07-004-300x225.jpg\" alt=\"\" width=\"840\" height=\"630\" \/><figcaption id=\"caption-attachment-5566\" class=\"wp-caption-text\"><strong><em>Porodica Zahirovi\u0107 sa Ismetom \u00c7al\u0131\u015fkan<\/em><\/strong><\/figcaption><\/figure>\n<p>&nbsp;<\/p>\n<p>Naime, u Tursku je prije pandemije do\u0161ao izvjestan broj gra\u0111ana BiH kako iz poslovnih, turisti\u010dkih, zdravstvenih i drugih razloga. Pojavom virusa i uvo\u0111enjem restrikcija ve\u0107ina gra\u0111ana BiH je uspjela da se vrati u BiH, me\u0111utim izvjestan broj osoba, posebno onih koji su dosli na lije\u010denje to nisu uspjeli ostvariti.<\/p>\n<p>Ovom prilikom u Turskoj su se zadesile i dvije porodice, jedna iz Kaknja, a druga iz Tuzle, \u010dija su djeca operisana u Turskoj. Zbog du\u017eeg post-operativnog oporavka \u00a0i ukinutih avio-linija na relaciji Turska-Bi, \u00a0po zavr\u0161etku bolni\u010dkog tretmana, bili su primorani ostati u Turskoj.<\/p>\n<p>Radi se o desetogodi\u0161njoj djevoj\u010dici, Lejli Zahirovi\u0107 koja je imala komplikovanu operaciju ki\u010dme, a koja je zajedno sa roditeljima, poslije otpusta iz bolnice prakti\u010dno ostala na ulici. Drugo dijete je Adi Puzi\u0107, \u0161esnaestogodi\u0161njak iz Tuzle,\u00a0 koji je tako\u0111er imao operaciju na ki\u010dmi, a koji je jo\u0161 kao mali ostao bez oca, a u Istanbul je do\u0161ao sa majkom Jasminom. I oni su tako\u0111er otpu\u0161teni iz bolnice i bila im je potrebna pomo\u0107 po\u0161to su prakti\u010dno ostali sami i bespomo\u0107ni u Istanbulu.<\/p>\n<p>Na poziv i apel odgovornih osoba iz generalnog konzulata BiH u Istanbulu, kao i ambasade BiH u Ankari, ovim ljudima je u pomo\u0107 pritekla Federacija udru\u017eenja kulture BiH u Turskoj u koordinaciji sa Svjetskim savezom dijaspore BiH. Na ovaj apel prvi su reagovali\u00a0bosanci i hercegovci iz mjesta Sakarya\/Adapazar, odnosno volonteri bosansko-hercegova\u010dkog udru\u017eenja za solidarnost i kulturu iz Adapazara. Sa svojim predsjednikom i poznatim privrednikom iz Turske, vlasnikom kompanje &#8220;Kromel&#8221;, g.Ismetom \u00c7al\u0131\u015fkan-om obezbijedli su dva namje\u0161tena stana i stavili na uslugu pomenutim porodicama. Ujedno g.\u00c7al\u0131\u015fkan je zadu\u017eio osobe iz udru\u017eenja da svakodnevno obilaze i obezbje\u0111uju namirnice i ostalo neophodno za \u017eivot ovih familija.<\/p>\n<p>Pored ovoga, g.\u00c7al\u0131\u015fkan je istovremeno obezbijedio smje\u0161taj (stan) i dvojici studenata iz Bosne i Hercegovine, Muameru \u0106ami\u0107u i Harunu Suljagi\u0107u, studentima univerziteta u gradu Sakarya, koji su iz razloga kori\u0161tenja njihovih studentskih domova za potrebe karantine prakti\u010dno ostali bez smje\u0161taja.<\/p>\n<p>\u201cU ime svih bosanaca i hercegovaca \u017eelimo ovim putem da se zahvalimo g.Ismetu \u00c7al\u0131\u015fkanu, \u010diji su potomci prije 100. godina doselili iz Biha\u0107a, a koji nikada nije zaboravio svoje porijeklo niti korijenje. Veliko hvala \u010dovjeku koji je pored toga \u0161to je vrlo uspje\u0161an i cijenjen privrednik, odr\u017eava kontantne veze sa svojom Bosnom i Hercegovinom, a vrlo je aktivan i u bh udru\u017eenjima u Turskoj.\u201d, kazao je Hasan \u0160ehovi\u0107, predsjednik SSD BIH.<\/p>\n<p>Zaim Pa\u0161i\u0107, Predsjednik BH UK Networka i udru\u017eenja BHCAC u Londonu je izjavio:\u201cLijepo je imati priliku da nekome pomogne\u0161 i hvala dobrim ljudima. Mi u na\u0161oj organizaciji u Londonu vodimo brigu o na\u0161im starijim \u010dlanovima koji su bolesni i \u017eive sami. Uspjeli smo da im obezbijedimo dostavu hrane kao i stalni kontakt sa na\u0161im radnicima u slu\u010daju da ne\u0161to trebaju ili \u00a0budu bolesni. Ovo je te\u0161ko vrijeme i hvala svima koji poma\u017eu. Srda\u010dni pozdravi iz Londona i dobro zdravlje\u201d. Muhamed \u0160iranovi\u0107, predstavnik BH UK Networka u Glavnom odboru Svjetskog saveza dijaspore Bosne i Hercegovine uz zahvale\u00a0vlasniku kompanije &#8220;Kromel&#8221;, g.Ismetu \u00c7al\u0131\u015fkanu\u00a0,\u010destitao na blagovremenoj reakciji Federacije udru\u017eenja kulture BiH u Turskoj i Svjetskim savezom dijaspore BiH.<\/p>\n<p>\u201cU ime Saveza BH udru\u017eenja u Danskoj (SBHUD) \u017eelimo se zahvaliti g.Ismetu \u00c7al\u0131\u015fkanu te pomenutim udru\u017eenjima na pomo\u0107i BH gra\u0111anima. \u00a0Na ovaj na\u010din se mo\u017ee zaklju\u010diti da BH mre\u017ea ipak funkcioni\u0161e. Pozdrav svima u ovom Korona vremenu.\u201d,dodao je Edin Hajder, \u00a0predsjednik SBHUD.<\/p>\n<figure id=\"attachment_5567\" aria-describedby=\"caption-attachment-5567\" style=\"width: 857px\" class=\"wp-caption alignnone\"><img class=\"wp-image-5567\" src=https:\/\/bosniauknetwork.org\/wp-content\/uploads\/2020\/04\/PHOTO-2020-04-28-12-20-07-003-300x225.jpg\" alt=\"\" width=\"857\" height=\"643\" \/><figcaption id=\"caption-attachment-5567\" class=\"wp-caption-text\"><em><strong>Adi Puzi\u0107 i Ismet \u00c7al\u0131\u015fkan<\/strong><\/em><\/figcaption><\/figure>\n","protected":false},"excerpt":{"rendered":"<p>Na poziv i apel odgovornih osoba iz generalnog konzulata BiH u Istanbulu, kao i ambasade BiH u Ankari, ovim ljudima je u pomo\u0107 pritekla Federacija udru\u017eenja kulture BiH u Turskoj [&hellip;]<\/p>\n","protected":false},"author":1,"featured_media":11505,"comment_status":"closed","ping_status":"closed","sticky":false,"template":"","format":"standard","meta":{"site-sidebar-layout":"default","site-content-layout":"","ast-site-content-layout":"default","site-content-style":"default","site-sidebar-style":"default","ast-global-header-display":"","ast-banner-title-visibility":"","ast-main-header-display":"","ast-hfb-above-header-display":"","ast-hfb-below-header-display":"","ast-hfb-mobile-header-display":"","site-post-title":"","ast-breadcrumbs-content":"","ast-featured-img":"","footer-sml-layout":"","ast-disable-related-posts":"","theme-transparent-header-meta":"","adv-header-id-meta":"","stick-header-meta":"","header-above-stick-meta":"","header-main-stick-meta":"","header-below-stick-meta":"","astra-migrate-meta-layouts":"default","ast-page-background-enabled":"default","ast-page-background-meta":{"desktop":{"background-color":"","background-image":"","background-repeat":"repeat","background-position":"center center","background-size":"auto","background-attachment":"scroll","background-type":"","background-media":"","overlay-type":"","overlay-color":"","overlay-opacity":"","overlay-gradient":""},"tablet":{"background-color":"","background-image":"","background-repeat":"repeat","background-position":"center center","background-size":"auto","background-attachment":"scroll","background-type":"","background-media":"","overlay-type":"","overlay-color":"","overlay-opacity":"","overlay-gradient":""},"mobile":{"background-color":"","background-image":"","background-repeat":"repeat","background-position":"center center","background-size":"auto","background-attachment":"scroll","background-type":"","background-media":"","overlay-type":"","overlay-color":"","overlay-opacity":"","overlay-gradient":""}},"ast-content-background-meta":{"desktop":{"background-color":"var(--ast-global-color-5)","background-image":"","background-repeat":"repeat","background-position":"center center","background-size":"auto","background-attachment":"scroll","background-type":"","background-media":"","overlay-type":"","overlay-color":"","overlay-opacity":"","overlay-gradient":""},"tablet":{"background-color":"var(--ast-global-color-5)","background-image":"","background-repeat":"repeat","background-position":"center center","background-size":"auto","background-attachment":"scroll","background-type":"","background-media":"","overlay-type":"","overlay-color":"","overlay-opacity":"","overlay-gradient":""},"mobile":{"background-color":"var(--ast-global-color-5)","background-image":"","background-repeat":"repeat","background-position":"center center","background-size":"auto","background-attachment":"scroll","background-type":"","background-media":"","overlay-type":"","overlay-color":"","overlay-opacity":"","overlay-gradient":""}},"_themeisle_gutenberg_block_has_review":false,"footnotes":""},"categories":[6],"tags":[],"class_list":["post-5564","post","type-post","status-publish","format-standard","has-post-thumbnail","hentry","category-news-updates"],"_links":{"self":[{"href":"https:\/\/bosniauknetwork.org\/bs\/wp-json\/wp\/v2\/posts\/5564","targetHints":{"allow":["GET"]}}],"collection":[{"href":"https:\/\/bosniauknetwork.org\/bs\/wp-json\/wp\/v2\/posts"}],"about":[{"href":"https:\/\/bosniauknetwork.org\/bs\/wp-json\/wp\/v2\/types\/post"}],"author":[{"embeddable":true,"href":"https:\/\/bosniauknetwork.org\/bs\/wp-json\/wp\/v2\/users\/1"}],"replies":[{"embeddable":true,"href":"https:\/\/bosniauknetwork.org\/bs\/wp-json\/wp\/v2\/comments?post=5564"}],"version-history":[{"count":0,"href":"https:\/\/bosniauknetwork.org\/bs\/wp-json\/wp\/v2\/posts\/5564\/revisions"}],"wp:featuredmedia":[{"embeddable":true,"href":"https:\/\/bosniauknetwork.org\/bs\/wp-json\/wp\/v2\/media\/11505"}],"wp:attachment":[{"href":"https:\/\/bosniauknetwork.org\/bs\/wp-json\/wp\/v2\/media?parent=5564"}],"wp:term":[{"taxonomy":"category","embeddable":true,"href":"https:\/\/bosniauknetwork.org\/bs\/wp-json\/wp\/v2\/categories?post=5564"},{"taxonomy":"post_tag","embeddable":true,"href":"https:\/\/bosniauknetwork.org\/bs\/wp-json\/wp\/v2\/tags?post=5564"}],"curies":[{"name":"wp","href":"https:\/\/api.w.org\/{rel}","templated":true}]}}