{"id":5582,"date":"2020-05-05T12:58:16","date_gmt":"2020-05-05T12:58:16","guid":{"rendered":"https:\/\/bosniauknetwork.org\/velika-britanija-online-komemoracija-za-zrtve-genocida-u-srebrenici\/"},"modified":"2020-05-05T12:58:16","modified_gmt":"2020-05-05T12:58:16","slug":"velika-britanija-online-komemoracija-za-zrtve-genocida-u-srebrenici","status":"publish","type":"post","link":"https:\/\/bosniauknetwork.org\/bs\/velika-britanija-online-komemoracija-za-zrtve-genocida-u-srebrenici\/","title":{"rendered":"Velika Britanija: Online komemoracija za \u017ertve genocida u Srebrenici"},"content":{"rendered":"<p>Ove godine obilje\u017eava se 25.godi\u0161njica genocida, kad je 1995. pobijeno vi\u0161e od 8000 Bo\u0161njaka . Jedan dio pre\u017eivjelih \u017ertava vratio se u Srebrenicu, drugi dio rasut je \u0161irom svijeta. Svi su godinama tra\u017eili i mnogi jo\u0161 uvijek tra\u017ee svoje voljene ubijene u julu 1995. godine. Godinama Bo\u0161njaci svakog 11. jula u mezarju Memorijalnog centra Poto\u010dari ukopavaju identificirane \u017ertve genocida.<\/p>\n<p><em><img fetchpriority=\"high\" class=\" wp-image-5586 aligncenter\" src=https:\/\/bosniauknetwork.org\/wp-content\/uploads\/2020\/05\/every-action-matters-300x296.jpg\" alt=\"\" width=\"1019\" height=\"1006\" \/><\/em><\/p>\n<p>&nbsp;<\/p>\n<p><em>Remembering Srebrenica<\/em> organizacija i <em>BH UK Network<\/em> su posljednjih mjeseci uveliko sura\u0111ivali \u00a0vezano za organizaciju centralne komemoracije obilje\u017eavanja 25.godi\u0161njice genocida u Srebrenici koja se trebala odr\u017eati u katedrali svetog Pavla u Londonu u julu . Me\u0111u potvr\u0111enim govornicima bili su i predsjednik Bosne i Hercegovine i Reis islamske zajednice BiH, kao i visoki \u010dlanovi britanske vlade.<\/p>\n<p><strong>Na\u017ealost, uslijed pandemije Covid-19, centralna komemoracija je odgo\u0111ena do slijede\u0107e godine, jer je\u00a0 prioritet\u00a0 dobrobit gostiju i govornika tokom ove krize.<\/strong> Iako je ova vijest bila \u0161iroko o\u010dekivana nakon poduzetih mjera socijalnog distanciranja u Velikoj Britaniji, ipak je razo\u010daravaju\u0107e \u0161to ovu zna\u010dajnu godi\u0161njicu ne\u0107emo uspjeti obilje\u017eiti onako kako smo se nadali.<\/p>\n<p>Ova godina je postala druga\u010dija za mnoge ljude \u0161irom svijeta, te smo se morali nau\u010diti i prilagoditi novonastalim okolnostima. Stoga, najavljujemo da \u0107e se organizirati <strong>historijska internetska komemoracija<\/strong> koja \u0107e se odr\u017eati nave\u010der u subotu, 11. jula 2020. godine povodom Dana sje\u0107anja na Srebrenicu. Doga\u0111aj \u0107e biti emitovan na mnogim kanalima i dru\u0161tvenim mre\u017eama, a sadr\u017eavat \u0107e video svjedo\u010denja i poruke pre\u017eivjelih i klju\u010dnih li\u010dnosti.<\/p>\n<p>Molimo Vas, zapamtite ovaj datum, 11.juli 2020. godina. Nadamo se da \u0107ete nam se pridru\u017eiti ovoj va\u017enoj komemoraciji i ohrabriti va\u0161u familiju i prijatelje da i oni gledaju i po mogu\u0107nosti u\u010destvuju.<\/p>\n<p><strong><img class=\" wp-image-5585 alignleft\" src=https:\/\/bosniauknetwork.org\/wp-content\/uploads\/2020\/05\/projekt-rs-slike-240x300.jpg\" alt=\"\" width=\"377\" height=\"471\" \/>Virtualni muzej &#8211; <\/strong><em>Remembering Srebrenica <\/em>\u0107e kreirati virtualni muzej koji \u0107e milionima ljudi \u0161irom svijeta omogu\u0107iti da nau\u010de o li\u010dnim pri\u010dama iz rata i genocida u Bosni. Internetski muzej bit \u0107e \u201cotvoren\u201d tokom Sedmice sje\u0107anja na Srebrenicu u sklopu obilje\u017eavanja 25. godi\u0161njice. Molimo pripadnike bh. zajednice u Velikoj Britaniji i \u0161irom svijeta da budu dio komemoracije slanjem kratke pri\u010de, zajedno sa slikom li\u010dnog predmeta ili zna\u010dajnim sje\u0107anjem na razdoblje rata ili izbjegli\u010dkog perioda obja\u0161njavaju\u0107i \u00a0zna\u010denje predmeta i sje\u0107anja. Cilj je osigurati platformu za pre\u017eivjele kako ne bi samo podijelili dio njihove li\u010dne pri\u010de, ve\u0107 spomen na one koji vi\u0161e nisu s nama.<\/p>\n<p>Prijave \u0161aljite do petka, 22. maja, na slijede\u0107e emailove: \u00a0<strong>amra@srebrenica.org.uk ili na arnesa@srebrenica.org.uk.<\/strong><\/p>\n<p>Osim komemoracija, organizacija \u201c<em>Remembering Srebrenica<\/em>\u201d radi u \u0161kolama \u0161irom Velike Britanije te je kroz obrazovne pakete o lekcijama nau\u010denim iz genocida u Srebrenici i drugim obrazovnim aktivnostima radila sa vi\u0161e od 95.000 djece. Organizovali su blizu 7.500 memorijalnih doga\u0111aja i aktivnosti \u0161irom Velike Britanije, 1.350 aktivista koji su pomogli organizaciji ovih aktivnosti i koji su se obavezali da \u0107e se suprotstaviti mr\u017enji i netrpeljivosti u njihovim lokalnim zajednicama.<\/p>\n<p>Tema za ovogodi\u0161nju komemoraciju 25.godi\u0161njice genocida u Srebrenici je \u201c<strong>Svaki korak je va\u017ean<\/strong> \u201c (Every action matters). Cilj ove teme je motivirati ljude da poka\u017eu da njhovim postupcima, bez obzira koliko veliki ili mali, mogu da se suprostave mr\u017enji, predrasudama i negiranju genocida.<\/p>\n<p>&nbsp;<\/p>\n<p><strong>BH UK Network<\/strong><\/p>\n","protected":false},"excerpt":{"rendered":"<p>Ove godine obilje\u017eava se 25.godi\u0161njica genocida, kad je 1995. pobijeno vi\u0161e od 8000 Bo\u0161njaka . Jedan dio pre\u017eivjelih \u017ertava vratio se u Srebrenicu, drugi dio rasut je \u0161irom svijeta. Svi [&hellip;]<\/p>\n","protected":false},"author":1,"featured_media":11541,"comment_status":"closed","ping_status":"closed","sticky":false,"template":"","format":"standard","meta":{"site-sidebar-layout":"default","site-content-layout":"","ast-site-content-layout":"default","site-content-style":"default","site-sidebar-style":"default","ast-global-header-display":"","ast-banner-title-visibility":"","ast-main-header-display":"","ast-hfb-above-header-display":"","ast-hfb-below-header-display":"","ast-hfb-mobile-header-display":"","site-post-title":"","ast-breadcrumbs-content":"","ast-featured-img":"","footer-sml-layout":"","ast-disable-related-posts":"","theme-transparent-header-meta":"","adv-header-id-meta":"","stick-header-meta":"","header-above-stick-meta":"","header-main-stick-meta":"","header-below-stick-meta":"","astra-migrate-meta-layouts":"default","ast-page-background-enabled":"default","ast-page-background-meta":{"desktop":{"background-color":"","background-image":"","background-repeat":"repeat","background-position":"center center","background-size":"auto","background-attachment":"scroll","background-type":"","background-media":"","overlay-type":"","overlay-color":"","overlay-opacity":"","overlay-gradient":""},"tablet":{"background-color":"","background-image":"","background-repeat":"repeat","background-position":"center center","background-size":"auto","background-attachment":"scroll","background-type":"","background-media":"","overlay-type":"","overlay-color":"","overlay-opacity":"","overlay-gradient":""},"mobile":{"background-color":"","background-image":"","background-repeat":"repeat","background-position":"center center","background-size":"auto","background-attachment":"scroll","background-type":"","background-media":"","overlay-type":"","overlay-color":"","overlay-opacity":"","overlay-gradient":""}},"ast-content-background-meta":{"desktop":{"background-color":"var(--ast-global-color-5)","background-image":"","background-repeat":"repeat","background-position":"center center","background-size":"auto","background-attachment":"scroll","background-type":"","background-media":"","overlay-type":"","overlay-color":"","overlay-opacity":"","overlay-gradient":""},"tablet":{"background-color":"var(--ast-global-color-5)","background-image":"","background-repeat":"repeat","background-position":"center center","background-size":"auto","background-attachment":"scroll","background-type":"","background-media":"","overlay-type":"","overlay-color":"","overlay-opacity":"","overlay-gradient":""},"mobile":{"background-color":"var(--ast-global-color-5)","background-image":"","background-repeat":"repeat","background-position":"center center","background-size":"auto","background-attachment":"scroll","background-type":"","background-media":"","overlay-type":"","overlay-color":"","overlay-opacity":"","overlay-gradient":""}},"_themeisle_gutenberg_block_has_review":false,"footnotes":""},"categories":[6],"tags":[],"class_list":["post-5582","post","type-post","status-publish","format-standard","has-post-thumbnail","hentry","category-news-updates"],"_links":{"self":[{"href":"https:\/\/bosniauknetwork.org\/bs\/wp-json\/wp\/v2\/posts\/5582","targetHints":{"allow":["GET"]}}],"collection":[{"href":"https:\/\/bosniauknetwork.org\/bs\/wp-json\/wp\/v2\/posts"}],"about":[{"href":"https:\/\/bosniauknetwork.org\/bs\/wp-json\/wp\/v2\/types\/post"}],"author":[{"embeddable":true,"href":"https:\/\/bosniauknetwork.org\/bs\/wp-json\/wp\/v2\/users\/1"}],"replies":[{"embeddable":true,"href":"https:\/\/bosniauknetwork.org\/bs\/wp-json\/wp\/v2\/comments?post=5582"}],"version-history":[{"count":0,"href":"https:\/\/bosniauknetwork.org\/bs\/wp-json\/wp\/v2\/posts\/5582\/revisions"}],"wp:featuredmedia":[{"embeddable":true,"href":"https:\/\/bosniauknetwork.org\/bs\/wp-json\/wp\/v2\/media\/11541"}],"wp:attachment":[{"href":"https:\/\/bosniauknetwork.org\/bs\/wp-json\/wp\/v2\/media?parent=5582"}],"wp:term":[{"taxonomy":"category","embeddable":true,"href":"https:\/\/bosniauknetwork.org\/bs\/wp-json\/wp\/v2\/categories?post=5582"},{"taxonomy":"post_tag","embeddable":true,"href":"https:\/\/bosniauknetwork.org\/bs\/wp-json\/wp\/v2\/tags?post=5582"}],"curies":[{"name":"wp","href":"https:\/\/api.w.org\/{rel}","templated":true}]}}