{"id":5844,"date":"2020-06-02T17:26:34","date_gmt":"2020-06-02T17:26:34","guid":{"rendered":"https:\/\/bosniauknetwork.org\/ja-moram-pustiti-glas-semira-jakupovic\/"},"modified":"2020-06-02T17:26:34","modified_gmt":"2020-06-02T17:26:34","slug":"ja-moram-pustiti-glas-semira-jakupovic","status":"publish","type":"post","link":"https:\/\/bosniauknetwork.org\/bs\/ja-moram-pustiti-glas-semira-jakupovic\/","title":{"rendered":"JA MORAM PUSTITI GLAS &#8211; SEMIRA JAKUPOVI\u0106"},"content":{"rendered":"<p><img fetchpriority=\"high\" class=\"alignnone  wp-image-5845\" src=https:\/\/bosniauknetwork.org\/wp-content\/uploads\/2020\/06\/IMG_0388-223x300.jpg\" alt=\"\" width=\"632\" height=\"850\" \/><\/p>\n<p>Povodom napada na rodni Kozarac 24. maja 1992. godine<\/p>\n<p>&nbsp;<\/p>\n<p>&nbsp;<\/p>\n<p><em>Danas sam samo \u010dovjek od krvi I mesa<\/em><\/p>\n<p><em>I iz du\u0161e \u0107u pustiti krik<\/em><\/p>\n<p><em>Pustit \u0107u neka mi se o\u010di kupaju<\/em><\/p>\n<p><em>U moru suza sa razli\u010ditim imenima<\/em><\/p>\n<p><em>Bol, razo\u010darenje, nada, \u010dekanje, jad,<\/em><\/p>\n<p><em>Na dan kada smo preko no\u0107i ostarili<\/em><\/p>\n<p><em>I vi\u0161e nikada nismo isti bili<\/em><\/p>\n<p><em>Danas ne smijem \u0107utati<\/em><\/p>\n<p><em>Ne smijem dopustiti da zaborav likuje,<\/em><\/p>\n<p><em>Da jo\u0161 jednom pobjedi u trci sa vremenom<\/em><\/p>\n<p><em>Danas ne mogu biti jaka<\/em><\/p>\n<p><em>Danas sam samo \u010dovjek<\/em><\/p>\n<p><em>Danas bi i kamen proplakao<\/em><\/p>\n<p><em>Samo kada bi mogao.<\/em><\/p>\n<p><em>Samo kada bi mogli<\/em><\/p>\n<p><em>Progovorili bi bijeli ni\u0161ani<\/em><\/p>\n<p><em>Pri\u010de o nedovr\u0161enim ljudskim \u017eivotima<\/em><\/p>\n<p><em>O mojim ubijenim amid\u017ei\u0107ima, o rodbini,<\/em><\/p>\n<p><em>O kom\u0161ijama mojim iz Omladinske,<\/em><\/p>\n<p><em>O ubijenim Kozar\u010danima<\/em><\/p>\n<p><em>O ubijenim prijedorskim bebama<\/em><\/p>\n<p><em>O grobnicama u Toma\u0161ici I Kevljanima<\/em><\/p>\n<p><em>O Srebrenici I Poto\u010darima<\/em><\/p>\n<p><em>O sarajevskim palim ru\u017eama , o Ahmi\u0107ima<\/em><\/p>\n<p><em>O Tuzlanskoj kapiji, o Markalama<\/em><\/p>\n<p><em>O Bosancima I Hercegovcima<\/em><\/p>\n<p><em>Pri\u010dale bi o majkama koje skoro<\/em><\/p>\n<p><em>Nakon trideset godina<\/em><\/p>\n<p><em>Tragaju za kostima svojih sinova<\/em><\/p>\n<p><em>I neka mi oproste one<\/em><\/p>\n<p><em>Cija imena ne spomenuh<\/em><\/p>\n<p><em>A ima ih sirom zemlje na\u0161e<\/em><\/p>\n<p><em>krvlju natopljene<\/em><\/p>\n<p><em>Pricali bi, pricali<\/em><\/p>\n<p><em>I nikada se ne bi umorili<\/em><\/p>\n<p><em>Ali, mrtva usta ne govore<\/em><\/p>\n<p><em>Samo kad bi mogli pri\u010dali bi o djeci svojoj<\/em><\/p>\n<p><em>Koja bez o\u010deva ostado\u0161e<\/em><\/p>\n<p><em>O unucima koje nikada ne upozna\u0161e<\/em><\/p>\n<p><em>O nedosanjanim ljubavima,<\/em><\/p>\n<p><em>O nepro\u017eivljenim djetinjstvima i mladostima<\/em><\/p>\n<p><em>Pri\u010dali bi, pri\u010dali\u2026..<\/em><\/p>\n<p><em>Kako je bilo gledati smrti u o\u010di<\/em><\/p>\n<p><em>Ali, mrtva usta ne govore<\/em><\/p>\n<p><em>A mi koji smo ostali \u017eivi<\/em><\/p>\n<p><em>Pri\u010dali bi o majevima na\u0161ega djetinjstva<\/em><\/p>\n<p><em>O crvenim ha\u0161lamama, o makovima ,o rascvjetalim ru\u017eama<\/em><\/p>\n<p><em>O dje\u010dijim igrama prekinutim<\/em><\/p>\n<p><em>Ni sada, poslije toliko godina<\/em><\/p>\n<p><em>Na\u0161i majevi nikada nisu<\/em><\/p>\n<p><em>i ne\u0107e vratiti stari sjaj<\/em><\/p>\n<p><em>Osta\u0107e uspomena na kobni datum taj<\/em><\/p>\n<p><em>Ostala je bol za rodnim krajem koji je preko no\u0107i ru\u0161evina postao<\/em><\/p>\n<p><em>Ostaje ponos na najmanji najve\u0107i grad na svijetu<\/em><\/p>\n<p><em>Koji je iz bola postao ja\u010di, koji se iz pepela podigao<\/em><\/p>\n<p><em>I zato , ja moram danas pustiti glas<\/em><\/p>\n<p><em>Jer ti\u0161ine \u0107e nas ubiti<\/em><\/p>\n<p><em>A ona tamo slova<\/em><\/p>\n<p><em>uklesana na kamenu bijelom<\/em><\/p>\n<p><em>Vje\u010dno opominjati<\/em><\/p>\n<p><em>Vrijeme te\u010de<\/em><\/p>\n<p><em>A vrijeme je za nas zauvijek stalo<\/em><\/p>\n<p><em>Ra\u0111aju se neka nova djeca<\/em><\/p>\n<p><em>A vrijeme nije zaborav pobjedilo<\/em><\/p>\n<p><em>I neka te ne tje\u0161e oni koji ka\u017eu da vrijeme ide dalje<\/em><\/p>\n<p><em>Kao da ni\u0161ta bilo nije<\/em><\/p>\n<p><em>Vrijeme nudi prividno olak\u0161anje<\/em><\/p>\n<p><em>A u osami, bol \u0107e te sti\u0107i<\/em><\/p>\n<p><em>Bez svojih voljenih, ne mo\u017ee\u0161 se navi\u0107i<\/em><\/p>\n<p><em>Doline bijelih nisana \u0161ute<\/em><\/p>\n<p><em>Ljiljani tamo spavaju<\/em><\/p>\n<p><em>Iznad dolina bijeloga mora<\/em><\/p>\n<p><em>ptice slobodno prolije\u0107u<\/em><\/p>\n<p><em>a ti\u0161ine nikad nisu bile glasnije<\/em><\/p>\n<p><em>one nas vje\u010dno opominju.<\/em><\/p>\n<p><em>I zato, ne\u0107u dopustiti suzama<\/em><\/p>\n<p><em>Da budu iza re\u0161etaka<\/em><\/p>\n<p><em>Niti \u0107u pustiti rije\u010dima<\/em><\/p>\n<p><em>Da \u010dame u okovima<\/em><\/p>\n<p><em>Da se gu\u0161e u neiskazanm pri\u010dama<\/em><\/p>\n<p><em>U visokim, nedodirljivim branama<\/em><\/p>\n<p><em>U ime bijelih spava\u010da<\/em><\/p>\n<p><em>Pustimo rije\u010d neka leti<\/em><\/p>\n<p><em>Mo\u017eda \u0107e do nekog doprijeti<\/em><\/p>\n","protected":false},"excerpt":{"rendered":"","protected":false},"author":1,"featured_media":11595,"comment_status":"closed","ping_status":"closed","sticky":false,"template":"","format":"standard","meta":{"site-sidebar-layout":"default","site-content-layout":"","ast-site-content-layout":"default","site-content-style":"default","site-sidebar-style":"default","ast-global-header-display":"","ast-banner-title-visibility":"","ast-main-header-display":"","ast-hfb-above-header-display":"","ast-hfb-below-header-display":"","ast-hfb-mobile-header-display":"","site-post-title":"","ast-breadcrumbs-content":"","ast-featured-img":"","footer-sml-layout":"","ast-disable-related-posts":"","theme-transparent-header-meta":"","adv-header-id-meta":"","stick-header-meta":"","header-above-stick-meta":"","header-main-stick-meta":"","header-below-stick-meta":"","astra-migrate-meta-layouts":"default","ast-page-background-enabled":"default","ast-page-background-meta":{"desktop":{"background-color":"","background-image":"","background-repeat":"repeat","background-position":"center center","background-size":"auto","background-attachment":"scroll","background-type":"","background-media":"","overlay-type":"","overlay-color":"","overlay-opacity":"","overlay-gradient":""},"tablet":{"background-color":"","background-image":"","background-repeat":"repeat","background-position":"center center","background-size":"auto","background-attachment":"scroll","background-type":"","background-media":"","overlay-type":"","overlay-color":"","overlay-opacity":"","overlay-gradient":""},"mobile":{"background-color":"","background-image":"","background-repeat":"repeat","background-position":"center center","background-size":"auto","background-attachment":"scroll","background-type":"","background-media":"","overlay-type":"","overlay-color":"","overlay-opacity":"","overlay-gradient":""}},"ast-content-background-meta":{"desktop":{"background-color":"var(--ast-global-color-5)","background-image":"","background-repeat":"repeat","background-position":"center center","background-size":"auto","background-attachment":"scroll","background-type":"","background-media":"","overlay-type":"","overlay-color":"","overlay-opacity":"","overlay-gradient":""},"tablet":{"background-color":"var(--ast-global-color-5)","background-image":"","background-repeat":"repeat","background-position":"center center","background-size":"auto","background-attachment":"scroll","background-type":"","background-media":"","overlay-type":"","overlay-color":"","overlay-opacity":"","overlay-gradient":""},"mobile":{"background-color":"var(--ast-global-color-5)","background-image":"","background-repeat":"repeat","background-position":"center center","background-size":"auto","background-attachment":"scroll","background-type":"","background-media":"","overlay-type":"","overlay-color":"","overlay-opacity":"","overlay-gradient":""}},"_themeisle_gutenberg_block_has_review":false,"footnotes":""},"categories":[6],"tags":[],"class_list":["post-5844","post","type-post","status-publish","format-standard","has-post-thumbnail","hentry","category-news-updates"],"_links":{"self":[{"href":"https:\/\/bosniauknetwork.org\/bs\/wp-json\/wp\/v2\/posts\/5844","targetHints":{"allow":["GET"]}}],"collection":[{"href":"https:\/\/bosniauknetwork.org\/bs\/wp-json\/wp\/v2\/posts"}],"about":[{"href":"https:\/\/bosniauknetwork.org\/bs\/wp-json\/wp\/v2\/types\/post"}],"author":[{"embeddable":true,"href":"https:\/\/bosniauknetwork.org\/bs\/wp-json\/wp\/v2\/users\/1"}],"replies":[{"embeddable":true,"href":"https:\/\/bosniauknetwork.org\/bs\/wp-json\/wp\/v2\/comments?post=5844"}],"version-history":[{"count":0,"href":"https:\/\/bosniauknetwork.org\/bs\/wp-json\/wp\/v2\/posts\/5844\/revisions"}],"wp:featuredmedia":[{"embeddable":true,"href":"https:\/\/bosniauknetwork.org\/bs\/wp-json\/wp\/v2\/media\/11595"}],"wp:attachment":[{"href":"https:\/\/bosniauknetwork.org\/bs\/wp-json\/wp\/v2\/media?parent=5844"}],"wp:term":[{"taxonomy":"category","embeddable":true,"href":"https:\/\/bosniauknetwork.org\/bs\/wp-json\/wp\/v2\/categories?post=5844"},{"taxonomy":"post_tag","embeddable":true,"href":"https:\/\/bosniauknetwork.org\/bs\/wp-json\/wp\/v2\/tags?post=5844"}],"curies":[{"name":"wp","href":"https:\/\/api.w.org\/{rel}","templated":true}]}}