{"id":5867,"date":"2020-06-19T14:38:00","date_gmt":"2020-06-19T14:38:00","guid":{"rendered":"https:\/\/bosniauknetwork.org\/sta-znaci-biti-izbjeglica\/"},"modified":"2020-06-19T14:38:00","modified_gmt":"2020-06-19T14:38:00","slug":"sta-znaci-biti-izbjeglica","status":"publish","type":"post","link":"https:\/\/bosniauknetwork.org\/bs\/sta-znaci-biti-izbjeglica\/","title":{"rendered":"\u0160TA ZNA\u010cI BITI IZBJEGLICA?"},"content":{"rendered":"<p><strong>\u00a0 \u00a0 \u00a0 \u00a0 \u00a0 \u00a0 \u00a0 \u0160TA ZNA\u010cI BITI IZBJEGLICA?\u00a0<\/strong><\/p>\n<p><strong>\u00a0\u00a0\u00a0\u00a0\u00a0\u00a0\u00a0\u00a0\u00a0\u00a0\u00a0\u00a0\u00a0\u00a0\u00a0\u00a0\u00a0\u00a0\u00a0\u00a0\u00a0\u00a0\u00a0 \u00a0\u00a0\u00a0\u00a0\u00a0\u00a0\u00a0\u00a0\u00a0\u00a0\u00a0\u00a0\u00a0\u00a0\u00a0\u00a0\u00a0\u00a0\u00a0\u00a0\u00a0\u00a0\u00a0\u00a0\u00a0\u00a0\u00a0\u00a0\u00a0\u00a0\u00a0\u00a0\u00a0\u00a0\u00a0\u00a0\u00a0\u00a0\u00a0\u00a0\u00a0\u00a0\u00a0\u00a0 SEMIRA JAKUPOVI\u0106<\/strong><\/p>\n<p><strong>\u00a0<\/strong><\/p>\n<p><strong><em>Povodom 20. juna, Svjetskog dana izbjeglica<\/em><\/strong><\/p>\n<p><strong>\u00a0<\/strong><\/p>\n<p><strong>\u00a0<\/strong><\/p>\n<p>Biti izbjeglica zna\u010di<\/p>\n<p>Krenuti na put bez povratka<\/p>\n<p>Umjesto kupea dostojna \u010dovjeka<\/p>\n<p>Voziti se u \u00a0hajvan-kolima<\/p>\n<p>Pokupiti prnje u zave\u017eljaj \u017eivota<\/p>\n<p>I pitati druge znaju l\u2019 \u0161ta je grehota<\/p>\n<p>I tra\u017eiti ku\u0107u ispod plava neba<\/p>\n<p>I misliti , \u201csamo \u017eivot imam jedan,<\/p>\n<p>Ne treba mi ni on tako bijedan\u201d<\/p>\n<p>&nbsp;<\/p>\n<p>Biti izbjeglica zna\u010di<\/p>\n<p>\u017divjet u kampu, sa hiljadama du\u0161a<\/p>\n<p>Satima \u010dekati u redovima bez kraja<\/p>\n<p>Vidjeti kako kraj se s krajem spaja<\/p>\n<p>Pokrit\u2019 se sa grubim, sivim dekama<\/p>\n<p>Spavati na tvrdim, vojni\u010dkim krevetima<\/p>\n<p>Stajati strpljivo pred istruganim kazanima.<\/p>\n<p>I sanjati neki bolji svijet<\/p>\n<p>&nbsp;<\/p>\n<p>Biti izbjeglica zna\u010di<\/p>\n<p>Biti \u010dovjek bez adrese<\/p>\n<p>Stalno gledati preko ramena<\/p>\n<p>Osje\u0107ati \u00a0kako ljudi gube sa\u017ealjenja<\/p>\n<p>I gledaju te kao nu\u017eno zlo<\/p>\n<p>Dok tebi se gubi<\/p>\n<p>Pod nogama tlo.<\/p>\n<p>&nbsp;<\/p>\n<p>Biti izbjeglica zna\u010di<\/p>\n<p>Seliti se od mjesta do mjesta<\/p>\n<p>Sre\u0107u svoju tra\u017eiti na spiskovima bez kraja<\/p>\n<p>Sa \u017eeljom da te s tvojim nekim spoje<\/p>\n<p>Ili da ti po svom sre\u0107u kroje<\/p>\n<p>&nbsp;<\/p>\n<p>&nbsp;<\/p>\n<p>Za\u0161titni znak nam postade<\/p>\n<p>Karirana kesa<\/p>\n<p>Da se usput na\u0111e<\/p>\n<p>Ono malo bijede<\/p>\n<p>A glavu pro\u0161araju<\/p>\n<p>Mladala\u010dke sijede.<\/p>\n<p>&nbsp;<\/p>\n<p>Gdje je po\u010detak kraja<\/p>\n<p>gdje se to nada s o\u010dajem spaja<\/p>\n<p>da li Uzvi\u0161eni, \u010duje\u0161 molitve na\u0161e<\/p>\n<p>da li ikog na\u0161e napa\u0107ene du\u0161e pla\u0161e<\/p>\n<p>&nbsp;<\/p>\n<p>&nbsp;<\/p>\n<p>Da li u oblacima<\/p>\n<p>Dok plovimo u susret nekoj boljoj sre\u0107i<\/p>\n<p>Da li na beskrajnim putevima<\/p>\n<p>Dok pla\u010demo, dok odlazimo daleko,<\/p>\n<p>Dok se od majke zemlje odvajamo<\/p>\n<p>Da li na talasima mora<\/p>\n<p>Dok nas kida bol i morsko ludilo<\/p>\n<p>Da li nas sre\u0107a \u010deka negdje tamo<\/p>\n<p>&nbsp;<\/p>\n<p>Dok stra\u0161ljivo hodam ulicama novim<\/p>\n<p>I molim Boga da se ne izgubim<\/p>\n<p>ne divim se blje\u0161tavim izlozima<\/p>\n<p>I klanjam se nesre\u0107nim prosjacima<\/p>\n<p>Da li su i oni neki od nas<\/p>\n<p>&nbsp;<\/p>\n<p>Dok slu\u0161am neki nerazumljiv jezik<\/p>\n<p>I klimam glavom kad mi ni\u0161ta nije jasno<\/p>\n<p>Promi\u010du pored mene ljudi bezbojnih lica<\/p>\n<p>Prolaze ravnodu\u0161no ,<\/p>\n<p>Mo\u017eda su i oni bili u koloni izbjeglica<\/p>\n<p>&nbsp;<\/p>\n<p>\u0106udnog li svijeta, mislim,<\/p>\n<p>Ovdje niko ni za kog ne haje,<\/p>\n<p>Kako li \u0107u pre\u017eivjeti \u017eivot bez Bosne svoje,<\/p>\n<p>Koliko \u0107e dugo sve ovo da traje<\/p>\n<p>&nbsp;<\/p>\n<p>Zrak smrdljiv ste\u017ee I ne \u010duju se pjesme ptica<\/p>\n<p>Umor me smara, a ne \u017eelim se<\/p>\n<p>U sobu bez topline vratiti<\/p>\n<p>Ni u snu ne pomi\u0161ljam<\/p>\n<p>Da \u0107u se jednom sa ovom tu\u0111inom pomiriti<\/p>\n<p>&nbsp;<\/p>\n<p>I sanjam tebe, o majko moja,<\/p>\n<p>Kako me jedva iz ruku pu\u0161ta\u0161<\/p>\n<p>A ni\u0161ta mi bolje ne mo\u017ee\u0161 dati<\/p>\n<p>Tvoj pogled govori, idi, spasi se<\/p>\n<p>A suze u o\u010dima, \u0161to br\u017ee vrati se.<\/p>\n<p>Nema nikog da sa njim kahvu popijem<\/p>\n<p>Ipak,no\u0107u se snovima o povratku opijem<\/p>\n<p>&nbsp;<\/p>\n<p>1993.<\/p>\n<p>&nbsp;<\/p>\n<p>&nbsp;<\/p>\n<p>&nbsp;<\/p>\n<p>&nbsp;<\/p>\n<p>&nbsp;<\/p>\n<p>&nbsp;<\/p>\n<p>&nbsp;<\/p>\n<p>&nbsp;<\/p>\n<p>&nbsp;<\/p>\n<p>&nbsp;<\/p>\n","protected":false},"excerpt":{"rendered":"<p>\u00a0 \u00a0 \u00a0 \u00a0 \u00a0 \u00a0 \u00a0 \u0160TA ZNA\u010cI BITI IZBJEGLICA?\u00a0 \u00a0\u00a0\u00a0\u00a0\u00a0\u00a0\u00a0\u00a0\u00a0\u00a0\u00a0\u00a0\u00a0\u00a0\u00a0\u00a0\u00a0\u00a0\u00a0\u00a0\u00a0\u00a0\u00a0 \u00a0\u00a0\u00a0\u00a0\u00a0\u00a0\u00a0\u00a0\u00a0\u00a0\u00a0\u00a0\u00a0\u00a0\u00a0\u00a0\u00a0\u00a0\u00a0\u00a0\u00a0\u00a0\u00a0\u00a0\u00a0\u00a0\u00a0\u00a0\u00a0\u00a0\u00a0\u00a0\u00a0\u00a0\u00a0\u00a0\u00a0\u00a0\u00a0\u00a0\u00a0\u00a0\u00a0\u00a0 SEMIRA JAKUPOVI\u0106 \u00a0 Povodom 20. juna, Svjetskog dana izbjeglica \u00a0 \u00a0 Biti izbjeglica zna\u010di Krenuti na put [&hellip;]<\/p>\n","protected":false},"author":1,"featured_media":0,"comment_status":"closed","ping_status":"closed","sticky":false,"template":"","format":"standard","meta":{"site-sidebar-layout":"default","site-content-layout":"","ast-site-content-layout":"default","site-content-style":"default","site-sidebar-style":"default","ast-global-header-display":"","ast-banner-title-visibility":"","ast-main-header-display":"","ast-hfb-above-header-display":"","ast-hfb-below-header-display":"","ast-hfb-mobile-header-display":"","site-post-title":"","ast-breadcrumbs-content":"","ast-featured-img":"","footer-sml-layout":"","ast-disable-related-posts":"","theme-transparent-header-meta":"","adv-header-id-meta":"","stick-header-meta":"","header-above-stick-meta":"","header-main-stick-meta":"","header-below-stick-meta":"","astra-migrate-meta-layouts":"default","ast-page-background-enabled":"default","ast-page-background-meta":{"desktop":{"background-color":"","background-image":"","background-repeat":"repeat","background-position":"center center","background-size":"auto","background-attachment":"scroll","background-type":"","background-media":"","overlay-type":"","overlay-color":"","overlay-opacity":"","overlay-gradient":""},"tablet":{"background-color":"","background-image":"","background-repeat":"repeat","background-position":"center center","background-size":"auto","background-attachment":"scroll","background-type":"","background-media":"","overlay-type":"","overlay-color":"","overlay-opacity":"","overlay-gradient":""},"mobile":{"background-color":"","background-image":"","background-repeat":"repeat","background-position":"center center","background-size":"auto","background-attachment":"scroll","background-type":"","background-media":"","overlay-type":"","overlay-color":"","overlay-opacity":"","overlay-gradient":""}},"ast-content-background-meta":{"desktop":{"background-color":"var(--ast-global-color-5)","background-image":"","background-repeat":"repeat","background-position":"center center","background-size":"auto","background-attachment":"scroll","background-type":"","background-media":"","overlay-type":"","overlay-color":"","overlay-opacity":"","overlay-gradient":""},"tablet":{"background-color":"var(--ast-global-color-5)","background-image":"","background-repeat":"repeat","background-position":"center center","background-size":"auto","background-attachment":"scroll","background-type":"","background-media":"","overlay-type":"","overlay-color":"","overlay-opacity":"","overlay-gradient":""},"mobile":{"background-color":"var(--ast-global-color-5)","background-image":"","background-repeat":"repeat","background-position":"center center","background-size":"auto","background-attachment":"scroll","background-type":"","background-media":"","overlay-type":"","overlay-color":"","overlay-opacity":"","overlay-gradient":""}},"_themeisle_gutenberg_block_has_review":false,"footnotes":""},"categories":[6],"tags":[],"class_list":["post-5867","post","type-post","status-publish","format-standard","hentry","category-news-updates"],"_links":{"self":[{"href":"https:\/\/bosniauknetwork.org\/bs\/wp-json\/wp\/v2\/posts\/5867","targetHints":{"allow":["GET"]}}],"collection":[{"href":"https:\/\/bosniauknetwork.org\/bs\/wp-json\/wp\/v2\/posts"}],"about":[{"href":"https:\/\/bosniauknetwork.org\/bs\/wp-json\/wp\/v2\/types\/post"}],"author":[{"embeddable":true,"href":"https:\/\/bosniauknetwork.org\/bs\/wp-json\/wp\/v2\/users\/1"}],"replies":[{"embeddable":true,"href":"https:\/\/bosniauknetwork.org\/bs\/wp-json\/wp\/v2\/comments?post=5867"}],"version-history":[{"count":0,"href":"https:\/\/bosniauknetwork.org\/bs\/wp-json\/wp\/v2\/posts\/5867\/revisions"}],"wp:attachment":[{"href":"https:\/\/bosniauknetwork.org\/bs\/wp-json\/wp\/v2\/media?parent=5867"}],"wp:term":[{"taxonomy":"category","embeddable":true,"href":"https:\/\/bosniauknetwork.org\/bs\/wp-json\/wp\/v2\/categories?post=5867"},{"taxonomy":"post_tag","embeddable":true,"href":"https:\/\/bosniauknetwork.org\/bs\/wp-json\/wp\/v2\/tags?post=5867"}],"curies":[{"name":"wp","href":"https:\/\/api.w.org\/{rel}","templated":true}]}}