{"id":5888,"date":"2020-07-02T14:48:33","date_gmt":"2020-07-02T14:48:33","guid":{"rendered":"https:\/\/bosniauknetwork.org\/ove-godine-komemoracija-zrtvama-genocida-u-srebrenici-putem-video-linka\/"},"modified":"2020-07-02T14:48:33","modified_gmt":"2020-07-02T14:48:33","slug":"ove-godine-komemoracija-zrtvama-genocida-u-srebrenici-putem-video-linka","status":"publish","type":"post","link":"https:\/\/bosniauknetwork.org\/bs\/ove-godine-komemoracija-zrtvama-genocida-u-srebrenici-putem-video-linka\/","title":{"rendered":"Ove godine komemoracija \u017ertvama genocida u Srebrenici putem video-linka"},"content":{"rendered":"<p><strong>U sjedi\u0161tu Vlade Federacije BiH u Sarajevu odr\u017ean je radni sastanak rukovodstva Organizacionog odbora za obilje\u017eavanje 11. jula 1995. godine, 25. godi\u0161njice genocida nad Bo\u0161njacima \u201cSigurne zone UN-a\u201d Srebrenica sa predsjednicima pododbora na kojem je, izme\u0111u ostaloga, odlu\u010deno da ovogodi\u0161nja komemoracija \u017ertvama genocida bude odr\u017eana putem videolinka.<\/strong><\/p>\n<p>&nbsp;<\/p>\n<p>Dogovoreno je da, uzimaju\u0107i u obzir trenutnu epidemiolo\u0161ku situaciju prouzrokovanu pandemijom koronavirusa, a na osnovu ranijih zaklju\u010daka Organizacionog odbora, komemoracija u povodu obilje\u017eavanja 25 godina od genocida nad Bo\u0161njacima \u201eSZ UN-a\u201c Srebrenica bude odr\u017eana putem videolinka. To podrazumijeva mogu\u0107nost stranim dr\u017eavnicima i zvani\u010dnicima da po\u0161alju poruku i obrate se javnosti direktno putem video-linka ili snimljenom video porukom, navodi se u saop\u0161tenju Organizacionog odbora.<\/p>\n<p>Sve aktivnosti i sadr\u017eaji, posebno Mar\u0161 mira, Biciklisti\u010dki maraton Biha\u0107 \u2013 Srebrenica, Ultramaraton Biha\u0107 \u2013 Srebrenica, Motomaraton i Ultramaraton Vukovar \u2013 Srebrenica, bit \u0107e odr\u017eani u skladu sa epidemiolo\u0161kim mjerama i uputama koje u tom trenutku budu izdale nadle\u017ene institucije.<\/p>\n<p>Pododbor za Mar\u0161 mira je zadu\u017een da obavi i sve neophodne pripreme za aktivnosti koje su obuhva\u0107ene programom ovog pododbora (Mar\u0161 mira Nezuk \u2013 Poto\u010dari, Mar\u0161 mira \u017depa \u2013 Poto\u010dari, Biciklisti\u010dki maraton Biha\u0107 \u2013 Srebrenica, Ultramaraton Biha\u0107 \u2013 Srebrenica, Motomaraton i Ultramaraton Vukovar \u2013 Srebrenica), tako\u0111er u skladu sa va\u017ee\u0107im epidemiolo\u0161kim mjerama, a naro\u010dito kada je u pitanju broj u\u010desnika.<\/p>\n<p>U vjerskom dijelu programa, odlu\u010deno je na dana\u0161njem sastanku, bit \u0107e klanjana d\u017eenaza \u017ertvama genocida.<\/p>\n<p>O ukopu identifikovanih \u017ertava genocida Organizacioni odbor \u0107e naknadno odlu\u010diti uz saradnju sa porodicama identifikovanih \u017ertava i Pododborom za vjerska pitanja, nagla\u0161eno je na sastanku.<\/p>\n<p>Pododbori za vjerska pitanja i organizaciju dolaska porodica \u017ertava \u0107e najkasnije u narednih sedam dana razgovarati sa porodicama \u017ertava i prikupiti podatke o tome da li porodice \u017eele ili ne izvr\u0161iti ukop.<\/p>\n<p>Organizacioni odbor donio je jednoglasnu odluku da na ovogodi\u0161njem obilje\u017eavanju genocida u Srebrenici, 11. jula 2020. godine, ne\u0107e biti organizovanog prevoza autobusima. Tokom sastanka u nekoliko navrata je nagla\u0161eno da je od velikog zna\u010daja ovogodi\u0161nje obilje\u017eavanje 25. godi\u0161njice genocida nad Bo\u0161njacima u Srebrenici provesti uz pridr\u017eavanje epidemiolo\u0161kih mjera.<\/p>\n<p>Istaknuto je da 11. jula ove godine iz Srebrenice treba, kao i prethodnih godina, poslati poruku dostojanstvenog obilje\u017eavanja godi\u0161njice genocida jer to \u017ertve genocida i zaslu\u017euju.<\/p>\n<p><strong>\u00a0<\/strong><\/p>\n","protected":false},"excerpt":{"rendered":"<p>U sjedi\u0161tu Vlade Federacije BiH u Sarajevu odr\u017ean je radni sastanak rukovodstva Organizacionog odbora za obilje\u017eavanje 11. jula 1995. godine, 25. godi\u0161njice genocida nad Bo\u0161njacima \u201cSigurne zone UN-a\u201d Srebrenica sa [&hellip;]<\/p>\n","protected":false},"author":1,"featured_media":0,"comment_status":"closed","ping_status":"closed","sticky":false,"template":"","format":"standard","meta":{"site-sidebar-layout":"default","site-content-layout":"","ast-site-content-layout":"default","site-content-style":"default","site-sidebar-style":"default","ast-global-header-display":"","ast-banner-title-visibility":"","ast-main-header-display":"","ast-hfb-above-header-display":"","ast-hfb-below-header-display":"","ast-hfb-mobile-header-display":"","site-post-title":"","ast-breadcrumbs-content":"","ast-featured-img":"","footer-sml-layout":"","ast-disable-related-posts":"","theme-transparent-header-meta":"","adv-header-id-meta":"","stick-header-meta":"","header-above-stick-meta":"","header-main-stick-meta":"","header-below-stick-meta":"","astra-migrate-meta-layouts":"default","ast-page-background-enabled":"default","ast-page-background-meta":{"desktop":{"background-color":"","background-image":"","background-repeat":"repeat","background-position":"center center","background-size":"auto","background-attachment":"scroll","background-type":"","background-media":"","overlay-type":"","overlay-color":"","overlay-opacity":"","overlay-gradient":""},"tablet":{"background-color":"","background-image":"","background-repeat":"repeat","background-position":"center center","background-size":"auto","background-attachment":"scroll","background-type":"","background-media":"","overlay-type":"","overlay-color":"","overlay-opacity":"","overlay-gradient":""},"mobile":{"background-color":"","background-image":"","background-repeat":"repeat","background-position":"center center","background-size":"auto","background-attachment":"scroll","background-type":"","background-media":"","overlay-type":"","overlay-color":"","overlay-opacity":"","overlay-gradient":""}},"ast-content-background-meta":{"desktop":{"background-color":"var(--ast-global-color-5)","background-image":"","background-repeat":"repeat","background-position":"center center","background-size":"auto","background-attachment":"scroll","background-type":"","background-media":"","overlay-type":"","overlay-color":"","overlay-opacity":"","overlay-gradient":""},"tablet":{"background-color":"var(--ast-global-color-5)","background-image":"","background-repeat":"repeat","background-position":"center center","background-size":"auto","background-attachment":"scroll","background-type":"","background-media":"","overlay-type":"","overlay-color":"","overlay-opacity":"","overlay-gradient":""},"mobile":{"background-color":"var(--ast-global-color-5)","background-image":"","background-repeat":"repeat","background-position":"center center","background-size":"auto","background-attachment":"scroll","background-type":"","background-media":"","overlay-type":"","overlay-color":"","overlay-opacity":"","overlay-gradient":""}},"_themeisle_gutenberg_block_has_review":false,"footnotes":""},"categories":[6],"tags":[],"class_list":["post-5888","post","type-post","status-publish","format-standard","hentry","category-news-updates"],"_links":{"self":[{"href":"https:\/\/bosniauknetwork.org\/bs\/wp-json\/wp\/v2\/posts\/5888","targetHints":{"allow":["GET"]}}],"collection":[{"href":"https:\/\/bosniauknetwork.org\/bs\/wp-json\/wp\/v2\/posts"}],"about":[{"href":"https:\/\/bosniauknetwork.org\/bs\/wp-json\/wp\/v2\/types\/post"}],"author":[{"embeddable":true,"href":"https:\/\/bosniauknetwork.org\/bs\/wp-json\/wp\/v2\/users\/1"}],"replies":[{"embeddable":true,"href":"https:\/\/bosniauknetwork.org\/bs\/wp-json\/wp\/v2\/comments?post=5888"}],"version-history":[{"count":0,"href":"https:\/\/bosniauknetwork.org\/bs\/wp-json\/wp\/v2\/posts\/5888\/revisions"}],"wp:attachment":[{"href":"https:\/\/bosniauknetwork.org\/bs\/wp-json\/wp\/v2\/media?parent=5888"}],"wp:term":[{"taxonomy":"category","embeddable":true,"href":"https:\/\/bosniauknetwork.org\/bs\/wp-json\/wp\/v2\/categories?post=5888"},{"taxonomy":"post_tag","embeddable":true,"href":"https:\/\/bosniauknetwork.org\/bs\/wp-json\/wp\/v2\/tags?post=5888"}],"curies":[{"name":"wp","href":"https:\/\/api.w.org\/{rel}","templated":true}]}}