{"id":6020,"date":"2020-07-10T15:59:27","date_gmt":"2020-07-10T15:59:27","guid":{"rendered":"https:\/\/bosniauknetwork.org\/lejla-kevric-svaki-korak-je-vazan\/"},"modified":"2020-07-10T15:59:27","modified_gmt":"2020-07-10T15:59:27","slug":"lejla-kevric-svaki-korak-je-vazan","status":"publish","type":"post","link":"https:\/\/bosniauknetwork.org\/bs\/lejla-kevric-svaki-korak-je-vazan\/","title":{"rendered":"Lejla Kevri\u0107 &#8211; Svaki korak je va\u017ean!"},"content":{"rendered":"<p>U sklopu obilje\u017eavanja Sedmice sje\u0107anja na Srebrenicu, Lejla Kevri\u0107\u00a0 ve\u0107 par godina, odlu\u010duje da razli\u010ditim projektima edukuje ljude o genocidu u Srebrenici.<\/p>\n<p>Do\u0161la je u Veliku Britaniju sa svojih 11 godina. Lejla trenutno \u017eivi u Londonu a nedavno je magistrirala \u201cDesign Expanded Practice\u201d na Goldsmiths univerzitetu.<\/p>\n<p>\u201d Koriste\u0107i ovogodi\u0161nju temu \u201eSvaki korak je va\u017ean\u201c, kontaktirala sam\u00a0 nekoliko kreativaca i zapo\u010deli smo\u00a0 dijalog o srebreni\u010dkom genocidu. Svaki pojedinac preuzeo je na sebe da sazna vi\u0161e o genocidu u Srebrenici.\u00a0 Odlu\u010dilli su da kreiraju vizuelni, pisani ili zvu\u010dni odgovor na njihovu spoznaju. Oni su saose\u0107ajno sastavljeni u videu u \u010dast \u017ertvama srebreni\u010dkog genocida.\u201d, izjavila je Lejla Kevri\u0107.<\/p>\n<p>&nbsp;<\/p>\n\n<p>Ovom prilikom, brojni kreativci su izdvojili svoje dragocjeno vrijeme kako bi nau\u010dili vi\u0161e o srebreni\u010dkom genocidu i stvorili su sna\u017ene odgovore. U projektu su u\u010destvovali:<\/p>\n<p>&nbsp;<\/p>\n<p>Alexi Hernandez<br \/>\nAlicia SH Kuo<br \/>\nAndrew Morton<br \/>\nCyrus Khan<br \/>\nBLM. Art<br \/>\nElaine Xu<br \/>\nEly Vargas<br \/>\nIsabella Isabeau<br \/>\nKadin Kostelic<br \/>\nLing Liu<br \/>\nNora Liang<br \/>\nScott Irving<br \/>\nSelene Woo<br \/>\nThomas Goldstone<br \/>\nMolly Wei<br \/>\nLejla Kevri\u0107<\/p>\n<p>&nbsp;<\/p>\n<p><em>Vi\u0161e informacija o projektu mo\u017eete prona\u0107i na instagram stranici: Srebrenica25_<\/em><\/p>\n<p>&nbsp;<\/p>\n","protected":false},"excerpt":{"rendered":"<p>U sklopu obilje\u017eavanja Sedmice sje\u0107anja na Srebrenicu, Lejla Kevri\u0107\u00a0 ve\u0107 par godina, odlu\u010duje da razli\u010ditim projektima edukuje ljude o genocidu u Srebrenici. Do\u0161la je u Veliku Britaniju sa svojih 11 [&hellip;]<\/p>\n","protected":false},"author":1,"featured_media":0,"comment_status":"closed","ping_status":"closed","sticky":false,"template":"","format":"standard","meta":{"site-sidebar-layout":"default","site-content-layout":"","ast-site-content-layout":"default","site-content-style":"default","site-sidebar-style":"default","ast-global-header-display":"","ast-banner-title-visibility":"","ast-main-header-display":"","ast-hfb-above-header-display":"","ast-hfb-below-header-display":"","ast-hfb-mobile-header-display":"","site-post-title":"","ast-breadcrumbs-content":"","ast-featured-img":"","footer-sml-layout":"","ast-disable-related-posts":"","theme-transparent-header-meta":"","adv-header-id-meta":"","stick-header-meta":"","header-above-stick-meta":"","header-main-stick-meta":"","header-below-stick-meta":"","astra-migrate-meta-layouts":"default","ast-page-background-enabled":"default","ast-page-background-meta":{"desktop":{"background-color":"","background-image":"","background-repeat":"repeat","background-position":"center center","background-size":"auto","background-attachment":"scroll","background-type":"","background-media":"","overlay-type":"","overlay-color":"","overlay-opacity":"","overlay-gradient":""},"tablet":{"background-color":"","background-image":"","background-repeat":"repeat","background-position":"center center","background-size":"auto","background-attachment":"scroll","background-type":"","background-media":"","overlay-type":"","overlay-color":"","overlay-opacity":"","overlay-gradient":""},"mobile":{"background-color":"","background-image":"","background-repeat":"repeat","background-position":"center center","background-size":"auto","background-attachment":"scroll","background-type":"","background-media":"","overlay-type":"","overlay-color":"","overlay-opacity":"","overlay-gradient":""}},"ast-content-background-meta":{"desktop":{"background-color":"var(--ast-global-color-5)","background-image":"","background-repeat":"repeat","background-position":"center center","background-size":"auto","background-attachment":"scroll","background-type":"","background-media":"","overlay-type":"","overlay-color":"","overlay-opacity":"","overlay-gradient":""},"tablet":{"background-color":"var(--ast-global-color-5)","background-image":"","background-repeat":"repeat","background-position":"center center","background-size":"auto","background-attachment":"scroll","background-type":"","background-media":"","overlay-type":"","overlay-color":"","overlay-opacity":"","overlay-gradient":""},"mobile":{"background-color":"var(--ast-global-color-5)","background-image":"","background-repeat":"repeat","background-position":"center center","background-size":"auto","background-attachment":"scroll","background-type":"","background-media":"","overlay-type":"","overlay-color":"","overlay-opacity":"","overlay-gradient":""}},"_themeisle_gutenberg_block_has_review":false,"footnotes":""},"categories":[6],"tags":[],"class_list":["post-6020","post","type-post","status-publish","format-standard","hentry","category-news-updates"],"_links":{"self":[{"href":"https:\/\/bosniauknetwork.org\/bs\/wp-json\/wp\/v2\/posts\/6020","targetHints":{"allow":["GET"]}}],"collection":[{"href":"https:\/\/bosniauknetwork.org\/bs\/wp-json\/wp\/v2\/posts"}],"about":[{"href":"https:\/\/bosniauknetwork.org\/bs\/wp-json\/wp\/v2\/types\/post"}],"author":[{"embeddable":true,"href":"https:\/\/bosniauknetwork.org\/bs\/wp-json\/wp\/v2\/users\/1"}],"replies":[{"embeddable":true,"href":"https:\/\/bosniauknetwork.org\/bs\/wp-json\/wp\/v2\/comments?post=6020"}],"version-history":[{"count":0,"href":"https:\/\/bosniauknetwork.org\/bs\/wp-json\/wp\/v2\/posts\/6020\/revisions"}],"wp:attachment":[{"href":"https:\/\/bosniauknetwork.org\/bs\/wp-json\/wp\/v2\/media?parent=6020"}],"wp:term":[{"taxonomy":"category","embeddable":true,"href":"https:\/\/bosniauknetwork.org\/bs\/wp-json\/wp\/v2\/categories?post=6020"},{"taxonomy":"post_tag","embeddable":true,"href":"https:\/\/bosniauknetwork.org\/bs\/wp-json\/wp\/v2\/tags?post=6020"}],"curies":[{"name":"wp","href":"https:\/\/api.w.org\/{rel}","templated":true}]}}