{"id":6033,"date":"2020-07-11T10:14:56","date_gmt":"2020-07-11T10:14:56","guid":{"rendered":"https:\/\/bosniauknetwork.org\/djeca-bh-skole-coventry-ozivljavanje-uspomena-na-zrtve-genocida-u-srebrenici\/"},"modified":"2020-07-11T10:14:56","modified_gmt":"2020-07-11T10:14:56","slug":"djeca-bh-skole-coventry-ozivljavanje-uspomena-na-zrtve-genocida-u-srebrenici","status":"publish","type":"post","link":"https:\/\/bosniauknetwork.org\/bs\/djeca-bh-skole-coventry-ozivljavanje-uspomena-na-zrtve-genocida-u-srebrenici\/","title":{"rendered":"BH \u0161kola Coventry: O\u017eivljavanje uspomena na \u017ertve genocida u Srebrenici"},"content":{"rendered":"<p>Jedanaesti juli 1995. godine, najtu\u017eniji dan u historiji Bosne i Hercegovine. Prvi i jedini genocid u Evropi nakon Drugog svjetskog rata. Mjesto dogadjaja za\u0161ti\u0107ena zona UN Srebrenica, malo mjesto na istoku Bosne i Hercegovine. 8372. ljudi je ubijeno za nekoliko dana bez milosti, bez digniteta, bez ijedne truni ljudskosti. Dje\u010daci otrgnuti iz ruka svojih majki odvedeni su u svoju smrt. Majke, ostavljene da \u017eive i time jo\u0161 vi\u0161e ka\u017enjene &#8211; \u017eivotom.<\/p>\n<div>25 godina kasnije, Coventry, Velika Britanija. U\u010denici Bosanske dopunske \u0161kole, roditelji, nastavnici i cijela bosanskohercegova\u010dka zajednica kroz lica nekih o\u017eivljava uspomenu na sve \u017ertve genocida u Srebrenici i cijeloj Bosni i Hercegovini. Prijedor, Sarajevo, Zvornik, Mostar, Vi\u0161egrad samo su imena nekih gradova u kojima se, takodjer dogodio ili poku\u0161ao izvr\u0161iti genocid.<\/div>\n<div dir=\"ltr\"><\/div>\n<div dir=\"ltr\">Video:<a href=\"https:\/\/youtu.be\/0WhFlmpfE00?t=616\">https:\/\/youtu.be\/0WhFlmpfE00?t=616<\/a><\/div>\n<div dir=\"ltr\"><\/div>\n<div>Mi, prva, druga i tre\u0107a generacija Bosanaca i Hercegovaca danas svjedo\u010dimo da se zlo Srebrenice nije, ne\u0107e i ne smije zaboraviti. Mi danas kazujemo Svijetu da nas suze srebreni\u010dkih majki jednako bole kroz sve tri generacije i kunemo se da \u0107e tako biti i u narednim stolje\u0107ima.<\/div>\n<div dir=\"ltr\"><\/div>\n<div>Dragi na\u0161i neka vam je lahka zemlja bosanska ma gdje god da su vam kosti rasijane &#8211; Amin.<\/div>\n<div><\/div>\n<div dir=\"ltr\"><\/div>\n","protected":false},"excerpt":{"rendered":"<p>Jedanaesti juli 1995. godine, najtu\u017eniji dan u historiji Bosne i Hercegovine. Prvi i jedini genocid u Evropi nakon Drugog svjetskog rata. Mjesto dogadjaja za\u0161ti\u0107ena zona UN Srebrenica, malo mjesto na [&hellip;]<\/p>\n","protected":false},"author":1,"featured_media":0,"comment_status":"closed","ping_status":"closed","sticky":false,"template":"","format":"standard","meta":{"site-sidebar-layout":"default","site-content-layout":"","ast-site-content-layout":"default","site-content-style":"default","site-sidebar-style":"default","ast-global-header-display":"","ast-banner-title-visibility":"","ast-main-header-display":"","ast-hfb-above-header-display":"","ast-hfb-below-header-display":"","ast-hfb-mobile-header-display":"","site-post-title":"","ast-breadcrumbs-content":"","ast-featured-img":"","footer-sml-layout":"","ast-disable-related-posts":"","theme-transparent-header-meta":"","adv-header-id-meta":"","stick-header-meta":"","header-above-stick-meta":"","header-main-stick-meta":"","header-below-stick-meta":"","astra-migrate-meta-layouts":"default","ast-page-background-enabled":"default","ast-page-background-meta":{"desktop":{"background-color":"","background-image":"","background-repeat":"repeat","background-position":"center center","background-size":"auto","background-attachment":"scroll","background-type":"","background-media":"","overlay-type":"","overlay-color":"","overlay-opacity":"","overlay-gradient":""},"tablet":{"background-color":"","background-image":"","background-repeat":"repeat","background-position":"center center","background-size":"auto","background-attachment":"scroll","background-type":"","background-media":"","overlay-type":"","overlay-color":"","overlay-opacity":"","overlay-gradient":""},"mobile":{"background-color":"","background-image":"","background-repeat":"repeat","background-position":"center center","background-size":"auto","background-attachment":"scroll","background-type":"","background-media":"","overlay-type":"","overlay-color":"","overlay-opacity":"","overlay-gradient":""}},"ast-content-background-meta":{"desktop":{"background-color":"var(--ast-global-color-5)","background-image":"","background-repeat":"repeat","background-position":"center center","background-size":"auto","background-attachment":"scroll","background-type":"","background-media":"","overlay-type":"","overlay-color":"","overlay-opacity":"","overlay-gradient":""},"tablet":{"background-color":"var(--ast-global-color-5)","background-image":"","background-repeat":"repeat","background-position":"center center","background-size":"auto","background-attachment":"scroll","background-type":"","background-media":"","overlay-type":"","overlay-color":"","overlay-opacity":"","overlay-gradient":""},"mobile":{"background-color":"var(--ast-global-color-5)","background-image":"","background-repeat":"repeat","background-position":"center center","background-size":"auto","background-attachment":"scroll","background-type":"","background-media":"","overlay-type":"","overlay-color":"","overlay-opacity":"","overlay-gradient":""}},"_themeisle_gutenberg_block_has_review":false,"footnotes":""},"categories":[6],"tags":[],"class_list":["post-6033","post","type-post","status-publish","format-standard","hentry","category-news-updates"],"_links":{"self":[{"href":"https:\/\/bosniauknetwork.org\/bs\/wp-json\/wp\/v2\/posts\/6033","targetHints":{"allow":["GET"]}}],"collection":[{"href":"https:\/\/bosniauknetwork.org\/bs\/wp-json\/wp\/v2\/posts"}],"about":[{"href":"https:\/\/bosniauknetwork.org\/bs\/wp-json\/wp\/v2\/types\/post"}],"author":[{"embeddable":true,"href":"https:\/\/bosniauknetwork.org\/bs\/wp-json\/wp\/v2\/users\/1"}],"replies":[{"embeddable":true,"href":"https:\/\/bosniauknetwork.org\/bs\/wp-json\/wp\/v2\/comments?post=6033"}],"version-history":[{"count":0,"href":"https:\/\/bosniauknetwork.org\/bs\/wp-json\/wp\/v2\/posts\/6033\/revisions"}],"wp:attachment":[{"href":"https:\/\/bosniauknetwork.org\/bs\/wp-json\/wp\/v2\/media?parent=6033"}],"wp:term":[{"taxonomy":"category","embeddable":true,"href":"https:\/\/bosniauknetwork.org\/bs\/wp-json\/wp\/v2\/categories?post=6033"},{"taxonomy":"post_tag","embeddable":true,"href":"https:\/\/bosniauknetwork.org\/bs\/wp-json\/wp\/v2\/tags?post=6033"}],"curies":[{"name":"wp","href":"https:\/\/api.w.org\/{rel}","templated":true}]}}