{"id":6065,"date":"2020-07-21T11:10:37","date_gmt":"2020-07-21T11:10:37","guid":{"rendered":"https:\/\/bosniauknetwork.org\/mancesterobiljezene-20-godisnjica-postojanja-bh-dopunske-skole-i-25-godisnjica-genocida-u-srebrenici\/"},"modified":"2020-07-21T11:10:37","modified_gmt":"2020-07-21T11:10:37","slug":"mancesterobiljezene-20-godisnjica-postojanja-bh-dopunske-skole-i-25-godisnjica-genocida-u-srebrenici","status":"publish","type":"post","link":"https:\/\/bosniauknetwork.org\/bs\/mancesterobiljezene-20-godisnjica-postojanja-bh-dopunske-skole-i-25-godisnjica-genocida-u-srebrenici\/","title":{"rendered":"Man\u010dester:Obilje\u017eene 20.godi\u0161njica postojanja bh.dopunske \u0161kole  i 25.godi\u0161njica genocida u Srebrenici"},"content":{"rendered":"<p><img fetchpriority=\"high\" class=\"alignnone  wp-image-6066\" src=https:\/\/bosniauknetwork.org\/wp-content\/uploads\/2020\/07\/2bb997d2-a1de-4af4-b2b0-8335e9fa52f3-300x199.jpg\" alt=\"\" width=\"947\" height=\"628\" \/><\/p>\n<p>Bosanska \u0161kola i asocijacija Man\u010dester (Bosnian School and Society Manchester-BSSM) je obilje\u017eila 20. godina od osnivanja bosanskohercegova\u010dke dopunske \u0161kole i 25.godi\u0161njicu genocida u Srebrenici. Skup je organizovan online, putem Zoom aplikacije. Vi\u0161e od petnaest u\u010desnika se obratilo u\u017eivo ili putem video snimka, a prosje\u010dno je oko 70 osoba pratilo ovaj doga\u0111aj.<\/p>\n<p>&nbsp;<\/p>\n<p>Bh.dopunska \u0161kola Man\u010dester je nakon vi\u0161egodi\u0161njeg djelovanja dodala i naziv asocijacije te od tada aktivno u\u0161estvuje u doga\u0111ajima koje organizuje Remembering Srebrenica. U okviru programa, koordinator \u0161kole Sadija Muminovi\u0107 je predstavila rad i aktivnosti \u0161kole. Gosti\/u\u010desnici u programu su bili iz razli\u010ditih polja djelovanja koji su svojim obra\u0107anjem uveli\u010dali i dodatno obogatili ovaj doga\u0111aj. Ovom prilikom gostima se obratio i Njegova ekselencija Vanja Filipovi\u0107, ambasador Bosne i Hercegovine u Ujedinjenom Kraljevstvu koji se zahvalio timu \u0161kole na vo\u0111enju i istrajnosti \u0161kole i asocijacije \u0161to zahtijeva dosta truda. Skupu se obratio i MP Afzal Khan, koji je istakao zna\u010daj postojanja \u0161kole, ali i lekciju koju je nau\u010dio zbog rata u BiH. Jenny Pattterson iz Gradske uprave Man\u010destra je navela da je Bosanska \u0161kola jedna od prvih koja je registrovana, od postoje\u0107e 153 \u00a0\u0161kole u Man\u010destru u polju dopunskog obrazovanja. Tako\u0111e je istakla da je BSSM me\u0111u prvima pokazala spremnost za suradnju u zajednici kao i za u\u010de\u0161\u0107e u edukaciji osoblja za vo\u0111enje \u0161kole. Skupu se obratio i gospodin Anes Ceri\u0107 menad\u017eer BH UK Network-a koji je istakao zna\u010daj postojanja i opstanka bh.dopunske \u0161kole\u00a0 u ovom dijelu Engleske.<\/p>\n<p>&nbsp;<\/p>\n<p>\u0160kola je registrovana kao dopunska \u0161kola i dobrotvorna organizacija. Zahvaljuju\u0107i roditeljima, u\u010diteljima, djeci, te gradskoj upravi Man\u010destra, BiH ambasadi i organizaciji BH UK network, \u0161kola je opstala sve ove godine i nije se ugasila, iako je bilo dosta izazovnih trenutaka. Ovaj trud je prepoznat i dodjelom razli\u010ditih priznanja \u0161koli, poput godi\u0161nje nagrade gradske uprave za najboljeg u\u010ditelja i u\u010denika, te bronzanu i srebrenu nagradu koja je dodjeljena kao odli\u010dnom primjeru povezivanja me\u0111u \u0161kolama i kulturama. \u0160kola je naro\u010dito ponosna nagradom Kraljice Elizabete II za volonterski rad \u0161kole, naro\u010dito za aktivnosti oko organizacije doga\u0111aja kojima se obilje\u017eavala godi\u0161njica genocida u Srebrenici.<\/p>\n<p>&nbsp;<\/p>\n<p>Online program odr\u017ean ovog mjeseca je odli\u010dno prihva\u0107en u lokalnoj zajednici u Man\u010destru. Veliki broj zainteresovanih je dostavilo svoje obra\u0107anje putem video snimka koji zbog ograni\u010denosti s vremenom, na\u017ealost, nisu mogli svi biti prikazani, ali \u0107e naknadno biti objavljeni na facebook stranici \u0161kole. Posebno je bilo zapa\u017eeno i dirljivo obra\u0107anje nastavnika, roditelja, u\u010denika ove \u0161kole koji su sada odrasli ljudi i vrlo integrirani \u010dlanovi lokalne zajednice. Naro\u010dito je ostalo zapa\u017eeno obra\u0107anje biv\u0161e u\u010denice Nabile \u010coha\u017ei\u0107 koja je spomenula da je nastavila raditi kao pomo\u0107ni u\u010ditelj-volonter u \u0161koli i\u00a0 ve\u0107 svou\u00a0\u00a0 djecu\u00a0 navikava i dovodi u \u0161kolu iako su mali, ali to to sve po\u00a0 metodu njene drage u\u010diteljice Azre Maro\u0161evi\u0107.<\/p>\n<p>&nbsp;<\/p>\n<p>Organizator programa se posebno zahvaljuje svima onima koji su svojim radom i u\u010de\u0161\u0107em doprinijeli da se ovaj program ovako uspje\u0161no realizuje.<\/p>\n<p>&nbsp;<\/p>\n<p><img class=\"wp-image-6067 aligncenter\" src=https:\/\/bosniauknetwork.org\/wp-content\/uploads\/2020\/07\/a1735820-dbe6-462c-acfd-11e092cad754-225x300.jpg\" alt=\"\" width=\"739\" height=\"985\" \/><\/p>\n","protected":false},"excerpt":{"rendered":"","protected":false},"author":1,"featured_media":11692,"comment_status":"closed","ping_status":"closed","sticky":false,"template":"","format":"standard","meta":{"site-sidebar-layout":"default","site-content-layout":"","ast-site-content-layout":"default","site-content-style":"default","site-sidebar-style":"default","ast-global-header-display":"","ast-banner-title-visibility":"","ast-main-header-display":"","ast-hfb-above-header-display":"","ast-hfb-below-header-display":"","ast-hfb-mobile-header-display":"","site-post-title":"","ast-breadcrumbs-content":"","ast-featured-img":"","footer-sml-layout":"","ast-disable-related-posts":"","theme-transparent-header-meta":"","adv-header-id-meta":"","stick-header-meta":"","header-above-stick-meta":"","header-main-stick-meta":"","header-below-stick-meta":"","astra-migrate-meta-layouts":"default","ast-page-background-enabled":"default","ast-page-background-meta":{"desktop":{"background-color":"","background-image":"","background-repeat":"repeat","background-position":"center center","background-size":"auto","background-attachment":"scroll","background-type":"","background-media":"","overlay-type":"","overlay-color":"","overlay-opacity":"","overlay-gradient":""},"tablet":{"background-color":"","background-image":"","background-repeat":"repeat","background-position":"center center","background-size":"auto","background-attachment":"scroll","background-type":"","background-media":"","overlay-type":"","overlay-color":"","overlay-opacity":"","overlay-gradient":""},"mobile":{"background-color":"","background-image":"","background-repeat":"repeat","background-position":"center center","background-size":"auto","background-attachment":"scroll","background-type":"","background-media":"","overlay-type":"","overlay-color":"","overlay-opacity":"","overlay-gradient":""}},"ast-content-background-meta":{"desktop":{"background-color":"var(--ast-global-color-5)","background-image":"","background-repeat":"repeat","background-position":"center center","background-size":"auto","background-attachment":"scroll","background-type":"","background-media":"","overlay-type":"","overlay-color":"","overlay-opacity":"","overlay-gradient":""},"tablet":{"background-color":"var(--ast-global-color-5)","background-image":"","background-repeat":"repeat","background-position":"center center","background-size":"auto","background-attachment":"scroll","background-type":"","background-media":"","overlay-type":"","overlay-color":"","overlay-opacity":"","overlay-gradient":""},"mobile":{"background-color":"var(--ast-global-color-5)","background-image":"","background-repeat":"repeat","background-position":"center center","background-size":"auto","background-attachment":"scroll","background-type":"","background-media":"","overlay-type":"","overlay-color":"","overlay-opacity":"","overlay-gradient":""}},"_themeisle_gutenberg_block_has_review":false,"footnotes":""},"categories":[6],"tags":[],"class_list":["post-6065","post","type-post","status-publish","format-standard","has-post-thumbnail","hentry","category-news-updates"],"_links":{"self":[{"href":"https:\/\/bosniauknetwork.org\/bs\/wp-json\/wp\/v2\/posts\/6065","targetHints":{"allow":["GET"]}}],"collection":[{"href":"https:\/\/bosniauknetwork.org\/bs\/wp-json\/wp\/v2\/posts"}],"about":[{"href":"https:\/\/bosniauknetwork.org\/bs\/wp-json\/wp\/v2\/types\/post"}],"author":[{"embeddable":true,"href":"https:\/\/bosniauknetwork.org\/bs\/wp-json\/wp\/v2\/users\/1"}],"replies":[{"embeddable":true,"href":"https:\/\/bosniauknetwork.org\/bs\/wp-json\/wp\/v2\/comments?post=6065"}],"version-history":[{"count":0,"href":"https:\/\/bosniauknetwork.org\/bs\/wp-json\/wp\/v2\/posts\/6065\/revisions"}],"wp:featuredmedia":[{"embeddable":true,"href":"https:\/\/bosniauknetwork.org\/bs\/wp-json\/wp\/v2\/media\/11692"}],"wp:attachment":[{"href":"https:\/\/bosniauknetwork.org\/bs\/wp-json\/wp\/v2\/media?parent=6065"}],"wp:term":[{"taxonomy":"category","embeddable":true,"href":"https:\/\/bosniauknetwork.org\/bs\/wp-json\/wp\/v2\/categories?post=6065"},{"taxonomy":"post_tag","embeddable":true,"href":"https:\/\/bosniauknetwork.org\/bs\/wp-json\/wp\/v2\/tags?post=6065"}],"curies":[{"name":"wp","href":"https:\/\/api.w.org\/{rel}","templated":true}]}}