{"id":6321,"date":"2020-12-02T11:28:02","date_gmt":"2020-12-02T11:28:02","guid":{"rendered":"https:\/\/bosniauknetwork.org\/potpisan-sporazum-o-medunarodnom-drumskom-prevozu-izmedu-bih-i-britanije\/"},"modified":"2020-12-02T11:28:02","modified_gmt":"2020-12-02T11:28:02","slug":"potpisan-sporazum-o-medunarodnom-drumskom-prevozu-izmedu-bih-i-britanije","status":"publish","type":"post","link":"https:\/\/bosniauknetwork.org\/bs\/potpisan-sporazum-o-medunarodnom-drumskom-prevozu-izmedu-bih-i-britanije\/","title":{"rendered":"Potpisan sporazum o me\u0111unarodnom drumskom prevozu izme\u0111u BiH i Britanije"},"content":{"rendered":"<div class=\"post-content post-single-content\">\n<p><strong>Ministar komunikacija i transporta Bosne i Hercegovine Vojin Mitrovi\u0107 i ambasador Velike Britanije u BiH Metju Fild potpisali su Sporazum izme\u0111u Vlade Velike Britanije i Savjeta ministara o me\u0111unarodnom drumskom prevozu.<\/strong><\/p>\n<p>Mitrovi\u0107 je zahvalio britanskoj Vladi i Ambasadi \u0161to su, u \u017eelji da se uredi i razvije me\u0111unarodni drumski prevoz putnika i tereta, na obostrano zadovoljstvo, uspje\u0161no okon\u010dali pregovore na izradi ovog sporazuma.<\/p>\n<p>On je rekao da je u 2019. godini me\u0111usobna spoljnotrgovinska razmjena iznosila 159 miliona KM, dok je za 10 mjeseci ove godine ostvarena razmjena u vrijednosti od 149 miliona KM i da se o\u010dekuje da \u0107e pre\u0107i ostvareni pro\u0161logodi\u0161nji iznos.<\/p>\n<blockquote class=\"wp-block-quote\"><p>\u201cSve to nas tjera da imamo kvalitetnije bilateralne sporazume koji su podr\u0161ka daljem unapre\u0111enju ukupnih bilateralnih odnosa, jer je osnov razvoja svake zemlje unapre\u0111enje ekonomije i ekonomske razmjene sa inostranim partnerima\u201d, istakao je Mitrovi\u0107.<\/p><\/blockquote>\n<p>On je dodao da se potpisanim sporazumom ure\u0111uju bilateralna pitanja u pogledu prevoza putnika i tereta, te prava i obaveze prevoznika registrovanih u jednoj zemlji dok su na teritoriji druge zemlje i obavljaju me\u0111unarodni prevoz.<\/p>\n<figure class=\"wp-block-embed is-type-rich is-provider-twitter wp-block-embed-twitter\">\n<div class=\"wp-block-embed__wrapper\">\n<blockquote class=\"twitter-tweet\" data-width=\"500\" data-dnt=\"true\" data-twitter-extracted-i1606906688358323136=\"true\">\n<p dir=\"ltr\" lang=\"en\">Good news for \ud83c\uddec\ud83c\udde7 \ud83c\udde7\ud83c\udde6 trade, with a new road transport agreement signed to facilitate trade flows and movement of goods. Our thanks to Minister Mijatovic and his <a href=\"https:\/\/twitter.com\/MKPBiH?ref_src=twsrc%5Etfw\">@MKPBiH<\/a> team. <a href=\"https:\/\/t.co\/NU5t6pKE1W\">pic.twitter.com\/NU5t6pKE1W<\/a><\/p>\n<p>\u2014 Matt Field (@MattFieldUK) <a href=\"https:\/\/twitter.com\/MattFieldUK\/status\/1333755354329591808?ref_src=twsrc%5Etfw\">December 1, 2020<\/a><\/p><\/blockquote>\n<\/div>\n<\/figure>\n<p>Mitrovi\u0107 je rekao da su u toku i aktivnosti na usagla\u0161avanju teksta sporazuma o vazdu\u0161nom saobra\u0107aju izme\u0111u dviju zemalja, \u010dime \u0107e ukupni odnosi biti podignuti za jo\u0161 jednu stepenicu vi\u0161e.<\/p>\n<p>Fild je pozdravio sporazum koji \u0107e omogu\u0107iti ja\u010danje trgovine izme\u0111u BiH i Velike Britanije, saop\u0161teno je iz Ministarstva komunikacija i transporta.<\/p>\n<blockquote class=\"wp-block-quote\"><p>\u201cOvim \u0107e se obezbijediti neograni\u010deni direktni i indirektni pristup me\u0111unarodnom komercijalnom transportu robe u oba pravca za djelatnosti uspostavljene u obje zemlje. Ovo su dobre vijesti za komercijalnu saradnju Velike Britanije i BiH\u201d, naglasio je britanski ambasador.<\/p><\/blockquote>\n<p><em><strong>Potpisivanjem ovog sporazuma zamjenjuje se Sporazum o me\u0111unarodnom drumskom prevozu tereta izme\u0111u Vlade Velike Britanije i Vlade Socijalisti\u010dke Federativne Republike Jugoslavije koji je potpisan 3. februara 1969. godine u Londonu.<\/strong><\/em><\/p>\n<\/div>\n<div class=\"sh-page-links\"><span style=\"font-size: 10pt;\"><em>Preuzeto sa BHRT<\/em><\/span><\/div>\n<div class=\"post-tags-container\"><\/div>\n","protected":false},"excerpt":{"rendered":"<p>Ministar komunikacija i transporta Bosne i Hercegovine Vojin Mitrovi\u0107 i ambasador Velike Britanije u BiH Metju Fild potpisali su Sporazum izme\u0111u Vlade Velike Britanije i Savjeta ministara o me\u0111unarodnom drumskom [&hellip;]<\/p>\n","protected":false},"author":1,"featured_media":0,"comment_status":"closed","ping_status":"closed","sticky":false,"template":"","format":"standard","meta":{"site-sidebar-layout":"default","site-content-layout":"","ast-site-content-layout":"default","site-content-style":"default","site-sidebar-style":"default","ast-global-header-display":"","ast-banner-title-visibility":"","ast-main-header-display":"","ast-hfb-above-header-display":"","ast-hfb-below-header-display":"","ast-hfb-mobile-header-display":"","site-post-title":"","ast-breadcrumbs-content":"","ast-featured-img":"","footer-sml-layout":"","ast-disable-related-posts":"","theme-transparent-header-meta":"","adv-header-id-meta":"","stick-header-meta":"","header-above-stick-meta":"","header-main-stick-meta":"","header-below-stick-meta":"","astra-migrate-meta-layouts":"default","ast-page-background-enabled":"default","ast-page-background-meta":{"desktop":{"background-color":"","background-image":"","background-repeat":"repeat","background-position":"center center","background-size":"auto","background-attachment":"scroll","background-type":"","background-media":"","overlay-type":"","overlay-color":"","overlay-opacity":"","overlay-gradient":""},"tablet":{"background-color":"","background-image":"","background-repeat":"repeat","background-position":"center center","background-size":"auto","background-attachment":"scroll","background-type":"","background-media":"","overlay-type":"","overlay-color":"","overlay-opacity":"","overlay-gradient":""},"mobile":{"background-color":"","background-image":"","background-repeat":"repeat","background-position":"center center","background-size":"auto","background-attachment":"scroll","background-type":"","background-media":"","overlay-type":"","overlay-color":"","overlay-opacity":"","overlay-gradient":""}},"ast-content-background-meta":{"desktop":{"background-color":"var(--ast-global-color-5)","background-image":"","background-repeat":"repeat","background-position":"center center","background-size":"auto","background-attachment":"scroll","background-type":"","background-media":"","overlay-type":"","overlay-color":"","overlay-opacity":"","overlay-gradient":""},"tablet":{"background-color":"var(--ast-global-color-5)","background-image":"","background-repeat":"repeat","background-position":"center center","background-size":"auto","background-attachment":"scroll","background-type":"","background-media":"","overlay-type":"","overlay-color":"","overlay-opacity":"","overlay-gradient":""},"mobile":{"background-color":"var(--ast-global-color-5)","background-image":"","background-repeat":"repeat","background-position":"center center","background-size":"auto","background-attachment":"scroll","background-type":"","background-media":"","overlay-type":"","overlay-color":"","overlay-opacity":"","overlay-gradient":""}},"_themeisle_gutenberg_block_has_review":false,"footnotes":""},"categories":[6],"tags":[],"class_list":["post-6321","post","type-post","status-publish","format-standard","hentry","category-news-updates"],"_links":{"self":[{"href":"https:\/\/bosniauknetwork.org\/bs\/wp-json\/wp\/v2\/posts\/6321","targetHints":{"allow":["GET"]}}],"collection":[{"href":"https:\/\/bosniauknetwork.org\/bs\/wp-json\/wp\/v2\/posts"}],"about":[{"href":"https:\/\/bosniauknetwork.org\/bs\/wp-json\/wp\/v2\/types\/post"}],"author":[{"embeddable":true,"href":"https:\/\/bosniauknetwork.org\/bs\/wp-json\/wp\/v2\/users\/1"}],"replies":[{"embeddable":true,"href":"https:\/\/bosniauknetwork.org\/bs\/wp-json\/wp\/v2\/comments?post=6321"}],"version-history":[{"count":0,"href":"https:\/\/bosniauknetwork.org\/bs\/wp-json\/wp\/v2\/posts\/6321\/revisions"}],"wp:attachment":[{"href":"https:\/\/bosniauknetwork.org\/bs\/wp-json\/wp\/v2\/media?parent=6321"}],"wp:term":[{"taxonomy":"category","embeddable":true,"href":"https:\/\/bosniauknetwork.org\/bs\/wp-json\/wp\/v2\/categories?post=6321"},{"taxonomy":"post_tag","embeddable":true,"href":"https:\/\/bosniauknetwork.org\/bs\/wp-json\/wp\/v2\/tags?post=6321"}],"curies":[{"name":"wp","href":"https:\/\/api.w.org\/{rel}","templated":true}]}}