{"id":6352,"date":"2020-12-11T12:57:55","date_gmt":"2020-12-11T12:57:55","guid":{"rendered":"https:\/\/bosniauknetwork.org\/dan-kada-je-klecao-wili-brant-simbol-iskrenog-izvinjenja\/"},"modified":"2020-12-11T12:57:55","modified_gmt":"2020-12-11T12:57:55","slug":"dan-kada-je-klecao-wili-brant-simbol-iskrenog-izvinjenja","status":"publish","type":"post","link":"https:\/\/bosniauknetwork.org\/bs\/dan-kada-je-klecao-wili-brant-simbol-iskrenog-izvinjenja\/","title":{"rendered":"Dan kada je kle\u010dao Wili Brant \u2013 simbol iskrenog izvinjenja"},"content":{"rendered":"<p>Sedmog decembra 1970. tada\u0161nji kancelar Savezne Republike Nema\u010dke spontano je u Var\u0161avskom getu kleknuo pred spomenikom hiljadama Jevreja \u2013 \u017ertvama nacisti\u010dkog pogroma. Na dana\u0161nji dan, 7. decembra 1970. godine zapadnonjema\u010dki kancelar Vili Brant, prilikom slu\u017ebene posjete Poljskoj, neo\u010dekivano se poklonio, kle\u010danjem, pred spomenikom \u017ertvama nacizma u Var\u0161avi. Fotografije njema\u010dkog kancelara kako skru\u0161eno kle\u010di pred spomenikom za ubijene koje je njegov narod skrivio obi\u0161le su svijet te i danas predstavljaju podsje\u0107anje na to kako izgleda iskreno pomirenje me\u0111u narodima. Vili Brant je rekao da je uradio ono \u0161to ljudi i ina\u010de rade kada rije\u010di nisu dovoljne. Taj gest je postao simbol pomirenja u Evropi \u2013 pomirenja Zapada i Istoka, Poljske i Njema\u010dke.<\/p>\n<p>To je najvi\u0161i domet iskrenog izvinjenja u historiji \u010dovje\u0107anstva. Taj na\u010din izvinjavanja u ime sopstvenog naroda za po\u010dinjene zlo\u010dine postao je na neki na\u010din standard u svjetu. Ovim gestom Njema\u010dka je \u010dasno priznala svoju krivicu i krenula da postaje istinito demokratska zemlja. Gest biv\u0161eg kancelara Zapadne Njema\u010dke imao je pozitivan odjek u cjelom svijetu i mnogima je danas parametar kada se u me\u0111udr\u017eavnim odnosima govori o izvinjenju.<\/p>\n<p>U Bosni i Hercegovini koja je bila agresivna meta isto\u010dnog i zapadnog agresora i u kojoj je izvr\u0161en najve\u010di zlo\u010din poslije holokausta u Evropi, genocid u Srebrenici, jo\u0161 tse ra\u017ei prvi \u201ebalkanski Vili Brant\u201c. Bez takvog iskrenog izvinjenja i bez ozbiljnog odnosa prema onome \u0161to se desilo nema lahkog okretanja prema boljoj, zajedni\u010dkoj budu\u0107nosti. Da bi Bosni i Hercegovini bilo bolje, njeni narodi i gra\u0111ani trebaju biti gospodari svoje volje, a sluge svoje savjesti. Jer nikad i ni\u0161ta ne izaziva ve\u0107u pobunu od nepravde. A nepravda je antibosanska koalicija koja radi protiv dr\u017eave, diplomatija koja radi protiv sopstvene dr\u017eave, negiranje sudskih, nau\u010dnih i historijskih \u010dinjenica o agresiji i genocidu, veli\u010danje i slavljenje presu\u0111enih ratnih zlo\u010dinaca, uspostavljanje kulture zaborava umjesto kulture sje\u0107anja. Sva druga zla koja Bosna i Hercegovina trpi nisu ni\u0161ta prema ovom. Moj strah od zaborava ve\u0107i je od u\u017easa koji sam prisiljen pamtiti svaki dan. Upravo to je moto koji nas pokre\u0107e i koji treba prenijeti za sve \u017ertve. Zaborav je sau\u010desni\u0161tvo u zlo\u010dinu. Nemamo pravo na zaborav. Borba za istinu i pravdu je osnova na\u0161eg postojanja, i za nju se vrijedi boriti. Emir Rami\u0107 Direktor Instituta za istra\u017eivanje genocida Kanada<\/p>\n<div class=\"jeg_ad jeg_ad_article jnews_content_inline_3_ads  \"><\/div>\n<p>Za\u00a0<strong>Intelektualno.com<\/strong>\u00a0pi\u0161e: dr. Emir Rami\u0107<\/p>\n","protected":false},"excerpt":{"rendered":"<p>Sedmog decembra 1970. tada\u0161nji kancelar Savezne Republike Nema\u010dke spontano je u Var\u0161avskom getu kleknuo pred spomenikom hiljadama Jevreja \u2013 \u017ertvama nacisti\u010dkog pogroma. Na dana\u0161nji dan, 7. decembra 1970. godine zapadnonjema\u010dki [&hellip;]<\/p>\n","protected":false},"author":1,"featured_media":0,"comment_status":"closed","ping_status":"closed","sticky":false,"template":"","format":"standard","meta":{"site-sidebar-layout":"default","site-content-layout":"","ast-site-content-layout":"default","site-content-style":"default","site-sidebar-style":"default","ast-global-header-display":"","ast-banner-title-visibility":"","ast-main-header-display":"","ast-hfb-above-header-display":"","ast-hfb-below-header-display":"","ast-hfb-mobile-header-display":"","site-post-title":"","ast-breadcrumbs-content":"","ast-featured-img":"","footer-sml-layout":"","ast-disable-related-posts":"","theme-transparent-header-meta":"","adv-header-id-meta":"","stick-header-meta":"","header-above-stick-meta":"","header-main-stick-meta":"","header-below-stick-meta":"","astra-migrate-meta-layouts":"default","ast-page-background-enabled":"default","ast-page-background-meta":{"desktop":{"background-color":"","background-image":"","background-repeat":"repeat","background-position":"center center","background-size":"auto","background-attachment":"scroll","background-type":"","background-media":"","overlay-type":"","overlay-color":"","overlay-opacity":"","overlay-gradient":""},"tablet":{"background-color":"","background-image":"","background-repeat":"repeat","background-position":"center center","background-size":"auto","background-attachment":"scroll","background-type":"","background-media":"","overlay-type":"","overlay-color":"","overlay-opacity":"","overlay-gradient":""},"mobile":{"background-color":"","background-image":"","background-repeat":"repeat","background-position":"center center","background-size":"auto","background-attachment":"scroll","background-type":"","background-media":"","overlay-type":"","overlay-color":"","overlay-opacity":"","overlay-gradient":""}},"ast-content-background-meta":{"desktop":{"background-color":"var(--ast-global-color-5)","background-image":"","background-repeat":"repeat","background-position":"center center","background-size":"auto","background-attachment":"scroll","background-type":"","background-media":"","overlay-type":"","overlay-color":"","overlay-opacity":"","overlay-gradient":""},"tablet":{"background-color":"var(--ast-global-color-5)","background-image":"","background-repeat":"repeat","background-position":"center center","background-size":"auto","background-attachment":"scroll","background-type":"","background-media":"","overlay-type":"","overlay-color":"","overlay-opacity":"","overlay-gradient":""},"mobile":{"background-color":"var(--ast-global-color-5)","background-image":"","background-repeat":"repeat","background-position":"center center","background-size":"auto","background-attachment":"scroll","background-type":"","background-media":"","overlay-type":"","overlay-color":"","overlay-opacity":"","overlay-gradient":""}},"_themeisle_gutenberg_block_has_review":false,"footnotes":""},"categories":[6],"tags":[],"class_list":["post-6352","post","type-post","status-publish","format-standard","hentry","category-news-updates"],"_links":{"self":[{"href":"https:\/\/bosniauknetwork.org\/bs\/wp-json\/wp\/v2\/posts\/6352","targetHints":{"allow":["GET"]}}],"collection":[{"href":"https:\/\/bosniauknetwork.org\/bs\/wp-json\/wp\/v2\/posts"}],"about":[{"href":"https:\/\/bosniauknetwork.org\/bs\/wp-json\/wp\/v2\/types\/post"}],"author":[{"embeddable":true,"href":"https:\/\/bosniauknetwork.org\/bs\/wp-json\/wp\/v2\/users\/1"}],"replies":[{"embeddable":true,"href":"https:\/\/bosniauknetwork.org\/bs\/wp-json\/wp\/v2\/comments?post=6352"}],"version-history":[{"count":0,"href":"https:\/\/bosniauknetwork.org\/bs\/wp-json\/wp\/v2\/posts\/6352\/revisions"}],"wp:attachment":[{"href":"https:\/\/bosniauknetwork.org\/bs\/wp-json\/wp\/v2\/media?parent=6352"}],"wp:term":[{"taxonomy":"category","embeddable":true,"href":"https:\/\/bosniauknetwork.org\/bs\/wp-json\/wp\/v2\/categories?post=6352"},{"taxonomy":"post_tag","embeddable":true,"href":"https:\/\/bosniauknetwork.org\/bs\/wp-json\/wp\/v2\/tags?post=6352"}],"curies":[{"name":"wp","href":"https:\/\/api.w.org\/{rel}","templated":true}]}}