{"id":6377,"date":"2020-12-23T13:27:07","date_gmt":"2020-12-23T13:27:07","guid":{"rendered":"https:\/\/bosniauknetwork.org\/dan-drzavnosti-bosne-i-hercegovine-proslavljen-i-u-velikoj-britaniji\/"},"modified":"2020-12-23T13:27:07","modified_gmt":"2020-12-23T13:27:07","slug":"dan-drzavnosti-bosne-i-hercegovine-proslavljen-i-u-velikoj-britaniji","status":"publish","type":"post","link":"https:\/\/bosniauknetwork.org\/bs\/dan-drzavnosti-bosne-i-hercegovine-proslavljen-i-u-velikoj-britaniji\/","title":{"rendered":"Dan dr\u017eavnosti Bosne i Hercegovine proslavljen i  u Velikoj Britaniji"},"content":{"rendered":"<p>Kao i prethodnih, i ove godine mjesec novembar je posve\u0107en obilje\u017eavanju manifestacije Dana dr\u017eavnosti Bosne i Hercegovine, koju organizuje BH UK Network sa svojim \u010dlanicama i uva\u017eenim gostima. No, ove godine druga\u010dije se obilje\u017eilo. Zbog novonastale epidemiolo\u0161ke situacije uzrokovane virusom Covid-19, u\u010desnici su to odradili online.<\/p>\n<p>Ovogodi\u0161nja manifestacija obilje\u017eavanja otpo\u010deta je sa himnom u izvedbi tri u\u010denice bosanskohercegova\u010dke dopunske \u0161kole Birmingham; Emine i Aj\u0161e Boli\u0107 te Amne Be\u0161i\u0107. Nakon toga gledaoci su imali priliku pogledati video poruke \u010dlanova Predsjedni\u0161tva BiH, gospodina \u0160efika D\u017eaferovi\u0107a i \u017deljke Kom\u0161i\u0107a. \u010cestitalu su bosancima i Hercegovcima 25.novembar, dan kada je na\u0161a zemlja prije 77.godina obnovila svoju dr\u017eavnost.<\/p>\n<blockquote><p>Program su kao i uvijek za\u010dinili na\u0161i najmla\u0111i, u\u010denici bh.dopunskih \u0161kola Manchester, Derby, Coventry, London, Hertfordshire i Birmingham. Unato\u010d online, uspjeli su raznovrsnim recitacijama i izvedbama obogatiti program. Pratioci programa su imali priliku u\u017eivati u njihovim izvedbama na bosanskom jeziku.<span class=\"Apple-converted-space\">\u00a0<\/span><\/p>\n<p>Naravno ne treba zaboraviti spomenuti i u\u010ditelje i roditelje koji svojim predanim radom podr\u017eavaju djecu da \u010de\u0161\u0107e pri\u010daju bosanski jezik i da im svoju mati\u010dnu zemlju predstave u \u0161to najboljem svijetlu. Manifestacijom se predstavilo vi\u0161e od \u0161esdeset u\u010denika bh.dopunskih \u0161kola.<\/p><\/blockquote>\n<p>U toku programa svi su se imali priliku podsjetiti, kako je usvojenom Rezolucijom \u00a0ZAVNOBiH-a, izra\u017eena odlu\u010dnost naroda BiH da njihova zemlja, bude zbratimljena zajednica u kojoj \u0107e biti osigurana puna jednakopravnost svih naroda, te jednakopravnost Republike BiH unutar jugoslavenske federacije, sa povijesnim granicama koje su datirale jo\u0161 iz vremena srednjovjekovne Bosne.<\/p>\n<p>Ujedno je i obilje\u017eena druga godi\u0161njica od sve\u010danog otvorenja Bosanske ku\u0107e i Birmingamu, koju je otvorio Lord Bourne of Aberystwyth, ministar za vjere u kabinetu tada\u0161nje premijerke Therese May, na Dan dr\u017eavnosti BiH 2018.godine. U svom obra\u0107anju<span class=\"Apple-converted-space\">\u00a0 <\/span>izjavio je zadovoljstvo \u0161to sa narodom Bosne i Hercegovine barem na ovaj na\u010din mo\u017ee proslaviti dr\u017eavnost.<\/p>\n<p>Dr. Azmi Waqar, patron BH UK Networka i predsjednik organizacije \u201cRemembering Srebrenica\u201d se obratio gledaocima. Kao predsjednik organizacije Remembering Srebrenica i patron BH UK Network-a, uputio je najtoplije \u017eelje svim svojim bosanskim prijateljima i ostatku bosanskohercegova\u010dke zajednice ovdje u Velikoj Britaniji i \u0161ire.<\/p>\n<p>Gradona\u010delnik Birmingama Mohammed Azim poru\u010dio je bosanskohercegova\u010dkoj zajednici na Ostrvu najbolje \u017eelje povodom nacionalnog dana dr\u017eavnosti. Po\u017eelio je jo\u0161 mnoge godine uzajamnog prijateljstva i suradnje.<\/p>\n<p>Za muzi\u010dki dio programa pobrinuli se KUD Mladost Bosne sa izvedbom tradiconalnog kola i u\u010diteljica Azra Ba\u0161i\u0107, sa izvedbom pjesme \u201c Pjesma rodnom kraju\u201d.<span class=\"Apple-converted-space\">\u00a0<\/span><\/p>\n<p>Hvala svima koji su se pridru\u017eili i na ovaj na\u010din obilje\u017eili ro\u0111endan jedne nam jedine domovine, Bosne i Hercegovine.<span class=\"Apple-converted-space\">\u00a0<\/span><\/p>\n<p><strong><em>BH UK Network<\/em><\/strong><span class=\"Apple-converted-space\">\u00a0<\/span><\/p>\n<p><img fetchpriority=\"high\" class=\"alignnone wp-image-6404\" src=https:\/\/bosniauknetwork.org\/wp-content\/uploads\/2020\/12\/Dan-dr\u017eavnosti-naslovna-sa-logom-2-300x212.jpg\" alt=\"\" width=\"1550\" height=\"1095\" \/><\/p>\n<hr \/>\n<p>&nbsp;<\/p>\n","protected":false},"excerpt":{"rendered":"<p>Kao i prethodnih, i ove godine mjesec novembar je posve\u0107en obilje\u017eavanju manifestacije Dana dr\u017eavnosti Bosne i Hercegovine, koju organizuje BH UK Network sa svojim \u010dlanicama i uva\u017eenim gostima. No, ove [&hellip;]<\/p>\n","protected":false},"author":1,"featured_media":11885,"comment_status":"closed","ping_status":"closed","sticky":false,"template":"","format":"standard","meta":{"site-sidebar-layout":"default","site-content-layout":"","ast-site-content-layout":"default","site-content-style":"default","site-sidebar-style":"default","ast-global-header-display":"","ast-banner-title-visibility":"","ast-main-header-display":"","ast-hfb-above-header-display":"","ast-hfb-below-header-display":"","ast-hfb-mobile-header-display":"","site-post-title":"","ast-breadcrumbs-content":"","ast-featured-img":"","footer-sml-layout":"","ast-disable-related-posts":"","theme-transparent-header-meta":"","adv-header-id-meta":"","stick-header-meta":"","header-above-stick-meta":"","header-main-stick-meta":"","header-below-stick-meta":"","astra-migrate-meta-layouts":"default","ast-page-background-enabled":"default","ast-page-background-meta":{"desktop":{"background-color":"","background-image":"","background-repeat":"repeat","background-position":"center center","background-size":"auto","background-attachment":"scroll","background-type":"","background-media":"","overlay-type":"","overlay-color":"","overlay-opacity":"","overlay-gradient":""},"tablet":{"background-color":"","background-image":"","background-repeat":"repeat","background-position":"center center","background-size":"auto","background-attachment":"scroll","background-type":"","background-media":"","overlay-type":"","overlay-color":"","overlay-opacity":"","overlay-gradient":""},"mobile":{"background-color":"","background-image":"","background-repeat":"repeat","background-position":"center center","background-size":"auto","background-attachment":"scroll","background-type":"","background-media":"","overlay-type":"","overlay-color":"","overlay-opacity":"","overlay-gradient":""}},"ast-content-background-meta":{"desktop":{"background-color":"var(--ast-global-color-5)","background-image":"","background-repeat":"repeat","background-position":"center center","background-size":"auto","background-attachment":"scroll","background-type":"","background-media":"","overlay-type":"","overlay-color":"","overlay-opacity":"","overlay-gradient":""},"tablet":{"background-color":"var(--ast-global-color-5)","background-image":"","background-repeat":"repeat","background-position":"center center","background-size":"auto","background-attachment":"scroll","background-type":"","background-media":"","overlay-type":"","overlay-color":"","overlay-opacity":"","overlay-gradient":""},"mobile":{"background-color":"var(--ast-global-color-5)","background-image":"","background-repeat":"repeat","background-position":"center center","background-size":"auto","background-attachment":"scroll","background-type":"","background-media":"","overlay-type":"","overlay-color":"","overlay-opacity":"","overlay-gradient":""}},"_themeisle_gutenberg_block_has_review":false,"footnotes":""},"categories":[6],"tags":[],"class_list":["post-6377","post","type-post","status-publish","format-standard","has-post-thumbnail","hentry","category-news-updates"],"_links":{"self":[{"href":"https:\/\/bosniauknetwork.org\/bs\/wp-json\/wp\/v2\/posts\/6377","targetHints":{"allow":["GET"]}}],"collection":[{"href":"https:\/\/bosniauknetwork.org\/bs\/wp-json\/wp\/v2\/posts"}],"about":[{"href":"https:\/\/bosniauknetwork.org\/bs\/wp-json\/wp\/v2\/types\/post"}],"author":[{"embeddable":true,"href":"https:\/\/bosniauknetwork.org\/bs\/wp-json\/wp\/v2\/users\/1"}],"replies":[{"embeddable":true,"href":"https:\/\/bosniauknetwork.org\/bs\/wp-json\/wp\/v2\/comments?post=6377"}],"version-history":[{"count":0,"href":"https:\/\/bosniauknetwork.org\/bs\/wp-json\/wp\/v2\/posts\/6377\/revisions"}],"wp:featuredmedia":[{"embeddable":true,"href":"https:\/\/bosniauknetwork.org\/bs\/wp-json\/wp\/v2\/media\/11885"}],"wp:attachment":[{"href":"https:\/\/bosniauknetwork.org\/bs\/wp-json\/wp\/v2\/media?parent=6377"}],"wp:term":[{"taxonomy":"category","embeddable":true,"href":"https:\/\/bosniauknetwork.org\/bs\/wp-json\/wp\/v2\/categories?post=6377"},{"taxonomy":"post_tag","embeddable":true,"href":"https:\/\/bosniauknetwork.org\/bs\/wp-json\/wp\/v2\/tags?post=6377"}],"curies":[{"name":"wp","href":"https:\/\/api.w.org\/{rel}","templated":true}]}}