{"id":6407,"date":"2020-12-24T09:15:46","date_gmt":"2020-12-24T09:15:46","guid":{"rendered":"https:\/\/bosniauknetwork.org\/majke-srebrenice-o-odsteti-holandije-novac-ne-moze-nadomjestiti-nase-najmilije\/"},"modified":"2020-12-24T09:15:46","modified_gmt":"2020-12-24T09:15:46","slug":"majke-srebrenice-o-odsteti-holandije-novac-ne-moze-nadomjestiti-nase-najmilije","status":"publish","type":"post","link":"https:\/\/bosniauknetwork.org\/bs\/majke-srebrenice-o-odsteti-holandije-novac-ne-moze-nadomjestiti-nase-najmilije\/","title":{"rendered":"Majke Srebrenice o od\u0161teti Holandije: Novac ne mo\u017ee nadomjestiti na\u0161e najmilije"},"content":{"rendered":"<div class=\"uvod uvod-clanka hidden-xs\">Porodice \u017ertava genocida u Srebrenici mo\u0107i \u0107e podnijeti zahtjev za od\u0161tetu koju \u0107e izdvojiti vlada Holandije, a podrinjske majke navode da im taj potez ne predstavlja satisfakciju. Kako ka\u017eu, nema tog novca koji mo\u017ee namiriti gubitak najvoljenijih.<\/div>\n<div class=\"tekst clanak_vijesti\">Vrhovni sud Kraljevine Holandije pro\u0161le godine potvrdio je ranije donesenu presudu kojom je odgovornost holandskog bataljona pri Ujedinjenim nacijama (UN) u julu 1995. godine u Srebrenici ograni\u010dena na smrti 350 osoba.<\/p>\n<p>Radi se o osobama koje su nakon pada Srebrenice 11. jula zatra\u017eile spas u krugu baze UN-a. Holandski bataljon je, umjesto da im pru\u017ei za\u0161titu, \u0161to je i bio mandat UN-a u do tada za\u0161ti\u0107enoj zoni, gra\u0111ane Srebrenice istjerao iz baze nakon \u010dega je po\u010delo razdvajanje mu\u0161karaca od \u017eena i djece.<\/p>\n<p>Na osnovu potvr\u0111ene presude porodice \u017ertava \u0107e mo\u0107i tra\u017eiti od\u0161tetu, a \u0161alter za prijem dokumentacije bit \u0107e otvoren u martu idu\u0107e godine u Sarajevu.<\/p><\/div>\n<div class=\"tekst clanak_vijesti\">\u010clanice udru\u017eenja &#8220;\u017dene Srebrenice&#8221; koje do danas u potpunosti nisu prona\u0161le posmrtne ostatke najvoljenijih navode da su dobile poziv iz Ambasade Holandije u BiH za sastanak, koji \u0107e uskoro biti odr\u017ean, a vezano za otvaranje \u0161altera u Sarajevu na kojem \u0107e se predati odgovaraju\u0107a dokumentacija za isplatu od\u0161tete.<\/p>\n<p>&#8220;Od holandskog ministarstva za finansije formirana je komisija koja \u0107e odlu\u010divati o ispla\u0107ivanju naknade, ali mi jo\u0161 uvijek nemamo podrobnije detalje u smislu koliki je iznos nov\u010danih naknada i sli\u010dno. Ve\u0107ina \u017eena Srebrenice ne sla\u017ee se s ovim \u010dinom Holandije jer nema tog novca kojim se mo\u017ee platiti gubitak na\u0161ih najvoljenijih. Jedina pravda bi bila da nam se oni \u017eivi vrate. Znamo da su oni ubijeni i na koji na\u010din&#8221;, kazala je za Klix.ba potpredsjednica Udru\u017eenja &#8220;\u017dene Srebrenice&#8221; Nura Begovi\u0107.<\/p><\/div>\n<div class=\"tekst clanak_vijesti\"><\/div>\n<div class=\"tekst clanak_vijesti\">Prema odluci Vrhovnog suda, Holandija je &#8220;10 posto kriva za pad Srebrenice&#8221;, a s ovim zaklju\u010dkom se ne sla\u017eu srebreni\u010dke majke.<\/p>\n<p>&#8220;Oni su u znatno ve\u0107oj mjeri odgovorni za genocid koji se dodgodio u Srebrenici. Odluka za nadoknadu \u0161tete je nakaradno donesena i mislim da je to namjerno ura\u0111eno kako bi se napravio haos me\u0111u porodicama koje se i odlu\u010de za naplatu&#8221;, istaknula je Begovi\u0107, koja je do pro\u0161le godine tragala za posmrtni ostacima svoga brata.<\/p>\n<p>Hajra \u0106ati\u0107 ve\u0107 25 godina traga za posmrtnim ostacima sina Nihada, ratnog novinara koji je dan prije pada UN-ove za\u0161ti\u0107ene enklave poslao posljednji izvje\u0161taj u kojem je apelovao na me\u0111unarodnu zajednicu da sprije\u010di genocid u Srebrenici.<br \/>\n\u0106ati\u0107 nam prvenstveno ka\u017ee da nije zadovoljna presudom Vrhovnog suda prema kojoj je Holandija kriva svega deset posto za po\u010dinjeni genocid u kojem je stradao i njen sin.<\/p>\n<p>&#8220;Holandija nije odgovorna samo za stradale u hali ve\u0107 i za genocid koji je po\u010dinjen u ostalim dijelovima Srebrenice. Niko od mojih se nije nalazio u hali, a ve\u0107 postoje informacije da su se pojedine osobe ubacivale na spisak, iako tamo nisu bile. Tako\u0111er, postoje i slu\u010dajevi da su pojedini mu\u0161karci boravili u hali, ali se tada nisu smjeli potpisati zbog bojazni od toga \u0161ta bi im se moglo desiti&#8221;, navodi \u0106ati\u0107, ina\u010de predsjednica Udru\u017eenja &#8220;\u017dene Srebrenice&#8221;.<\/p>\n<p>I \u0106ati\u0107 tako\u0111er isti\u010de da \u010dlanicama njenog udru\u017eenja satisfakcija ne mo\u017ee biti isplata bilo kakvog vida nov\u010dane naknade, naglasiv\u0161i da majke Srebrenice od 11. jula 1995. godine znaju samo za neizmjernu tugu i bol.<\/p><\/div>\n<div><\/div>\n<div><span style=\"font-size: 8pt;\"><em>Preuzeto sa Face.ba<\/em><\/span><\/div>\n","protected":false},"excerpt":{"rendered":"<p>Porodice \u017ertava genocida u Srebrenici mo\u0107i \u0107e podnijeti zahtjev za od\u0161tetu koju \u0107e izdvojiti vlada Holandije, a podrinjske majke navode da im taj potez ne predstavlja satisfakciju. Kako ka\u017eu, nema [&hellip;]<\/p>\n","protected":false},"author":1,"featured_media":0,"comment_status":"closed","ping_status":"closed","sticky":false,"template":"","format":"standard","meta":{"site-sidebar-layout":"default","site-content-layout":"","ast-site-content-layout":"default","site-content-style":"default","site-sidebar-style":"default","ast-global-header-display":"","ast-banner-title-visibility":"","ast-main-header-display":"","ast-hfb-above-header-display":"","ast-hfb-below-header-display":"","ast-hfb-mobile-header-display":"","site-post-title":"","ast-breadcrumbs-content":"","ast-featured-img":"","footer-sml-layout":"","ast-disable-related-posts":"","theme-transparent-header-meta":"","adv-header-id-meta":"","stick-header-meta":"","header-above-stick-meta":"","header-main-stick-meta":"","header-below-stick-meta":"","astra-migrate-meta-layouts":"default","ast-page-background-enabled":"default","ast-page-background-meta":{"desktop":{"background-color":"","background-image":"","background-repeat":"repeat","background-position":"center center","background-size":"auto","background-attachment":"scroll","background-type":"","background-media":"","overlay-type":"","overlay-color":"","overlay-opacity":"","overlay-gradient":""},"tablet":{"background-color":"","background-image":"","background-repeat":"repeat","background-position":"center center","background-size":"auto","background-attachment":"scroll","background-type":"","background-media":"","overlay-type":"","overlay-color":"","overlay-opacity":"","overlay-gradient":""},"mobile":{"background-color":"","background-image":"","background-repeat":"repeat","background-position":"center center","background-size":"auto","background-attachment":"scroll","background-type":"","background-media":"","overlay-type":"","overlay-color":"","overlay-opacity":"","overlay-gradient":""}},"ast-content-background-meta":{"desktop":{"background-color":"var(--ast-global-color-5)","background-image":"","background-repeat":"repeat","background-position":"center center","background-size":"auto","background-attachment":"scroll","background-type":"","background-media":"","overlay-type":"","overlay-color":"","overlay-opacity":"","overlay-gradient":""},"tablet":{"background-color":"var(--ast-global-color-5)","background-image":"","background-repeat":"repeat","background-position":"center center","background-size":"auto","background-attachment":"scroll","background-type":"","background-media":"","overlay-type":"","overlay-color":"","overlay-opacity":"","overlay-gradient":""},"mobile":{"background-color":"var(--ast-global-color-5)","background-image":"","background-repeat":"repeat","background-position":"center center","background-size":"auto","background-attachment":"scroll","background-type":"","background-media":"","overlay-type":"","overlay-color":"","overlay-opacity":"","overlay-gradient":""}},"_themeisle_gutenberg_block_has_review":false,"footnotes":""},"categories":[6],"tags":[],"class_list":["post-6407","post","type-post","status-publish","format-standard","hentry","category-news-updates"],"_links":{"self":[{"href":"https:\/\/bosniauknetwork.org\/bs\/wp-json\/wp\/v2\/posts\/6407","targetHints":{"allow":["GET"]}}],"collection":[{"href":"https:\/\/bosniauknetwork.org\/bs\/wp-json\/wp\/v2\/posts"}],"about":[{"href":"https:\/\/bosniauknetwork.org\/bs\/wp-json\/wp\/v2\/types\/post"}],"author":[{"embeddable":true,"href":"https:\/\/bosniauknetwork.org\/bs\/wp-json\/wp\/v2\/users\/1"}],"replies":[{"embeddable":true,"href":"https:\/\/bosniauknetwork.org\/bs\/wp-json\/wp\/v2\/comments?post=6407"}],"version-history":[{"count":0,"href":"https:\/\/bosniauknetwork.org\/bs\/wp-json\/wp\/v2\/posts\/6407\/revisions"}],"wp:attachment":[{"href":"https:\/\/bosniauknetwork.org\/bs\/wp-json\/wp\/v2\/media?parent=6407"}],"wp:term":[{"taxonomy":"category","embeddable":true,"href":"https:\/\/bosniauknetwork.org\/bs\/wp-json\/wp\/v2\/categories?post=6407"},{"taxonomy":"post_tag","embeddable":true,"href":"https:\/\/bosniauknetwork.org\/bs\/wp-json\/wp\/v2\/tags?post=6407"}],"curies":[{"name":"wp","href":"https:\/\/api.w.org\/{rel}","templated":true}]}}