{"id":6523,"date":"2021-01-11T17:21:42","date_gmt":"2021-01-11T17:21:42","guid":{"rendered":"https:\/\/bosniauknetwork.org\/inicijativa-za-davanje-naziva-ulici-ili-trgu-na-podrucju-prijedora-ahmeta-kemala-baysaka\/"},"modified":"2021-01-11T17:21:42","modified_gmt":"2021-01-11T17:21:42","slug":"inicijativa-za-davanje-naziva-ulici-ili-trgu-na-podrucju-prijedora-ahmeta-kemala-baysaka","status":"publish","type":"post","link":"https:\/\/bosniauknetwork.org\/bs\/inicijativa-za-davanje-naziva-ulici-ili-trgu-na-podrucju-prijedora-ahmeta-kemala-baysaka\/","title":{"rendered":"Inicijativa za davanje naziva ulici ili trgu na podru\u010dju Prijedora Ahmeta Kemala Baysaka"},"content":{"rendered":"<div>BKC PRIJEDOR UPUTIO INICIJATIVU SKUP\u0160TINI GRADA PRIJEDORA ZA DAVANJE NAZIVA ULICI ILI TRGU PREMA AHMET KEMAL BAYSAKU \u2013 PRIJATELJU GRADA PRIJEDORA<\/div>\n<div dir=\"ltr\"><\/div>\n<div>PRIJEDOR, 10.JANUAR 2021.<\/div>\n<div dir=\"ltr\"><\/div>\n<div>Obavje\u0161tavamo javnost u Gradu Prijedoru, Bosni i Hercegovini i dijaspori da je Udru\u017eenje Bosanski kulturni centar u Prijedoru uputilo nadle\u017enim organima Skup\u0161tine Grada Prijedora \u2013 predjsedniku Skup\u0161tine g.Mirsadu Duratovi\u0107u i svim odbornicima Skup\u0161tine, kao i Gradona\u010delniku Grada Prijedora g.Daliboru Pavlovi\u0107u, zvani\u010dnu inicijativu za davanje naziva ulici ili trgu na podru\u010dju Grada Prijedora prema \u00a0preminulom, po\u010dasnom Generalnom konzulu Bosne i Hercegovine u Republici \u00a0Turskoj Nj.e.Ahmet Kemal Baysaku.<\/div>\n<div dir=\"ltr\"><\/div>\n<div>U nastavku Vam dosnosimo izvod iz teksta ove inicijative Udru\u017eenja BKC u Prijedoru:<\/div>\n<div dir=\"ltr\"><\/div>\n<div>Po\u0161tovani predsjedni\u010de Skup\u0161tine Grada Prijedora, gospodine Mirsad Duratovi\u0107,<\/div>\n<div dir=\"ltr\"><\/div>\n<div>Vrlo po\u0161tovani odbornici Skup\u0161tine Grada Prijedora,<\/div>\n<div dir=\"ltr\"><\/div>\n<div>Cijenjeni Gradona\u010delni\u010de Grada Prijedora, gospodine Dalibor Pavlovi\u0107,<\/div>\n<div dir=\"ltr\"><\/div>\n<div>Ovim putem dostavljamo prijedlog za pokretanje inicijative za davanje naziva ulici ili trgu na podru\u010dju Grada Prijedora prema \u00a0preminulom, po\u010dasnom Generalnom konzulu Bosne i Hercegovine u Republici \u00a0Turskoj Nj.e.Ahmet Kemal Baysaku.<\/div>\n<div dir=\"ltr\"><\/div>\n<div>U skladu s tim, predla\u017eemo da Skup\u0161tina Grada Prijedora u skladu sa odredbama \u010dlana 39, stav (2), ta\u010dka 14) Statuta Grada Prijedora (\u201eSlu\u017ebeni glasnik Grada Prijedora\u201c, broj 12\/17) donese odluku da odabrana ulica ili trg u Gradu Prijedoru nosi sljede\u0107i naziv:<\/div>\n<div dir=\"ltr\"><\/div>\n<div><strong>\u201eUlica Ahmet Kemal Baysaka \u2013 prijatelja Grada Prijedora\u201c ili<\/strong><\/div>\n<div dir=\"ltr\"><\/div>\n<div><strong>\u201eTrg Ahmet Kemal Baysaka \u2013 prijatelja Grada Prijedora\u201c,<\/strong><\/div>\n<div dir=\"ltr\"><\/div>\n<div>iz razloga veoma zna\u010dajnog i izuzetnog li\u010dnog doprinosa gospodina Ahmet Kemal Baysaka gra\u0111anima i institucijama Grada Prijedora, naro\u010dito u:<\/div>\n<div dir=\"ltr\"><\/div>\n<div>U projektu \u201ebratimljenja\u201c Grada Prijedora i Grada Manise u Republici Turskoj;<\/div>\n<div>Razvoju kulturne i ostale dru\u0161tvene saradnje i odnosa izme\u0111u Grada Prijedora i turskih gradova Manise i Izmira;<\/div>\n<div>Pomaganju stanovnika Grada Prijedora koje je stradalo u poplavama 2014.godine;<\/div>\n<div>Iskrenoj ljubavi i plemenitosti prema Bosni i Hercegovini i njenim gradovima me\u0111u kojima je bio i Prijedor, kao i svim njenim narodima i gra\u0111anima.<\/div>\n<div>Predla\u017eemo da predmetnu inicijativu na razmatranje Skup\u0161tini Grada Prijedora upute sljede\u0107i ovla\u0161teni predlaga\u010di:<\/div>\n<div dir=\"ltr\"><\/div>\n<div>Predsjednik Skup\u0161tine Grada Prijedora, i\/ili<\/div>\n<div>Klub i\/ili klubovi odbornika, i\/ili odbornici pojedina\u010dno, koji djeluju u Skup\u0161tini Grada Prijedora, i\/ili<\/div>\n<div>Gradona\u010delnik Grada Prijedora, u okviru svoje nadle\u017enosti.<\/div>\n<div>U prilogu Vam dostavljamo Odluku Upravnog odbora Udru\u017eenja Bosanski kulturni centar u Prijedoru broj: BKC-UO\/01\/IV-02\/2021 od 10.01.2021.godine o pokretanju predmetne inicijative, kao i izvod iz biografskih podataka gospodina Ahmet Kemala Baysaka.<\/div>\n<div dir=\"ltr\"><\/div>\n<div>Vrlo po\u0161tovani, cijenimo da su Grad Prijedor, njegovi najvi\u0161i organi i funkcioneri, kao i svi stanovnici grada, u gospodinu Baysaku prepoznavali istinskog, iskrenog i plemenitog \u010dovjeka i velikog prijatelja Grada Prijedora i svakog njegovog gra\u0111anina, te da \u0107e ovaj prijedlog inicijative biti na\u0161 zajedni\u010dki doprinos trajne uspomene i sje\u0107anja na gospodina Ahmet Kemal Baysaka.<\/div>\n<div dir=\"ltr\"><\/div>\n<div>Generalni sekretar BKC Prijedor<\/div>\n<p>Alma Semani\u0107<\/p>\n","protected":false},"excerpt":{"rendered":"<p>BKC PRIJEDOR UPUTIO INICIJATIVU SKUP\u0160TINI GRADA PRIJEDORA ZA DAVANJE NAZIVA ULICI ILI TRGU PREMA AHMET KEMAL BAYSAKU \u2013 PRIJATELJU GRADA PRIJEDORA PRIJEDOR, 10.JANUAR 2021. Obavje\u0161tavamo javnost u Gradu Prijedoru, Bosni [&hellip;]<\/p>\n","protected":false},"author":1,"featured_media":0,"comment_status":"closed","ping_status":"closed","sticky":false,"template":"","format":"standard","meta":{"site-sidebar-layout":"default","site-content-layout":"","ast-site-content-layout":"default","site-content-style":"default","site-sidebar-style":"default","ast-global-header-display":"","ast-banner-title-visibility":"","ast-main-header-display":"","ast-hfb-above-header-display":"","ast-hfb-below-header-display":"","ast-hfb-mobile-header-display":"","site-post-title":"","ast-breadcrumbs-content":"","ast-featured-img":"","footer-sml-layout":"","ast-disable-related-posts":"","theme-transparent-header-meta":"","adv-header-id-meta":"","stick-header-meta":"","header-above-stick-meta":"","header-main-stick-meta":"","header-below-stick-meta":"","astra-migrate-meta-layouts":"default","ast-page-background-enabled":"default","ast-page-background-meta":{"desktop":{"background-color":"","background-image":"","background-repeat":"repeat","background-position":"center center","background-size":"auto","background-attachment":"scroll","background-type":"","background-media":"","overlay-type":"","overlay-color":"","overlay-opacity":"","overlay-gradient":""},"tablet":{"background-color":"","background-image":"","background-repeat":"repeat","background-position":"center center","background-size":"auto","background-attachment":"scroll","background-type":"","background-media":"","overlay-type":"","overlay-color":"","overlay-opacity":"","overlay-gradient":""},"mobile":{"background-color":"","background-image":"","background-repeat":"repeat","background-position":"center center","background-size":"auto","background-attachment":"scroll","background-type":"","background-media":"","overlay-type":"","overlay-color":"","overlay-opacity":"","overlay-gradient":""}},"ast-content-background-meta":{"desktop":{"background-color":"var(--ast-global-color-5)","background-image":"","background-repeat":"repeat","background-position":"center center","background-size":"auto","background-attachment":"scroll","background-type":"","background-media":"","overlay-type":"","overlay-color":"","overlay-opacity":"","overlay-gradient":""},"tablet":{"background-color":"var(--ast-global-color-5)","background-image":"","background-repeat":"repeat","background-position":"center center","background-size":"auto","background-attachment":"scroll","background-type":"","background-media":"","overlay-type":"","overlay-color":"","overlay-opacity":"","overlay-gradient":""},"mobile":{"background-color":"var(--ast-global-color-5)","background-image":"","background-repeat":"repeat","background-position":"center center","background-size":"auto","background-attachment":"scroll","background-type":"","background-media":"","overlay-type":"","overlay-color":"","overlay-opacity":"","overlay-gradient":""}},"_themeisle_gutenberg_block_has_review":false,"footnotes":""},"categories":[6],"tags":[],"class_list":["post-6523","post","type-post","status-publish","format-standard","hentry","category-news-updates"],"_links":{"self":[{"href":"https:\/\/bosniauknetwork.org\/bs\/wp-json\/wp\/v2\/posts\/6523","targetHints":{"allow":["GET"]}}],"collection":[{"href":"https:\/\/bosniauknetwork.org\/bs\/wp-json\/wp\/v2\/posts"}],"about":[{"href":"https:\/\/bosniauknetwork.org\/bs\/wp-json\/wp\/v2\/types\/post"}],"author":[{"embeddable":true,"href":"https:\/\/bosniauknetwork.org\/bs\/wp-json\/wp\/v2\/users\/1"}],"replies":[{"embeddable":true,"href":"https:\/\/bosniauknetwork.org\/bs\/wp-json\/wp\/v2\/comments?post=6523"}],"version-history":[{"count":0,"href":"https:\/\/bosniauknetwork.org\/bs\/wp-json\/wp\/v2\/posts\/6523\/revisions"}],"wp:attachment":[{"href":"https:\/\/bosniauknetwork.org\/bs\/wp-json\/wp\/v2\/media?parent=6523"}],"wp:term":[{"taxonomy":"category","embeddable":true,"href":"https:\/\/bosniauknetwork.org\/bs\/wp-json\/wp\/v2\/categories?post=6523"},{"taxonomy":"post_tag","embeddable":true,"href":"https:\/\/bosniauknetwork.org\/bs\/wp-json\/wp\/v2\/tags?post=6523"}],"curies":[{"name":"wp","href":"https:\/\/api.w.org\/{rel}","templated":true}]}}