{"id":6558,"date":"2021-01-23T08:09:39","date_gmt":"2021-01-23T08:09:39","guid":{"rendered":"https:\/\/bosniauknetwork.org\/bestseler-knjiga-bosanke-dostupna-i-u-bosanskoj-kuci\/"},"modified":"2021-01-23T08:09:39","modified_gmt":"2021-01-23T08:09:39","slug":"bestseler-knjiga-bosanke-dostupna-i-u-bosanskoj-kuci","status":"publish","type":"post","link":"https:\/\/bosniauknetwork.org\/bs\/bestseler-knjiga-bosanke-dostupna-i-u-bosanskoj-kuci\/","title":{"rendered":"Bestseler knjiga bosanke dostupna i u Bosanskoj ku\u0107i u Birminghamu"},"content":{"rendered":"<p>Nedavno smo \u010duli u medijima o bosanki Amri, \u010dija je knjiga<span class=\"Apple-converted-space\">\u00a0 <\/span>Ma\u010dka Kojoj Nikad Nisam Dala Ime (#TheCatINeverNamed), izabrana kao finalistkinja za najpresti\u017eniju knji\u017eevni\u010dku nagradu za najbolju istinitu knjigu koja je objavljena u SAD-u u 2020-oj godini za mlade.<span class=\"Apple-converted-space\">\u00a0<\/span><\/p>\n<blockquote><p>Njena knjiga na\u0161la se i na policama biblioteke BH UK Networka, krovne organizacije bosanskohercegova\u010dkih asocijacija u Velikoj Britaniji.<span class=\"Apple-converted-space\">\u00a0<\/span><\/p>\n<p>BH UK Network je nabavio knjige, te ukoliko neko \u017eeli da je pro\u010dita, mo\u017eete je pozajmiti iz biblioteke.<span class=\"Apple-converted-space\">\u00a0<\/span><\/p><\/blockquote>\n<p>Knjiga je ubrzo postala i bestseler na Amazonu. Amra bilje\u017ei svoju pri\u010du o pre\u017eivjelima u svojim memoarima \u201cMa\u010dka kojoj nisam dala ime\u201d. U njenoj pri\u010di, centralna li\u010dnost je ma\u010dka lutalica koja joj je s vremena na vrijeme spasila \u017eivot. Knjiga je istinita pri\u010da o ljubavi, ratu i pre\u017eivljavanju\u201d, koja govori o strahotama koje je pre\u017eivjela<\/p>\n<p>\u201cPrvog dana rata, moj brat ju je \u010duo u stra\u017enjem dijelu na\u0161eg imanja. U trenutku kada je krenuo prema ma\u010dki pala je granata i ubila je \u010detiri djevojke koje su stajale s njim. Brat i ja smo pre\u017eivjeli, jer smo krenuli prema toj ma\u010dki\u201d, prepri\u010dala je Amra svoj susret sa ma\u010dkom.<\/p>\n<p>Amra \u0160abi\u0107-El-Rayess, profesorica na \u010duvenom univerzitetu Columbia u New Yorku ro\u0111ena je u Biha\u0107u i time se ponosi. U gradu na Uni imala je vrlo sretno djetinjstvo, a sada radi po cijelom svijetu kao savjetnica za obrazovanje za ameri\u010dku i vlade drugih dr\u017eava koje je unajmljuju da rije\u0161i njihove probleme u obrazovanju.<\/p>\n<p>Najiskrenije \u010destitke povodom izdavanja knjige i jo\u0161 mnogo uspjeha u budu\u0107nosti.<\/p>\n<p>BH UK Network<\/p>\n","protected":false},"excerpt":{"rendered":"<p>Nedavno smo \u010duli u medijima o bosanki Amri, \u010dija je knjiga\u00a0 Ma\u010dka Kojoj Nikad Nisam Dala Ime (#TheCatINeverNamed), izabrana kao finalistkinja za najpresti\u017eniju knji\u017eevni\u010dku nagradu za najbolju istinitu knjigu koja [&hellip;]<\/p>\n","protected":false},"author":1,"featured_media":0,"comment_status":"closed","ping_status":"closed","sticky":false,"template":"","format":"standard","meta":{"site-sidebar-layout":"default","site-content-layout":"","ast-site-content-layout":"default","site-content-style":"default","site-sidebar-style":"default","ast-global-header-display":"","ast-banner-title-visibility":"","ast-main-header-display":"","ast-hfb-above-header-display":"","ast-hfb-below-header-display":"","ast-hfb-mobile-header-display":"","site-post-title":"","ast-breadcrumbs-content":"","ast-featured-img":"","footer-sml-layout":"","ast-disable-related-posts":"","theme-transparent-header-meta":"","adv-header-id-meta":"","stick-header-meta":"","header-above-stick-meta":"","header-main-stick-meta":"","header-below-stick-meta":"","astra-migrate-meta-layouts":"default","ast-page-background-enabled":"default","ast-page-background-meta":{"desktop":{"background-color":"","background-image":"","background-repeat":"repeat","background-position":"center center","background-size":"auto","background-attachment":"scroll","background-type":"","background-media":"","overlay-type":"","overlay-color":"","overlay-opacity":"","overlay-gradient":""},"tablet":{"background-color":"","background-image":"","background-repeat":"repeat","background-position":"center center","background-size":"auto","background-attachment":"scroll","background-type":"","background-media":"","overlay-type":"","overlay-color":"","overlay-opacity":"","overlay-gradient":""},"mobile":{"background-color":"","background-image":"","background-repeat":"repeat","background-position":"center center","background-size":"auto","background-attachment":"scroll","background-type":"","background-media":"","overlay-type":"","overlay-color":"","overlay-opacity":"","overlay-gradient":""}},"ast-content-background-meta":{"desktop":{"background-color":"var(--ast-global-color-5)","background-image":"","background-repeat":"repeat","background-position":"center center","background-size":"auto","background-attachment":"scroll","background-type":"","background-media":"","overlay-type":"","overlay-color":"","overlay-opacity":"","overlay-gradient":""},"tablet":{"background-color":"var(--ast-global-color-5)","background-image":"","background-repeat":"repeat","background-position":"center center","background-size":"auto","background-attachment":"scroll","background-type":"","background-media":"","overlay-type":"","overlay-color":"","overlay-opacity":"","overlay-gradient":""},"mobile":{"background-color":"var(--ast-global-color-5)","background-image":"","background-repeat":"repeat","background-position":"center center","background-size":"auto","background-attachment":"scroll","background-type":"","background-media":"","overlay-type":"","overlay-color":"","overlay-opacity":"","overlay-gradient":""}},"_themeisle_gutenberg_block_has_review":false,"footnotes":""},"categories":[6],"tags":[7,8,9,10],"class_list":["post-6558","post","type-post","status-publish","format-standard","hentry","category-news-updates","tag-amra-sabic-el-rayess","tag-bh-uk-network","tag-bosanska-kuca-birmingham","tag-thecatinevernamed"],"_links":{"self":[{"href":"https:\/\/bosniauknetwork.org\/bs\/wp-json\/wp\/v2\/posts\/6558","targetHints":{"allow":["GET"]}}],"collection":[{"href":"https:\/\/bosniauknetwork.org\/bs\/wp-json\/wp\/v2\/posts"}],"about":[{"href":"https:\/\/bosniauknetwork.org\/bs\/wp-json\/wp\/v2\/types\/post"}],"author":[{"embeddable":true,"href":"https:\/\/bosniauknetwork.org\/bs\/wp-json\/wp\/v2\/users\/1"}],"replies":[{"embeddable":true,"href":"https:\/\/bosniauknetwork.org\/bs\/wp-json\/wp\/v2\/comments?post=6558"}],"version-history":[{"count":0,"href":"https:\/\/bosniauknetwork.org\/bs\/wp-json\/wp\/v2\/posts\/6558\/revisions"}],"wp:attachment":[{"href":"https:\/\/bosniauknetwork.org\/bs\/wp-json\/wp\/v2\/media?parent=6558"}],"wp:term":[{"taxonomy":"category","embeddable":true,"href":"https:\/\/bosniauknetwork.org\/bs\/wp-json\/wp\/v2\/categories?post=6558"},{"taxonomy":"post_tag","embeddable":true,"href":"https:\/\/bosniauknetwork.org\/bs\/wp-json\/wp\/v2\/tags?post=6558"}],"curies":[{"name":"wp","href":"https:\/\/api.w.org\/{rel}","templated":true}]}}