{"id":6595,"date":"2021-02-01T18:49:07","date_gmt":"2021-02-01T18:49:07","guid":{"rendered":"https:\/\/bosniauknetwork.org\/logoras\/"},"modified":"2021-02-01T18:49:07","modified_gmt":"2021-02-01T18:49:07","slug":"logoras","status":"publish","type":"post","link":"https:\/\/bosniauknetwork.org\/bs\/logoras\/","title":{"rendered":"Logora\u0161"},"content":{"rendered":"<p><strong><em>Posve\u0107eno svim pre\u017eivjelim logora\u0161ima <\/em><\/strong><\/p>\n<p><strong><em>\u00a0<\/em><\/strong><\/p>\n<p>Ukrali su mi slobodu<\/p>\n<p>Dok sam \u010du\u010dao<\/p>\n<p>Gladan i \u017eedan<\/p>\n<p>Pognute glave<\/p>\n<p>Bez vida\u00a0 i sluha<\/p>\n<p>Zavezanih ruku<\/p>\n<p>I poderanih rukava<\/p>\n<p>S pu\u0161\u010danom cijevi<\/p>\n<p>Kraj napeta uha.<\/p>\n<p>&nbsp;<\/p>\n<p>Ukrali su mi komad neba plavog<\/p>\n<p>Meni, \u010dovjeku,<\/p>\n<p>S glavom punom gnjida<\/p>\n<p>Bez gri\u017ee savjesti<\/p>\n<p>I imalo stida<\/p>\n<p>Komad neba postao je komadi\u0107<\/p>\n<p>Pa komadi\u010dak<\/p>\n<p>Sve dok se nije<\/p>\n<p>potpuno izgubio iz vida.<\/p>\n<p>&nbsp;<\/p>\n<p>Ukrali su mi ponos<\/p>\n<p>A ja sam nijemo \u0107utao<\/p>\n<p>U zamjenu za \u017eivot goli<\/p>\n<p>Iza bodljikave \u017eice<\/p>\n<p>Ma\u0161tao o familiji svojoj<\/p>\n<p>I komadu neba<\/p>\n<p>poput ranjene ptice.<\/p>\n<p>&nbsp;<\/p>\n<p>Kostur sam \u017eivi bio<\/p>\n<p>A rebra moja<\/p>\n<p>K\u2019o utihle dirke<\/p>\n<p>Ove smrtonosne svirke<\/p>\n<p>Bez po\u010detka i kraja<\/p>\n<p>&nbsp;<\/p>\n<p>Bio sam obrijane glave<\/p>\n<p>A moje o\u010di bez sjaja, pla\u010dne<\/p>\n<p>I lica drugova mojih,ista<\/p>\n<p>Iz sobe zloglasne, mra\u010dne.<\/p>\n<p>&nbsp;<\/p>\n<p>Ovu sliku iz albumu uspomena<\/p>\n<p>Ja \u017eelim zauvijek i\u0161\u010dupati,<\/p>\n<p>A ona mi se uvijek<\/p>\n<p>Kao nepozvan gost vra\u0107a<\/p>\n<p>Jer svako svoju cijenu<\/p>\n<p>Dobrote i naivnosti pla\u0107a.<\/p>\n<p>&nbsp;<\/p>\n<p>Pre\u017eivio sam udarce i pakao<\/p>\n<p>Posje\u010den o\u0161trinom mr\u017enje ma\u010da<\/p>\n<p>Na koljena sam padao<\/p>\n<p>I iznova se dizao<\/p>\n<p>Na rubu pameti i pla\u010da.<\/p>\n<p>&nbsp;<\/p>\n<p>Sada slobodno hodam<\/p>\n<p>Sa trunjem u o\u010dima<\/p>\n<p>I no\u0107nim morama<\/p>\n<p>U jednom komadu<\/p>\n<p>Sa hiljadu o\u017eiljaka<\/p>\n<p>Izre\u0161etanog srca<\/p>\n<p>I propalih ideala.<\/p>\n<p>&nbsp;<\/p>\n<p>Da li je to ironija sudbine?!<\/p>\n<p>Da li mi se i \u017eivot<\/p>\n<p>nemilosrdno sveti?!<\/p>\n<p>Ptica slomljenih krila<\/p>\n<p>Dobila je komad plavog neba<\/p>\n<p>Ali vi\u0161e ne mo\u017ee da leti.<\/p>\n<p>&nbsp;<\/p>\n<p>Vra\u0107ena mi je sloboda<\/p>\n<p>A ukraden \u017eivot<\/p>\n<p>&nbsp;<\/p>\n<p>Semira Jakupovi\u0107<\/p>\n","protected":false},"excerpt":{"rendered":"<p>Posve\u0107eno svim pre\u017eivjelim logora\u0161ima \u00a0 Ukrali su mi slobodu Dok sam \u010du\u010dao Gladan i \u017eedan Pognute glave Bez vida\u00a0 i sluha Zavezanih ruku I poderanih rukava S pu\u0161\u010danom cijevi Kraj [&hellip;]<\/p>\n","protected":false},"author":1,"featured_media":0,"comment_status":"closed","ping_status":"closed","sticky":false,"template":"","format":"standard","meta":{"site-sidebar-layout":"default","site-content-layout":"","ast-site-content-layout":"default","site-content-style":"default","site-sidebar-style":"default","ast-global-header-display":"","ast-banner-title-visibility":"","ast-main-header-display":"","ast-hfb-above-header-display":"","ast-hfb-below-header-display":"","ast-hfb-mobile-header-display":"","site-post-title":"","ast-breadcrumbs-content":"","ast-featured-img":"","footer-sml-layout":"","ast-disable-related-posts":"","theme-transparent-header-meta":"","adv-header-id-meta":"","stick-header-meta":"","header-above-stick-meta":"","header-main-stick-meta":"","header-below-stick-meta":"","astra-migrate-meta-layouts":"default","ast-page-background-enabled":"default","ast-page-background-meta":{"desktop":{"background-color":"","background-image":"","background-repeat":"repeat","background-position":"center center","background-size":"auto","background-attachment":"scroll","background-type":"","background-media":"","overlay-type":"","overlay-color":"","overlay-opacity":"","overlay-gradient":""},"tablet":{"background-color":"","background-image":"","background-repeat":"repeat","background-position":"center center","background-size":"auto","background-attachment":"scroll","background-type":"","background-media":"","overlay-type":"","overlay-color":"","overlay-opacity":"","overlay-gradient":""},"mobile":{"background-color":"","background-image":"","background-repeat":"repeat","background-position":"center center","background-size":"auto","background-attachment":"scroll","background-type":"","background-media":"","overlay-type":"","overlay-color":"","overlay-opacity":"","overlay-gradient":""}},"ast-content-background-meta":{"desktop":{"background-color":"var(--ast-global-color-5)","background-image":"","background-repeat":"repeat","background-position":"center center","background-size":"auto","background-attachment":"scroll","background-type":"","background-media":"","overlay-type":"","overlay-color":"","overlay-opacity":"","overlay-gradient":""},"tablet":{"background-color":"var(--ast-global-color-5)","background-image":"","background-repeat":"repeat","background-position":"center center","background-size":"auto","background-attachment":"scroll","background-type":"","background-media":"","overlay-type":"","overlay-color":"","overlay-opacity":"","overlay-gradient":""},"mobile":{"background-color":"var(--ast-global-color-5)","background-image":"","background-repeat":"repeat","background-position":"center center","background-size":"auto","background-attachment":"scroll","background-type":"","background-media":"","overlay-type":"","overlay-color":"","overlay-opacity":"","overlay-gradient":""}},"_themeisle_gutenberg_block_has_review":false,"footnotes":""},"categories":[6],"tags":[],"class_list":["post-6595","post","type-post","status-publish","format-standard","hentry","category-news-updates"],"_links":{"self":[{"href":"https:\/\/bosniauknetwork.org\/bs\/wp-json\/wp\/v2\/posts\/6595","targetHints":{"allow":["GET"]}}],"collection":[{"href":"https:\/\/bosniauknetwork.org\/bs\/wp-json\/wp\/v2\/posts"}],"about":[{"href":"https:\/\/bosniauknetwork.org\/bs\/wp-json\/wp\/v2\/types\/post"}],"author":[{"embeddable":true,"href":"https:\/\/bosniauknetwork.org\/bs\/wp-json\/wp\/v2\/users\/1"}],"replies":[{"embeddable":true,"href":"https:\/\/bosniauknetwork.org\/bs\/wp-json\/wp\/v2\/comments?post=6595"}],"version-history":[{"count":0,"href":"https:\/\/bosniauknetwork.org\/bs\/wp-json\/wp\/v2\/posts\/6595\/revisions"}],"wp:attachment":[{"href":"https:\/\/bosniauknetwork.org\/bs\/wp-json\/wp\/v2\/media?parent=6595"}],"wp:term":[{"taxonomy":"category","embeddable":true,"href":"https:\/\/bosniauknetwork.org\/bs\/wp-json\/wp\/v2\/categories?post=6595"},{"taxonomy":"post_tag","embeddable":true,"href":"https:\/\/bosniauknetwork.org\/bs\/wp-json\/wp\/v2\/tags?post=6595"}],"curies":[{"name":"wp","href":"https:\/\/api.w.org\/{rel}","templated":true}]}}