{"id":6698,"date":"2021-03-02T13:13:00","date_gmt":"2021-03-02T13:13:00","guid":{"rendered":"https:\/\/bosniauknetwork.org\/osuda-skandaloznog-pojavljivanja-rezisera-filma-dara-iz-jasenovca-predraga-antonijevica-u-emisiji-cirilica-sa-voditeljem-milomirom-maricem\/"},"modified":"2021-03-02T13:13:00","modified_gmt":"2021-03-02T13:13:00","slug":"osuda-skandaloznog-pojavljivanja-rezisera-filma-dara-iz-jasenovca-predraga-antonijevica-u-emisiji-cirilica-sa-voditeljem-milomirom-maricem","status":"publish","type":"post","link":"https:\/\/bosniauknetwork.org\/bs\/osuda-skandaloznog-pojavljivanja-rezisera-filma-dara-iz-jasenovca-predraga-antonijevica-u-emisiji-cirilica-sa-voditeljem-milomirom-maricem\/","title":{"rendered":"Osuda skandaloznog pojavljivanja re\u017eisera filma \u201cDara iz Jasenovca\u201d Predraga Antonijevi\u0107a u emisiji \u0106irilica sa voditeljem Milomirom Mari\u0107em"},"content":{"rendered":"<p>Sramno,a\u00a0i zabrinjavaju\u0107e da se i nakon 25. godina agresije na Bosnu i Hercegovinu<span class=\"Apple-converted-space\">\u00a0 <\/span>jo\u0161 uvijek poni\u017eavaju \u017ertve progona, etni\u010dkog \u010di\u0161\u0107enja,sistematskog sliovanja i genocida po\u010dinjenog od strane vojske i policije RS-a.<\/p>\n<blockquote><p>Apsurdno je da \u201ckulturni\u201d radnici promovi\u0161u\u0107i film o stradanju Srba, Roma, Jevreja kao i svih antifa\u0161ista u Jasenovcu u vrijeme NDH u isto vrijeme negiraju strahote logora Omarska, Keraterm i Trnopolje u prijedorskoj regiji na kraju dvadesetog vijeka.<\/p>\n<p>Neprihvatljivo \u00a0je da se na televiziji sa nacionalnom frekvencijom \u0161ire gnusne la\u017ei o logorima u Prijedoru. \u010cinjenica da je na podru\u010dju Prijedora prona\u0111eno vise od 50 masovnih grobnica uklju\u010duju\u0107i i masovnu grobnicu u Toma\u0161ici potvr\u0111uje da su tu bili koncentracioni logori, a ne logori otvorenog tipa kako to tvrde Mari\u0107 i njegovi gosti. O strahotama prijedorskih logora govori vi\u0161e od 20 presu\u0111enih za ratne zlo\u010dine i vi\u0161e od 250 godina zatvorske kazne.<\/p><\/blockquote>\n<p>U na\u0161oj zajednici su\u00a0\u017ertve i svjedoci zbivanja tog vremena i uvijek ovakve\u00a0izjave\u00a0do\u017eivljavaju sa stresom i ponovnim pre\u017eivljavanjem\u00a0,\u00a0zato osu\u0111ujemo ovakve\u00a0govornike\u00a0kojima je cilj da se i dalje stvara\u00a0mr\u017enja i da se neistinom truju mla\u0111e generacije.<\/p>\n<p>Zavr\u0161na, deseta faza genocida je negiranje tog istog genocida. Ovaj primjer\u00a0 omalova\u017eavanja \u017ertava prijedorskih logora, i sistematsko negiranje presude Ha\u0161kog Tribunala o genocidu u Srebrenici su samo nastavak genocida nad Bo\u0161njacima. Tko god negira genocid postaje sau\u010desnik u genocidu.<\/p>\n<p>Osu\u0111ujemo izjave gore navedene gospode u nadi da se ovo vi\u0161e ne\u0107e ponavljati na na\u0161im prostorima i da \u0107e se ubudu\u0107e sve \u010dinjenice koristiti u svrhu pomirenja i prosperitet\u00a0regiona\u00a0te da je do\u0161lo vrijeme da se prihvate \u010dinjenice\u00a0da je u Srebrenici bio genocid i da su se se \u0161irom Bosne i Hercegovine de\u0161avali zlo\u010dini koji trebaju biti ka\u017enjeni bez obzira iz kog naroda bili zlo\u010dinci.<\/p>\n<p>&nbsp;<\/p>\n<p>BH UK Network<\/p>\n","protected":false},"excerpt":{"rendered":"<p>Sramno,a\u00a0i zabrinjavaju\u0107e da se i nakon 25. godina agresije na Bosnu i Hercegovinu\u00a0 jo\u0161 uvijek poni\u017eavaju \u017ertve progona, etni\u010dkog \u010di\u0161\u0107enja,sistematskog sliovanja i genocida po\u010dinjenog od strane vojske i policije RS-a. [&hellip;]<\/p>\n","protected":false},"author":1,"featured_media":0,"comment_status":"closed","ping_status":"closed","sticky":false,"template":"","format":"standard","meta":{"site-sidebar-layout":"default","site-content-layout":"","ast-site-content-layout":"default","site-content-style":"default","site-sidebar-style":"default","ast-global-header-display":"","ast-banner-title-visibility":"","ast-main-header-display":"","ast-hfb-above-header-display":"","ast-hfb-below-header-display":"","ast-hfb-mobile-header-display":"","site-post-title":"","ast-breadcrumbs-content":"","ast-featured-img":"","footer-sml-layout":"","ast-disable-related-posts":"","theme-transparent-header-meta":"","adv-header-id-meta":"","stick-header-meta":"","header-above-stick-meta":"","header-main-stick-meta":"","header-below-stick-meta":"","astra-migrate-meta-layouts":"default","ast-page-background-enabled":"default","ast-page-background-meta":{"desktop":{"background-color":"","background-image":"","background-repeat":"repeat","background-position":"center center","background-size":"auto","background-attachment":"scroll","background-type":"","background-media":"","overlay-type":"","overlay-color":"","overlay-opacity":"","overlay-gradient":""},"tablet":{"background-color":"","background-image":"","background-repeat":"repeat","background-position":"center center","background-size":"auto","background-attachment":"scroll","background-type":"","background-media":"","overlay-type":"","overlay-color":"","overlay-opacity":"","overlay-gradient":""},"mobile":{"background-color":"","background-image":"","background-repeat":"repeat","background-position":"center center","background-size":"auto","background-attachment":"scroll","background-type":"","background-media":"","overlay-type":"","overlay-color":"","overlay-opacity":"","overlay-gradient":""}},"ast-content-background-meta":{"desktop":{"background-color":"var(--ast-global-color-5)","background-image":"","background-repeat":"repeat","background-position":"center center","background-size":"auto","background-attachment":"scroll","background-type":"","background-media":"","overlay-type":"","overlay-color":"","overlay-opacity":"","overlay-gradient":""},"tablet":{"background-color":"var(--ast-global-color-5)","background-image":"","background-repeat":"repeat","background-position":"center center","background-size":"auto","background-attachment":"scroll","background-type":"","background-media":"","overlay-type":"","overlay-color":"","overlay-opacity":"","overlay-gradient":""},"mobile":{"background-color":"var(--ast-global-color-5)","background-image":"","background-repeat":"repeat","background-position":"center center","background-size":"auto","background-attachment":"scroll","background-type":"","background-media":"","overlay-type":"","overlay-color":"","overlay-opacity":"","overlay-gradient":""}},"_themeisle_gutenberg_block_has_review":false,"footnotes":""},"categories":[6],"tags":[],"class_list":["post-6698","post","type-post","status-publish","format-standard","hentry","category-news-updates"],"_links":{"self":[{"href":"https:\/\/bosniauknetwork.org\/bs\/wp-json\/wp\/v2\/posts\/6698","targetHints":{"allow":["GET"]}}],"collection":[{"href":"https:\/\/bosniauknetwork.org\/bs\/wp-json\/wp\/v2\/posts"}],"about":[{"href":"https:\/\/bosniauknetwork.org\/bs\/wp-json\/wp\/v2\/types\/post"}],"author":[{"embeddable":true,"href":"https:\/\/bosniauknetwork.org\/bs\/wp-json\/wp\/v2\/users\/1"}],"replies":[{"embeddable":true,"href":"https:\/\/bosniauknetwork.org\/bs\/wp-json\/wp\/v2\/comments?post=6698"}],"version-history":[{"count":0,"href":"https:\/\/bosniauknetwork.org\/bs\/wp-json\/wp\/v2\/posts\/6698\/revisions"}],"wp:attachment":[{"href":"https:\/\/bosniauknetwork.org\/bs\/wp-json\/wp\/v2\/media?parent=6698"}],"wp:term":[{"taxonomy":"category","embeddable":true,"href":"https:\/\/bosniauknetwork.org\/bs\/wp-json\/wp\/v2\/categories?post=6698"},{"taxonomy":"post_tag","embeddable":true,"href":"https:\/\/bosniauknetwork.org\/bs\/wp-json\/wp\/v2\/tags?post=6698"}],"curies":[{"name":"wp","href":"https:\/\/api.w.org\/{rel}","templated":true}]}}