{"id":6701,"date":"2021-03-05T09:51:34","date_gmt":"2021-03-05T09:51:34","guid":{"rendered":"https:\/\/bosniauknetwork.org\/pogledajte-kako-je-stjepan-mesic-cestitao-dan-nezavisnosti-bih-svi-oni-koji-misle-da-se-bih-mogla-razbiti-su-otisli-ili-odlaze-sa-politicke-scene\/"},"modified":"2021-03-05T09:51:34","modified_gmt":"2021-03-05T09:51:34","slug":"pogledajte-kako-je-stjepan-mesic-cestitao-dan-nezavisnosti-bih-svi-oni-koji-misle-da-se-bih-mogla-razbiti-su-otisli-ili-odlaze-sa-politicke-scene","status":"publish","type":"post","link":"https:\/\/bosniauknetwork.org\/bs\/pogledajte-kako-je-stjepan-mesic-cestitao-dan-nezavisnosti-bih-svi-oni-koji-misle-da-se-bih-mogla-razbiti-su-otisli-ili-odlaze-sa-politicke-scene\/","title":{"rendered":"Pogledajte kako je Stjepan Mesi\u0107 \u010destitao Dan nezavisnosti BiH: \u201cSvi oni koji misle da se BiH mogla razbiti su oti\u0161li ili odlaze sa politi\u010dke scene\u201d"},"content":{"rendered":"<h2 class=\"entry-subtitle g1-gamma g1-gamma-3rd\">\u201cSvi oni koji misle da se BiH mogla razbiti su oti\u0161li ili odlaze sa politi\u010dke scene\u201d, ka\u017ee Mesi\u0107<\/h2>\n<p>Stjepan Mesi\u0107, nekada\u0161nji predsjednik Hrvatske, na sebi svojstven na\u010din \u010destitao je Dan nezavisnosti Bosne i Hercegovine.<\/p>\n<p>Iako se ovaj praznik slavio prvog marta, poruka Mesi\u0107a je ostala nezapa\u017eena. Stoga mi \u017eelimo da prenesemo poruku uglednog diplomate gra\u0111anima BiH koji \u017eive u domovini, ali i onima u dijaspori.<\/p>\n<p>Mesi\u0107evu video poruku izvorno je prenijela organazicija <a href=\"https:\/\/www.facebook.com\/bosniauknetwork\/videos\/827185288140106\">BH UK Network<\/a>.<\/p>\n<p>\u201c\u010cestitam Dan nezavisnosti svim gra\u0111anima BiH koji se trenutno nalaze u Velikoj Britaniji. \u017delim im sve najbolje te da se vrate u domovinu BiH, a uvjeti \u0107e se stvoriti. Svi oni koji misle da se BiH mogla razbiti su oti\u0161li ili odlaze sa politi\u010dke scene,\u201d, kazao je izme\u0111u ostalog <a href=\"https:\/\/www.facebook.com\/bosniauknetwork\/videos\/827185288140106\">Mesi\u0107<\/a> za BH UK Network.<\/p>\n<p><a href=\"https:\/\/www.bhdijaspora.net\/pogledajte-kako-je-stjepan-mesic-cestitao-dan-nezavisnosti-bih-svi-oni-koji-misle-da-se-bih-mogla-razbiti-su-otisli-ili-odlaze-sa-politicke-scene\/\">https:\/\/www.bhdijaspora.net\/<\/a><\/p>\n","protected":false},"excerpt":{"rendered":"<p>\u201cSvi oni koji misle da se BiH mogla razbiti su oti\u0161li ili odlaze sa politi\u010dke scene\u201d, ka\u017ee Mesi\u0107 Stjepan Mesi\u0107, nekada\u0161nji predsjednik Hrvatske, na sebi svojstven na\u010din \u010destitao je Dan [&hellip;]<\/p>\n","protected":false},"author":1,"featured_media":0,"comment_status":"closed","ping_status":"closed","sticky":false,"template":"","format":"standard","meta":{"site-sidebar-layout":"default","site-content-layout":"","ast-site-content-layout":"default","site-content-style":"default","site-sidebar-style":"default","ast-global-header-display":"","ast-banner-title-visibility":"","ast-main-header-display":"","ast-hfb-above-header-display":"","ast-hfb-below-header-display":"","ast-hfb-mobile-header-display":"","site-post-title":"","ast-breadcrumbs-content":"","ast-featured-img":"","footer-sml-layout":"","ast-disable-related-posts":"","theme-transparent-header-meta":"","adv-header-id-meta":"","stick-header-meta":"","header-above-stick-meta":"","header-main-stick-meta":"","header-below-stick-meta":"","astra-migrate-meta-layouts":"default","ast-page-background-enabled":"default","ast-page-background-meta":{"desktop":{"background-color":"","background-image":"","background-repeat":"repeat","background-position":"center center","background-size":"auto","background-attachment":"scroll","background-type":"","background-media":"","overlay-type":"","overlay-color":"","overlay-opacity":"","overlay-gradient":""},"tablet":{"background-color":"","background-image":"","background-repeat":"repeat","background-position":"center center","background-size":"auto","background-attachment":"scroll","background-type":"","background-media":"","overlay-type":"","overlay-color":"","overlay-opacity":"","overlay-gradient":""},"mobile":{"background-color":"","background-image":"","background-repeat":"repeat","background-position":"center center","background-size":"auto","background-attachment":"scroll","background-type":"","background-media":"","overlay-type":"","overlay-color":"","overlay-opacity":"","overlay-gradient":""}},"ast-content-background-meta":{"desktop":{"background-color":"var(--ast-global-color-5)","background-image":"","background-repeat":"repeat","background-position":"center center","background-size":"auto","background-attachment":"scroll","background-type":"","background-media":"","overlay-type":"","overlay-color":"","overlay-opacity":"","overlay-gradient":""},"tablet":{"background-color":"var(--ast-global-color-5)","background-image":"","background-repeat":"repeat","background-position":"center center","background-size":"auto","background-attachment":"scroll","background-type":"","background-media":"","overlay-type":"","overlay-color":"","overlay-opacity":"","overlay-gradient":""},"mobile":{"background-color":"var(--ast-global-color-5)","background-image":"","background-repeat":"repeat","background-position":"center center","background-size":"auto","background-attachment":"scroll","background-type":"","background-media":"","overlay-type":"","overlay-color":"","overlay-opacity":"","overlay-gradient":""}},"_themeisle_gutenberg_block_has_review":false,"footnotes":""},"categories":[6],"tags":[],"class_list":["post-6701","post","type-post","status-publish","format-standard","hentry","category-news-updates"],"_links":{"self":[{"href":"https:\/\/bosniauknetwork.org\/bs\/wp-json\/wp\/v2\/posts\/6701","targetHints":{"allow":["GET"]}}],"collection":[{"href":"https:\/\/bosniauknetwork.org\/bs\/wp-json\/wp\/v2\/posts"}],"about":[{"href":"https:\/\/bosniauknetwork.org\/bs\/wp-json\/wp\/v2\/types\/post"}],"author":[{"embeddable":true,"href":"https:\/\/bosniauknetwork.org\/bs\/wp-json\/wp\/v2\/users\/1"}],"replies":[{"embeddable":true,"href":"https:\/\/bosniauknetwork.org\/bs\/wp-json\/wp\/v2\/comments?post=6701"}],"version-history":[{"count":0,"href":"https:\/\/bosniauknetwork.org\/bs\/wp-json\/wp\/v2\/posts\/6701\/revisions"}],"wp:attachment":[{"href":"https:\/\/bosniauknetwork.org\/bs\/wp-json\/wp\/v2\/media?parent=6701"}],"wp:term":[{"taxonomy":"category","embeddable":true,"href":"https:\/\/bosniauknetwork.org\/bs\/wp-json\/wp\/v2\/categories?post=6701"},{"taxonomy":"post_tag","embeddable":true,"href":"https:\/\/bosniauknetwork.org\/bs\/wp-json\/wp\/v2\/tags?post=6701"}],"curies":[{"name":"wp","href":"https:\/\/api.w.org\/{rel}","templated":true}]}}