{"id":6712,"date":"2021-03-09T10:58:21","date_gmt":"2021-03-09T10:58:21","guid":{"rendered":"https:\/\/bosniauknetwork.org\/angelina-jolie-i-jasmila-zbanic-o-majkama-srebrenice-zasluzuju-nobelovu-nagradu-za-mir\/"},"modified":"2021-03-09T10:58:21","modified_gmt":"2021-03-09T10:58:21","slug":"angelina-jolie-i-jasmila-zbanic-o-majkama-srebrenice-zasluzuju-nobelovu-nagradu-za-mir","status":"publish","type":"post","link":"https:\/\/bosniauknetwork.org\/bs\/angelina-jolie-i-jasmila-zbanic-o-majkama-srebrenice-zasluzuju-nobelovu-nagradu-za-mir\/","title":{"rendered":"Angelina Jolie i Jasmila \u017dbani\u0107 o Majkama Srebrenice: Zaslu\u017euju Nobelovu nagradu za mir"},"content":{"rendered":"<p>Srebrenica je univerzalna tragedija na\u0161e civilizacije. Iako je pro\u0161lo 26 godina, to je jo\u0161 uvijek jedna velika trauma za na\u0161u regiju<\/p>\n<p>U povodu Me\u0111unarodnog dana \u017eena, planetarno popularna filmska zvijezda i aktivistica za ljudska prava Angelina Jolie posvetila je op\u0161iran tekst \u017eenama \u017ertvama rata u Bosni i Hercegovini, a na tu temu razgovarala je s bh. redateljicom Jasmilom \u017dbani\u0107.<\/p>\n<p>Jolie podsje\u0107a kako najnovije filmsko ostvarenje bh. autorice, Quo Vadis, Aida?, govori pri\u010du o srebreni\u010dkom genocidu kroz \u017eivot bosanke Aide koja radi kao prevoditeljica za UN, a istovremeno poku\u0161ava da spasi svoju porodicu i sugra\u0111ane od nasilja.<\/p>\n<blockquote><p>\u201cJasmila mi je rekla kako su je Majke Srebrenice inspirirale da snimi ovaj film. Vi\u0161e od dvije decenije ova grupa pre\u017eivjelih \u017eena odr\u017eava mirne proteste i koristi mo\u0107 maj\u010dinske ljubavi da odr\u017ei sje\u0107anje na mu\u0161ke \u010dlanove porodica \u017eivom, tra\u017ee njihova tijela i zahtijevaju pravdu i istinu,\u201d\u00a0napisala je Jolie u uvodu teksta za\u00a0magazin <a href=\"https:\/\/time.com\/5944790\/angelina-jolie-jasmila-zbanic-quo-vadis-aida\/\">Time<\/a>. S bh. redateljicom je razgovarala o godinama koje je provela u opkoljenom Sarajevu, o tome kako ju je rat odredio kao osobu, ali i o centralnoj temi intervjua, pri\u010di o srebreni\u010dkom genocidu i odluci da o tome napravi film.\u017dbani\u0107 je kazala kako ju je rat oblikovao i kao osobu i umjetnika, a ve\u0107 njezin prvi film, dokumentrac o majci koja tra\u017ei ostatke svoje djece u masovnoj grobnici bio je ratne tematike.<\/p><\/blockquote>\n<p>Na pitanje za\u0161to je odlu\u010dila ispri\u010dati pri\u010du o Srebrenici odgovara:<\/p>\n<p>\u201cSrebrenica je univerzalna tragedija na\u0161e civilizacije. Iako je pro\u0161lo 26 godina, to je jo\u0161 uvijek jedna velika trauma za na\u0161u regiju\u201d.<\/p>\n<p>Isti\u010de kako se snimanje filma odvijalo daleko od o\u010diju javnosti, jer je postojala bojazan da bi neki politi\u010dari poku\u0161ali da iskoriste ovu temu za jo\u0161 jednu podjelu me\u0111u narodima.<\/p>\n<p>Govore\u0107i o ulozi UN-a u Srebrenici, Jolie je podsjetila kako je inicijalna ideja bila da ove me\u0111unarodne snage za\u0161tite ljude, ali desilo se upravo suprotno \u2013 pokolj.<\/p>\n<p>\u201cUN je sjajna ideja o instituciji koja nas sve spaja, i ja bih \u017eeljela da bude ja\u010da, bolja i odlu\u010dnija. Ali, UN je jo\u0161 pod utjecajem politi\u010dkih interesa koji nemaju ni\u0161ta s ljudskim pravima, \u0161to \u010dini UN sistemski korumpiranim,\u201d\u00a0istakla je \u017dbani\u0107, izraziv\u0161i nadu kako \u0107e njen film Quo Vadis, Aida, pomo\u0107i da se pokrene pitanje neovisnosti UN-ovih odluka i potrebi za vi\u0161e odlu\u010dnosti u za\u0161titi ljudskih prava.<\/p>\n<p>Jolie je posebno priznanje odala Majkama Srebrenice, nazivaju\u0107i ih \u201cistinski zadivljuju\u0107im i inspirativnim\u201d, a na pitanje o zna\u010daju ovog udru\u017eenja za nju kao bh. gra\u0111anku \u017dbani\u0107 odgovara:<\/p>\n<p>\u201cNe razumijem gdje pronalaze takvu nevjerovatnu snagu. Majke jo\u0161 uvijek tragaju za kostima svojih sinova i mu\u017eeva. 1,700 tijela jo\u0161 uvijek nisu prna\u0111ena. Ostaju skrivena.\u201d<\/p>\n<p>\u201cNeke Majke \u017eive samo da bi prona\u0161le i sahranile svoje najmilije. Znaju da su svi njihovi ostali ro\u0111aci mrtvi, a ako ih ne prona\u0111u, njihova djeca ne\u0107e imati ni grob za posjetiti. Znam da nijedan film ne mo\u017ee prenijeti takvu koli\u010dinu boli, ali poku\u0161ala sam prikazati mali dio ove tragedije\u201d, dodala je autorica filma o Srebrenici, koji je nedavno stavljen na su\u017eenu listu nominacija za ovogodi\u0161njeg Oscara u kategoriji najboljeg stranog filma.<\/p>\n<p>\u017dbani\u0107 dalje poja\u0161njava kako Majke Srebrenice nikad nisu i\u0161le za osvetom, nego su svoju energiju usmjeravale da bi tra\u017eile istinu i pravdu.<\/p>\n<p>\u201cTo je jedini na\u010din da se izgradi istinski mir. \u010cak i nakon ovakve tragedije, one su te koje promoviraju ideju zajedni\u0161tva i ljubavi jednih prema drugima\u201d,\u00a0dodala je.<\/p>\n<p>Na pitanje da li smatra kako su Majke Srebrenice dobile priznanje koje zaslu\u017euju, \u017dbani\u0107 odgovara kako se nada da \u0107e jednom biti nominirane za Nobelovu nagradu za mir.<\/p>\n<p>\u201cJer one su jedinstvena snaga mirotvoraca u svijetu\u201d,\u00a0zaklju\u010dila je bh. autorica, a\u00a0Jolie je pozdravila ideju, izraziv\u0161i nadu kako \u0107e to dijelom pomo\u0107i u lije\u010denju trauma iz rata.<\/p>\n<p>oslobodjenje.ba<\/p>\n","protected":false},"excerpt":{"rendered":"<p>Srebrenica je univerzalna tragedija na\u0161e civilizacije. Iako je pro\u0161lo 26 godina, to je jo\u0161 uvijek jedna velika trauma za na\u0161u regiju U povodu Me\u0111unarodnog dana \u017eena, planetarno popularna filmska zvijezda [&hellip;]<\/p>\n","protected":false},"author":1,"featured_media":0,"comment_status":"closed","ping_status":"closed","sticky":false,"template":"","format":"standard","meta":{"site-sidebar-layout":"default","site-content-layout":"","ast-site-content-layout":"default","site-content-style":"default","site-sidebar-style":"default","ast-global-header-display":"","ast-banner-title-visibility":"","ast-main-header-display":"","ast-hfb-above-header-display":"","ast-hfb-below-header-display":"","ast-hfb-mobile-header-display":"","site-post-title":"","ast-breadcrumbs-content":"","ast-featured-img":"","footer-sml-layout":"","ast-disable-related-posts":"","theme-transparent-header-meta":"","adv-header-id-meta":"","stick-header-meta":"","header-above-stick-meta":"","header-main-stick-meta":"","header-below-stick-meta":"","astra-migrate-meta-layouts":"default","ast-page-background-enabled":"default","ast-page-background-meta":{"desktop":{"background-color":"","background-image":"","background-repeat":"repeat","background-position":"center center","background-size":"auto","background-attachment":"scroll","background-type":"","background-media":"","overlay-type":"","overlay-color":"","overlay-opacity":"","overlay-gradient":""},"tablet":{"background-color":"","background-image":"","background-repeat":"repeat","background-position":"center center","background-size":"auto","background-attachment":"scroll","background-type":"","background-media":"","overlay-type":"","overlay-color":"","overlay-opacity":"","overlay-gradient":""},"mobile":{"background-color":"","background-image":"","background-repeat":"repeat","background-position":"center center","background-size":"auto","background-attachment":"scroll","background-type":"","background-media":"","overlay-type":"","overlay-color":"","overlay-opacity":"","overlay-gradient":""}},"ast-content-background-meta":{"desktop":{"background-color":"var(--ast-global-color-5)","background-image":"","background-repeat":"repeat","background-position":"center center","background-size":"auto","background-attachment":"scroll","background-type":"","background-media":"","overlay-type":"","overlay-color":"","overlay-opacity":"","overlay-gradient":""},"tablet":{"background-color":"var(--ast-global-color-5)","background-image":"","background-repeat":"repeat","background-position":"center center","background-size":"auto","background-attachment":"scroll","background-type":"","background-media":"","overlay-type":"","overlay-color":"","overlay-opacity":"","overlay-gradient":""},"mobile":{"background-color":"var(--ast-global-color-5)","background-image":"","background-repeat":"repeat","background-position":"center center","background-size":"auto","background-attachment":"scroll","background-type":"","background-media":"","overlay-type":"","overlay-color":"","overlay-opacity":"","overlay-gradient":""}},"_themeisle_gutenberg_block_has_review":false,"footnotes":""},"categories":[6],"tags":[],"class_list":["post-6712","post","type-post","status-publish","format-standard","hentry","category-news-updates"],"_links":{"self":[{"href":"https:\/\/bosniauknetwork.org\/bs\/wp-json\/wp\/v2\/posts\/6712","targetHints":{"allow":["GET"]}}],"collection":[{"href":"https:\/\/bosniauknetwork.org\/bs\/wp-json\/wp\/v2\/posts"}],"about":[{"href":"https:\/\/bosniauknetwork.org\/bs\/wp-json\/wp\/v2\/types\/post"}],"author":[{"embeddable":true,"href":"https:\/\/bosniauknetwork.org\/bs\/wp-json\/wp\/v2\/users\/1"}],"replies":[{"embeddable":true,"href":"https:\/\/bosniauknetwork.org\/bs\/wp-json\/wp\/v2\/comments?post=6712"}],"version-history":[{"count":0,"href":"https:\/\/bosniauknetwork.org\/bs\/wp-json\/wp\/v2\/posts\/6712\/revisions"}],"wp:attachment":[{"href":"https:\/\/bosniauknetwork.org\/bs\/wp-json\/wp\/v2\/media?parent=6712"}],"wp:term":[{"taxonomy":"category","embeddable":true,"href":"https:\/\/bosniauknetwork.org\/bs\/wp-json\/wp\/v2\/categories?post=6712"},{"taxonomy":"post_tag","embeddable":true,"href":"https:\/\/bosniauknetwork.org\/bs\/wp-json\/wp\/v2\/tags?post=6712"}],"curies":[{"name":"wp","href":"https:\/\/api.w.org\/{rel}","templated":true}]}}