{"id":6910,"date":"2021-05-06T01:15:20","date_gmt":"2021-05-06T01:15:20","guid":{"rendered":"https:\/\/bosniauknetwork.org\/dr-jakupovic-u-rukovodstvu-italijanske-konfederacije-evropskih-udruzenja-profesionalaca-i-kompanija\/"},"modified":"2021-05-06T01:15:20","modified_gmt":"2021-05-06T01:15:20","slug":"dr-jakupovic-u-rukovodstvu-italijanske-konfederacije-evropskih-udruzenja-profesionalaca-i-kompanija","status":"publish","type":"post","link":"https:\/\/bosniauknetwork.org\/bs\/dr-jakupovic-u-rukovodstvu-italijanske-konfederacije-evropskih-udruzenja-profesionalaca-i-kompanija\/","title":{"rendered":"DR. JAKUPOVI\u0106 U RUKOVODSTVU ITALIJANSKE KONFEDERACIJE EVROPSKIH UDRU\u017dENJA PROFESIONALACA I KOMPANIJA"},"content":{"rendered":"<p><span lang=\"bs-Latn-BA\">Rim, 6.maj 2021.<\/span><\/p>\n<p><span lang=\"bs-Latn-BA\">\u00a0<\/span><span lang=\"bs-Latn-BA\">Iz Rima nam je do\u0161la zvani\u010dna potvrda odluke da je\u00a0<i>prof.dr.Sanel Jakupovi\u0107<\/i>, prorektor za nau\u010dni rad i me\u0111unarodnu saradnju Panevropskog univerziteta Apeiron krajem aprila 2021. izabran za \u010dlana rukovodstva italijanske\u00a0<i>Konfederacije evropskih udru\u017eenja profesionalaca i kompanija<\/i>\u00a0(<i>Confederazione Associazioni Europee di Professionisti e Imprese &#8211; AEPI<\/i>) sa sjedi\u0161tem u Rimu i podru\u010dnom kancelarijom u Briselu.\u00a0<i>Profesor Jakupovi\u0107<\/i>\u00a0\u0107e u naredne \u010detiri godine u svojstvu stranog delegata obavljati du\u017enost\u00a0<i>koordinatora AEPI za Bosnu i Hercegovinu<\/i>.<\/span><\/p>\n<p><span lang=\"bs-Latn-BA\">\u00a0<\/span><i><span lang=\"bs-Latn-BA\">Konfederacije evropskih udru\u017eenja profesionalaca i kompanija (AEPI)<\/span><\/i><span lang=\"bs-Latn-BA\">\u00a0je najve\u0107a italijanska asocijacija koja okuplja poslodavce i profesionalna udru\u017eenja, mnogobrojne stru\u010dnjake, menad\u017eere i predstavnike malih i srednjih preduze\u0107a, sa ciljem da im osigura adekvatnu institucionalnu i sindikalnu zastupljenost u odnosu na globalne ekonomske tokove i nacionalnu ekonomiju. Strate\u0161ki cilj je promocija \u201eMade in Italy\u201c kroz unaprje\u0111enje konkurenstnosti malih i srednjih preduze\u0107a na nacionalnom nivou i \u0161irom EU i svijeta.<\/span><\/p>\n<p><span lang=\"bs-Latn-BA\">\u00a0<\/span><span lang=\"bs-Latn-BA\">Profesor Jakupovi\u0107 je naglasio\u00a0<i>da je njegov izbor za delegata AEPI plod dugogodi\u0161nje me\u0111unarodne saradnje sa predstavnicima italijanske akademske i poslovne zajednice koju je ostvario kroz projekte Panevropskog univerziteta Apeiron i italijanskih partnera, te je u tom smislu zahvalio dr.Dijegu Moskeniju (Diego Moscheni), biv\u0161em po\u010dasnom konzulu Bosne i Hercegovine u Italiji i aktuelnom potpredsjedniku AEPI za Sjevernu Italiju na prilici da na izbornoj skup\u0161tini u aprilu 2021.bude izabran kao strani delegat \u2013 koordinator za Bosnu i Hercegovinu AEPI konfederacije.<\/i><\/span><\/p>\n<p><span lang=\"bs-Latn-BA\">\u00a0<\/span><span lang=\"bs-Latn-BA\">Za predsjednika nacionalne AEPI konfederacije je izabran\u00a0<i>Dino Minoi<\/i>, stru\u010dnjak za evropsko planiranje, subvencionirane finansije i teritorijalne politike, specijalizirao se za komunikaciju s javnom upravom, gdje je proveo ve\u0107i dio svoje karijere koja je zapo\u010dela s nepunih dvadeset godina u op\u0107inskom vije\u0107u grada Manduria u pokrajini Taranto. Izabran 2013. godine u gradsko vije\u0107e glavnog grada Rima. Bio je predsjednik posebne komisije Rimske prestonice za politike zajednice &#8211; poslovi zajednice, strukturni fondovi i inicijative zajednica i odnosi s Europskom komisijom, \u010dlan komisije za socijalne politike, javne radove i kulturu Rima, direktor Z\u00e9tema Progetto Cultura. Biv\u0161i regionalni predsjednik Puglie i \u010dlan nacionalnog vije\u0107a Udru\u017eenja vinskih gradova.<\/span><\/p>\n<p><span lang=\"bs-Latn-BA\">\u010cestitamo prof.dr.Sanelu Jakupovi\u0107u na ovom uspjehu.<\/span><\/p>\n<p><span lang=\"bs-Latn-BA\">Link s detaljima:<\/span><\/p>\n<p><span lang=\"bs-Latn-BA\"><a href=\"https:\/\/www.confederazioneaepi.it\/chi-siamo\/\" target=\"_blank\" rel=\"noopener noreferrer\" data-auth=\"NotApplicable\" data-linkindex=\"5\">https:\/\/www.confederazioneaepi.it\/chi-siamo\/<\/a>\u00a0 \u00a0<\/span><\/p>\n","protected":false},"excerpt":{"rendered":"<p>Rim, 6.maj 2021. \u00a0Iz Rima nam je do\u0161la zvani\u010dna potvrda odluke da je\u00a0prof.dr.Sanel Jakupovi\u0107, prorektor za nau\u010dni rad i me\u0111unarodnu saradnju Panevropskog univerziteta Apeiron krajem aprila 2021. izabran za \u010dlana [&hellip;]<\/p>\n","protected":false},"author":1,"featured_media":0,"comment_status":"closed","ping_status":"closed","sticky":false,"template":"","format":"standard","meta":{"site-sidebar-layout":"default","site-content-layout":"","ast-site-content-layout":"default","site-content-style":"default","site-sidebar-style":"default","ast-global-header-display":"","ast-banner-title-visibility":"","ast-main-header-display":"","ast-hfb-above-header-display":"","ast-hfb-below-header-display":"","ast-hfb-mobile-header-display":"","site-post-title":"","ast-breadcrumbs-content":"","ast-featured-img":"","footer-sml-layout":"","ast-disable-related-posts":"","theme-transparent-header-meta":"","adv-header-id-meta":"","stick-header-meta":"","header-above-stick-meta":"","header-main-stick-meta":"","header-below-stick-meta":"","astra-migrate-meta-layouts":"default","ast-page-background-enabled":"default","ast-page-background-meta":{"desktop":{"background-color":"","background-image":"","background-repeat":"repeat","background-position":"center center","background-size":"auto","background-attachment":"scroll","background-type":"","background-media":"","overlay-type":"","overlay-color":"","overlay-opacity":"","overlay-gradient":""},"tablet":{"background-color":"","background-image":"","background-repeat":"repeat","background-position":"center center","background-size":"auto","background-attachment":"scroll","background-type":"","background-media":"","overlay-type":"","overlay-color":"","overlay-opacity":"","overlay-gradient":""},"mobile":{"background-color":"","background-image":"","background-repeat":"repeat","background-position":"center center","background-size":"auto","background-attachment":"scroll","background-type":"","background-media":"","overlay-type":"","overlay-color":"","overlay-opacity":"","overlay-gradient":""}},"ast-content-background-meta":{"desktop":{"background-color":"var(--ast-global-color-5)","background-image":"","background-repeat":"repeat","background-position":"center center","background-size":"auto","background-attachment":"scroll","background-type":"","background-media":"","overlay-type":"","overlay-color":"","overlay-opacity":"","overlay-gradient":""},"tablet":{"background-color":"var(--ast-global-color-5)","background-image":"","background-repeat":"repeat","background-position":"center center","background-size":"auto","background-attachment":"scroll","background-type":"","background-media":"","overlay-type":"","overlay-color":"","overlay-opacity":"","overlay-gradient":""},"mobile":{"background-color":"var(--ast-global-color-5)","background-image":"","background-repeat":"repeat","background-position":"center center","background-size":"auto","background-attachment":"scroll","background-type":"","background-media":"","overlay-type":"","overlay-color":"","overlay-opacity":"","overlay-gradient":""}},"_themeisle_gutenberg_block_has_review":false,"footnotes":""},"categories":[6],"tags":[],"class_list":["post-6910","post","type-post","status-publish","format-standard","hentry","category-news-updates"],"_links":{"self":[{"href":"https:\/\/bosniauknetwork.org\/bs\/wp-json\/wp\/v2\/posts\/6910","targetHints":{"allow":["GET"]}}],"collection":[{"href":"https:\/\/bosniauknetwork.org\/bs\/wp-json\/wp\/v2\/posts"}],"about":[{"href":"https:\/\/bosniauknetwork.org\/bs\/wp-json\/wp\/v2\/types\/post"}],"author":[{"embeddable":true,"href":"https:\/\/bosniauknetwork.org\/bs\/wp-json\/wp\/v2\/users\/1"}],"replies":[{"embeddable":true,"href":"https:\/\/bosniauknetwork.org\/bs\/wp-json\/wp\/v2\/comments?post=6910"}],"version-history":[{"count":0,"href":"https:\/\/bosniauknetwork.org\/bs\/wp-json\/wp\/v2\/posts\/6910\/revisions"}],"wp:attachment":[{"href":"https:\/\/bosniauknetwork.org\/bs\/wp-json\/wp\/v2\/media?parent=6910"}],"wp:term":[{"taxonomy":"category","embeddable":true,"href":"https:\/\/bosniauknetwork.org\/bs\/wp-json\/wp\/v2\/categories?post=6910"},{"taxonomy":"post_tag","embeddable":true,"href":"https:\/\/bosniauknetwork.org\/bs\/wp-json\/wp\/v2\/tags?post=6910"}],"curies":[{"name":"wp","href":"https:\/\/api.w.org\/{rel}","templated":true}]}}