{"id":6914,"date":"2021-05-08T01:50:22","date_gmt":"2021-05-08T01:50:22","guid":{"rendered":"https:\/\/bosniauknetwork.org\/sesnaestogodisnja-elma-jakupovic-u-londonu-plesom-podize-svijest-rat-u-bosni-i-hercegovini\/"},"modified":"2021-05-08T01:50:22","modified_gmt":"2021-05-08T01:50:22","slug":"sesnaestogodisnja-elma-jakupovic-u-londonu-plesom-podize-svijest-rat-u-bosni-i-hercegovini","status":"publish","type":"post","link":"https:\/\/bosniauknetwork.org\/bs\/sesnaestogodisnja-elma-jakupovic-u-londonu-plesom-podize-svijest-rat-u-bosni-i-hercegovini\/","title":{"rendered":"\u0160esnaestogodi\u0161nja Elma Jakupovi\u0107 u Londonu plesom podi\u017ee svijest o ratu u Bosni i Hercegovini"},"content":{"rendered":"<p>\u0160esnaestogodi\u0161nja Elma i njen mla\u0111i brat ro\u0111eni su u Londonu. Odrasli su u porodi\u010dnoj atmosferi gdje je neizbje\u017ena tema nedavni rat u domovini njenih roditelja.\u00a0 Poha\u0111a nastavu na presti\u017enoj Medjunarodnoj Baccalaureate \u0161koli u Londonu a za zavr\u0161ni rad odlu\u010dila je da na kreativan na\u010din predstavi rat u Bosni I Hercegovini.<\/p>\n<p><em>\u201cMoj projekat je bio da plesom predstavim istoriju bosanskog rata. Razlog za\u0161to sam se odlu\u010dila za ovaj projekt je taj \u0161to sam izuzetno strastvena prema plesu i izuzetno sam fasciniran istorijom bosanskog rata, jer su to \u010dlanovi moje porodice do\u017eivjeli iz prve ruke. Tako sam odlu\u010dila biti kreativna i uklopiti bosanski rat u emotivan, savremen ples. Tako\u0111e sam se odlu\u010dila za ovu temu jer \u017eelim podi\u0107i svijest o onome \u0161ta se dogadjalo tokom rata u Bosni i Hercegovini. Nema puno ljudi koji znaju o kravavom ratu u Bosni, pa mi je izuzetno va\u017ean odabir ovog mog li\u010dnog projekta.\u201d<\/em> kazala je Elma.<\/p>\n<p>Elma je poha\u0111ala i nastavu u BH dopun\u0161koj \u0161koli Hefrtfordshire. Nedavno imali smo priliku vidjeti dio njene koreografije kada je nastupila na centralnoj manifestaciji povodom obilje\u017eavanja Dana nezavisnosti BiH u Velikoj Britaniji, u organizaciji BH UK Networka.<\/p>\n<p>Ponosni smo na ELmu i mlade generacije koje uvijek na\u0111u na\u010din da nas \u00a0prijatno iznenade svojom kreativno\u0161\u0107u.<\/p>\n<p>Naravno da su sretni i ponosni i roditelji, kako postignutim rezultatom tako i izborom teme. Otac Samir je iz Banjaluke, a majka iz Senja.<em> \u201cDanas nas je Elma sve u\u010dinila vrlo ponosnima, ne samo zato \u0161to je postigla najvi\u0161u ocjenu iz svog li\u010dnog projekta i osigurala svoje mjesto na ISL koled\u017eu, ve\u0107 nas je u\u010dinila ponosnijim onim \u0161to je odabrala za svoju temu i kako predstavlja zemlju svog porijekla. Ples koji predstavlja historiju bosanskog rata. Napisana u 4000 rije\u010di i koreografiji koju je sama izradila. Zaista inspirativna. Bravo, draga moja i puno sre\u0107e na va\u0161em obrazovnom putu\u201d<\/em>, izjavila je ponosna mama Irma.<\/p>\n<p>Uz \u010destitke \u0161to na kreativan na\u010din podi\u017ee svijest o ratu u na\u0161oj domovini, Elmi \u017eelimo mnogo sre\u0107e u daljnjem \u0161kolovanju.<\/p>\n<p>BH UK Network<\/p>\n<p>&nbsp;<\/p>\n<p><a class=\"dt-pswp-item\" href=https:\/\/bosniauknetwork.org\/wp-content\/uploads\/2021\/05\/elma1.jpg\" data-dt-img-description=\"\" data-large_image_width=\"720\" data-large_image_height=\"720\"><img fetchpriority=\"high\" class=\"alignnone wp-image-6916\" src=https:\/\/bosniauknetwork.org\/wp-content\/uploads\/2021\/05\/elma1.jpg\" alt=\"\" width=\"1061\" height=\"1061\" \/><\/a><\/p>\n<p>&nbsp;<\/p>\n<p><a class=\"dt-pswp-item\" href=https:\/\/bosniauknetwork.org\/wp-content\/uploads\/2021\/05\/Porodica-Jakupovic.jpg\" data-dt-img-description=\"\" data-large_image_width=\"960\" data-large_image_height=\"720\"><img class=\"alignnone wp-image-6924\" src=https:\/\/bosniauknetwork.org\/wp-content\/uploads\/2021\/05\/Porodica-Jakupovic.jpg\" alt=\"\" width=\"1012\" height=\"759\" \/><\/a><\/p>\n","protected":false},"excerpt":{"rendered":"<p>\u0160esnaestogodi\u0161nja Elma i njen mla\u0111i brat ro\u0111eni su u Londonu. Odrasli su u porodi\u010dnoj atmosferi gdje je neizbje\u017ena tema nedavni rat u domovini njenih roditelja.\u00a0 Poha\u0111a nastavu na presti\u017enoj Medjunarodnoj [&hellip;]<\/p>\n","protected":false},"author":1,"featured_media":12147,"comment_status":"closed","ping_status":"closed","sticky":false,"template":"","format":"standard","meta":{"site-sidebar-layout":"default","site-content-layout":"","ast-site-content-layout":"default","site-content-style":"default","site-sidebar-style":"default","ast-global-header-display":"","ast-banner-title-visibility":"","ast-main-header-display":"","ast-hfb-above-header-display":"","ast-hfb-below-header-display":"","ast-hfb-mobile-header-display":"","site-post-title":"","ast-breadcrumbs-content":"","ast-featured-img":"","footer-sml-layout":"","ast-disable-related-posts":"","theme-transparent-header-meta":"","adv-header-id-meta":"","stick-header-meta":"","header-above-stick-meta":"","header-main-stick-meta":"","header-below-stick-meta":"","astra-migrate-meta-layouts":"default","ast-page-background-enabled":"default","ast-page-background-meta":{"desktop":{"background-color":"","background-image":"","background-repeat":"repeat","background-position":"center center","background-size":"auto","background-attachment":"scroll","background-type":"","background-media":"","overlay-type":"","overlay-color":"","overlay-opacity":"","overlay-gradient":""},"tablet":{"background-color":"","background-image":"","background-repeat":"repeat","background-position":"center center","background-size":"auto","background-attachment":"scroll","background-type":"","background-media":"","overlay-type":"","overlay-color":"","overlay-opacity":"","overlay-gradient":""},"mobile":{"background-color":"","background-image":"","background-repeat":"repeat","background-position":"center center","background-size":"auto","background-attachment":"scroll","background-type":"","background-media":"","overlay-type":"","overlay-color":"","overlay-opacity":"","overlay-gradient":""}},"ast-content-background-meta":{"desktop":{"background-color":"var(--ast-global-color-5)","background-image":"","background-repeat":"repeat","background-position":"center center","background-size":"auto","background-attachment":"scroll","background-type":"","background-media":"","overlay-type":"","overlay-color":"","overlay-opacity":"","overlay-gradient":""},"tablet":{"background-color":"var(--ast-global-color-5)","background-image":"","background-repeat":"repeat","background-position":"center center","background-size":"auto","background-attachment":"scroll","background-type":"","background-media":"","overlay-type":"","overlay-color":"","overlay-opacity":"","overlay-gradient":""},"mobile":{"background-color":"var(--ast-global-color-5)","background-image":"","background-repeat":"repeat","background-position":"center center","background-size":"auto","background-attachment":"scroll","background-type":"","background-media":"","overlay-type":"","overlay-color":"","overlay-opacity":"","overlay-gradient":""}},"_themeisle_gutenberg_block_has_review":false,"footnotes":""},"categories":[6],"tags":[],"class_list":["post-6914","post","type-post","status-publish","format-standard","has-post-thumbnail","hentry","category-news-updates"],"_links":{"self":[{"href":"https:\/\/bosniauknetwork.org\/bs\/wp-json\/wp\/v2\/posts\/6914","targetHints":{"allow":["GET"]}}],"collection":[{"href":"https:\/\/bosniauknetwork.org\/bs\/wp-json\/wp\/v2\/posts"}],"about":[{"href":"https:\/\/bosniauknetwork.org\/bs\/wp-json\/wp\/v2\/types\/post"}],"author":[{"embeddable":true,"href":"https:\/\/bosniauknetwork.org\/bs\/wp-json\/wp\/v2\/users\/1"}],"replies":[{"embeddable":true,"href":"https:\/\/bosniauknetwork.org\/bs\/wp-json\/wp\/v2\/comments?post=6914"}],"version-history":[{"count":0,"href":"https:\/\/bosniauknetwork.org\/bs\/wp-json\/wp\/v2\/posts\/6914\/revisions"}],"wp:featuredmedia":[{"embeddable":true,"href":"https:\/\/bosniauknetwork.org\/bs\/wp-json\/wp\/v2\/media\/12147"}],"wp:attachment":[{"href":"https:\/\/bosniauknetwork.org\/bs\/wp-json\/wp\/v2\/media?parent=6914"}],"wp:term":[{"taxonomy":"category","embeddable":true,"href":"https:\/\/bosniauknetwork.org\/bs\/wp-json\/wp\/v2\/categories?post=6914"},{"taxonomy":"post_tag","embeddable":true,"href":"https:\/\/bosniauknetwork.org\/bs\/wp-json\/wp\/v2\/tags?post=6914"}],"curies":[{"name":"wp","href":"https:\/\/api.w.org\/{rel}","templated":true}]}}