{"id":7106,"date":"2021-09-27T11:39:32","date_gmt":"2021-09-27T11:39:32","guid":{"rendered":"https:\/\/bosniauknetwork.org\/kampanja-javne-diplomatije-12-dana-mira-bosanci-i-hercegovci-o-domovini-zemlji-mira-i-suzivota\/"},"modified":"2021-09-27T11:39:32","modified_gmt":"2021-09-27T11:39:32","slug":"kampanja-javne-diplomatije-12-dana-mira-bosanci-i-hercegovci-o-domovini-zemlji-mira-i-suzivota","status":"publish","type":"post","link":"https:\/\/bosniauknetwork.org\/bs\/kampanja-javne-diplomatije-12-dana-mira-bosanci-i-hercegovci-o-domovini-zemlji-mira-i-suzivota\/","title":{"rendered":"Kampanja javne diplomatije \\&#8221;12 dana mira\\&#8221;: Bosanci i Hercegovci o domovini, zemlji mira i su\u017eivota"},"content":{"rendered":"<div class=\"kvgmc6g5 cxmmr5t8 oygrvhab hcukyx3x c1et5uql ii04i59q\">\n<div dir=\"auto\">Povodom obilje\u017eavanja Svjetskog dana mira, 21.09. Ministarstvo vanjskih poslova Bosne i Hercegovine pokrenulo je prvu koordiniranu kampanju javne diplomatije pod nazivom &#8220;12 dana mira&#8221;, s ciljem pozicioniranja na\u0161e dr\u017eave kao zemlje mira, slobode i su\u017eivota, gdje \u0107e umjetnici, djeca i mladi ljudi iz Bosne i Hercegovine svojim sudjelovanjem pomo\u0107i kampanji i doprinijeti promociji na\u0161e zemlje, i promociji ideje mira kao univerzalne vrijednosti svih zemalja svijeta.<\/div>\n<\/div>\n<div class=\"o9v6fnle cxmmr5t8 oygrvhab hcukyx3x c1et5uql ii04i59q\">\n<div dir=\"auto\">Paralelno sa aktivnostima u zemlji, planirano je da se u organizaciji BH diplomatsko-konzularnih predstavni\u0161tava u svijetu, me\u0111unarodnoj javnosti Bosna i Hercegovina predstavi kao mirno i sigurno mjesto i zemlja u koju su svi dobrodo\u0161li. Ujedno \u0107e se predstavnici zahvaliti gra\u0111anima i vladama zemalja koje su ulagale u obnovu, oporavak i razvoj BiH svih ovih godina.<\/div>\n<\/div>\n<div class=\"o9v6fnle cxmmr5t8 oygrvhab hcukyx3x c1et5uql ii04i59q\">\n<div dir=\"auto\">Ambasada BiH London, u suradnji sa lokalnom zajednicom i organizacijama, umjetnicima, organizacijama BH dijaspore u UK i BH dopunskim \u0161kolama u UK, tako\u0111e je pripremila nekoliko doga\u0111aja ovim povodom, i jo\u0161 uvijek se svi zainteresirani BH gra\u0111ani u UK mogu uklju\u010diti u njihovu realizaciju.<\/div>\n<\/div>\n<div class=\"o9v6fnle cxmmr5t8 oygrvhab hcukyx3x c1et5uql ii04i59q\">\n<div dir=\"auto\">Sretni smo i ponosni \u0161to je ova kampanja pokrenuta i \u0161to mo\u017eemo dati svoj doprinos, promoviraju\u0107i univerzalne vrijednosti i na\u0161u domovinu Bosnu i Hercegovinu, BH dijasporu u UK, kao i dobre kontakte i suradnju sa lokalnom zajednicom i zemljom doma\u0107inom &#8211; Ujedinjenim Kraljevstvom.<\/div>\n<\/div>\n<div class=\"o9v6fnle cxmmr5t8 oygrvhab hcukyx3x c1et5uql ii04i59q\">\n<div dir=\"auto\">Kampanja je u tijeku i ovih dana \u010dita\u0107ete vi\u0161e o svim inspirativnim pri\u010dama iz mnogih BH ambasada nastalim ovim povodom, kao i o eventima u organizaciji Ambasade BiH u Londonu. <span class=\"pq6dq46d tbxw36s4 knj5qynh kvgmc6g5 ditlmg2l oygrvhab nvdbi5me sf5mxxl7 gl3lb2sf hhz5lgdu\"><img decoding=\"async\" src=\"https:\/\/static.xx.fbcdn.net\/images\/emoji.php\/v9\/t48\/2\/16\/1f1e7_1f1e6.png\" alt=\"\ud83c\udde7\ud83c\udde6\" width=\"16\" height=\"16\" title=\"Kampanja javne diplomatije \\&quot;12 dana mira\\&quot;: Bosanci i Hercegovci o domovini, zemlji mira i su\u017eivota\"><\/span><span class=\"pq6dq46d tbxw36s4 knj5qynh kvgmc6g5 ditlmg2l oygrvhab nvdbi5me sf5mxxl7 gl3lb2sf hhz5lgdu\"><img decoding=\"async\" src=\"https:\/\/static.xx.fbcdn.net\/images\/emoji.php\/v9\/tf5\/2\/16\/1f1ec_1f1e7.png\" alt=\"\ud83c\uddec\ud83c\udde7\" width=\"16\" height=\"16\" title=\"Kampanja javne diplomatije \\&quot;12 dana mira\\&quot;: Bosanci i Hercegovci o domovini, zemlji mira i su\u017eivota\"><\/span><span class=\"pq6dq46d tbxw36s4 knj5qynh kvgmc6g5 ditlmg2l oygrvhab nvdbi5me sf5mxxl7 gl3lb2sf hhz5lgdu\"><img decoding=\"async\" src=\"https:\/\/static.xx.fbcdn.net\/images\/emoji.php\/v9\/t87\/2\/16\/1f451.png\" alt=\"\ud83d\udc51\" width=\"16\" height=\"16\" title=\"Kampanja javne diplomatije \\&quot;12 dana mira\\&quot;: Bosanci i Hercegovci o domovini, zemlji mira i su\u017eivota\"><\/span><\/div>\n<div dir=\"auto\"><\/div>\n<div dir=\"auto\"><span class=\"pq6dq46d tbxw36s4 knj5qynh kvgmc6g5 ditlmg2l oygrvhab nvdbi5me sf5mxxl7 gl3lb2sf hhz5lgdu\">Samra Koricic Mujkic, MSc<br \/>\nI Secretary<br \/>\nEmbassy of Bosnia and Herzegovina in London<\/span><\/div>\n<div dir=\"auto\"><a class=\"dt-pswp-item\" href=https:\/\/bosniauknetwork.org\/wp-content\/uploads\/2021\/09\/5616970.jpg\" data-dt-img-description=\"\" data-large_image_width=\"736\" data-large_image_height=\"1024\"><img loading=\"lazy\" class=\"alignnone wp-image-7107\" src=https:\/\/bosniauknetwork.org\/wp-content\/uploads\/2021\/09\/5616970.jpg\" alt=\"\" width=\"1159\" height=\"1613\" \/><\/a><\/div>\n<\/div>\n","protected":false},"excerpt":{"rendered":"<p>Povodom obilje\u017eavanja Svjetskog dana mira, 21.09. Ministarstvo vanjskih poslova Bosne i Hercegovine pokrenulo je prvu koordiniranu kampanju javne diplomatije pod nazivom &#8220;12 dana mira&#8221;, s ciljem pozicioniranja na\u0161e dr\u017eave kao [&hellip;]<\/p>\n","protected":false},"author":1,"featured_media":12201,"comment_status":"closed","ping_status":"closed","sticky":false,"template":"","format":"standard","meta":{"site-sidebar-layout":"default","site-content-layout":"","ast-site-content-layout":"default","site-content-style":"default","site-sidebar-style":"default","ast-global-header-display":"","ast-banner-title-visibility":"","ast-main-header-display":"","ast-hfb-above-header-display":"","ast-hfb-below-header-display":"","ast-hfb-mobile-header-display":"","site-post-title":"","ast-breadcrumbs-content":"","ast-featured-img":"","footer-sml-layout":"","ast-disable-related-posts":"","theme-transparent-header-meta":"","adv-header-id-meta":"","stick-header-meta":"","header-above-stick-meta":"","header-main-stick-meta":"","header-below-stick-meta":"","astra-migrate-meta-layouts":"default","ast-page-background-enabled":"default","ast-page-background-meta":{"desktop":{"background-color":"","background-image":"","background-repeat":"repeat","background-position":"center center","background-size":"auto","background-attachment":"scroll","background-type":"","background-media":"","overlay-type":"","overlay-color":"","overlay-opacity":"","overlay-gradient":""},"tablet":{"background-color":"","background-image":"","background-repeat":"repeat","background-position":"center center","background-size":"auto","background-attachment":"scroll","background-type":"","background-media":"","overlay-type":"","overlay-color":"","overlay-opacity":"","overlay-gradient":""},"mobile":{"background-color":"","background-image":"","background-repeat":"repeat","background-position":"center center","background-size":"auto","background-attachment":"scroll","background-type":"","background-media":"","overlay-type":"","overlay-color":"","overlay-opacity":"","overlay-gradient":""}},"ast-content-background-meta":{"desktop":{"background-color":"var(--ast-global-color-5)","background-image":"","background-repeat":"repeat","background-position":"center center","background-size":"auto","background-attachment":"scroll","background-type":"","background-media":"","overlay-type":"","overlay-color":"","overlay-opacity":"","overlay-gradient":""},"tablet":{"background-color":"var(--ast-global-color-5)","background-image":"","background-repeat":"repeat","background-position":"center center","background-size":"auto","background-attachment":"scroll","background-type":"","background-media":"","overlay-type":"","overlay-color":"","overlay-opacity":"","overlay-gradient":""},"mobile":{"background-color":"var(--ast-global-color-5)","background-image":"","background-repeat":"repeat","background-position":"center center","background-size":"auto","background-attachment":"scroll","background-type":"","background-media":"","overlay-type":"","overlay-color":"","overlay-opacity":"","overlay-gradient":""}},"_themeisle_gutenberg_block_has_review":false,"footnotes":""},"categories":[6],"tags":[],"class_list":["post-7106","post","type-post","status-publish","format-standard","has-post-thumbnail","hentry","category-news-updates"],"_links":{"self":[{"href":"https:\/\/bosniauknetwork.org\/bs\/wp-json\/wp\/v2\/posts\/7106","targetHints":{"allow":["GET"]}}],"collection":[{"href":"https:\/\/bosniauknetwork.org\/bs\/wp-json\/wp\/v2\/posts"}],"about":[{"href":"https:\/\/bosniauknetwork.org\/bs\/wp-json\/wp\/v2\/types\/post"}],"author":[{"embeddable":true,"href":"https:\/\/bosniauknetwork.org\/bs\/wp-json\/wp\/v2\/users\/1"}],"replies":[{"embeddable":true,"href":"https:\/\/bosniauknetwork.org\/bs\/wp-json\/wp\/v2\/comments?post=7106"}],"version-history":[{"count":0,"href":"https:\/\/bosniauknetwork.org\/bs\/wp-json\/wp\/v2\/posts\/7106\/revisions"}],"wp:featuredmedia":[{"embeddable":true,"href":"https:\/\/bosniauknetwork.org\/bs\/wp-json\/wp\/v2\/media\/12201"}],"wp:attachment":[{"href":"https:\/\/bosniauknetwork.org\/bs\/wp-json\/wp\/v2\/media?parent=7106"}],"wp:term":[{"taxonomy":"category","embeddable":true,"href":"https:\/\/bosniauknetwork.org\/bs\/wp-json\/wp\/v2\/categories?post=7106"},{"taxonomy":"post_tag","embeddable":true,"href":"https:\/\/bosniauknetwork.org\/bs\/wp-json\/wp\/v2\/tags?post=7106"}],"curies":[{"name":"wp","href":"https:\/\/api.w.org\/{rel}","templated":true}]}}