{"id":7135,"date":"2021-10-19T09:50:55","date_gmt":"2021-10-19T09:50:55","guid":{"rendered":"https:\/\/bosniauknetwork.org\/druzenje-bosanaca-i-hercegovaca-u-finskoj-povratak-u-domovinu-je-plan-a\/"},"modified":"2021-10-19T09:50:55","modified_gmt":"2021-10-19T09:50:55","slug":"druzenje-bosanaca-i-hercegovaca-u-finskoj-povratak-u-domovinu-je-plan-a","status":"publish","type":"post","link":"https:\/\/bosniauknetwork.org\/bs\/druzenje-bosanaca-i-hercegovaca-u-finskoj-povratak-u-domovinu-je-plan-a\/","title":{"rendered":"Dru\u017eenje Bosanaca i Hercegovaca u Finskoj: Povratak u domovinu je plan A"},"content":{"rendered":"<div class=\"item__subtitle\">Da bi opstali, moramo biti jaki, a jaki smo onoliko koliko smo slo\u017eni, poruka je koju su poslali u\u010desnici seminara &#8220;Bosanci u Finskoj 2030. godine&#8221;<\/div>\n<div class=\"itemFullText\">\n<p>Jesenje jutarnje sunce je rastjeralo ki\u0161u u subotu ujutro <em>25. septembra 2021. godine<\/em>, u finskom gradu Turku, i najavilo lijep i\u00a0sun\u010dan dan. Parkirna mjesta su se polako popunjavala ispred kampa Ahtela i broj prisutnih bosanskohercegova\u010dkih gra\u0111ana je rastao.\u00a0Doma\u0107ini su do\u010dekivali goste na ulazu po\u017eeljev\u0161i im dobrodo\u0161licu.<\/p>\n<\/div>\n<blockquote><p><em><strong>Bosanski kulturni centar u Finskoj <\/strong><\/em>(BKC), u saradnji sa <em><strong>Udru\u017eenjem logora\u0161a u Finskoj<\/strong><\/em>,\u00a0organizovao je seminar &#8220;Bosanci u Finskoj 2030. godine&#8221;, kako bi poku\u0161ali skupiti jedan dio bh. gra\u0111ana u Finskoj\u00a0sa fokusom na \u0161kolovanoj\u00a0omladini, i razgovarati na temu strategije za o\u010duvanje bh. kulture uz jo\u0161 bolju integraciju u finsko dru\u0161tvo.<\/p><\/blockquote>\n<p>&nbsp;<\/p>\n<p>&nbsp;<\/p>\n<figure id=\"attachment_7137\" aria-describedby=\"caption-attachment-7137\" style=\"width: 1920px\" class=\"wp-caption alignnone\"><a class=\"dt-pswp-item\" href=https:\/\/bosniauknetwork.org\/wp-content\/uploads\/2021\/10\/Seminar-22Bosanci-u-Finskoj-2030.-godine22BKC-Finska.jpg\" data-dt-img-description=\"\" data-large_image_width=\"1920\" data-large_image_height=\"1440\"><img fetchpriority=\"high\" class=\"wp-image-7137 size-full\" src=https:\/\/bosniauknetwork.org\/wp-content\/uploads\/2021\/10\/Seminar-22Bosanci-u-Finskoj-2030.-godine22BKC-Finska.jpg\" alt=\"\" width=\"1920\" height=\"1440\" \/><\/a><figcaption id=\"caption-attachment-7137\" class=\"wp-caption-text\"><em><strong>Seminar &#8220;Bosanci u Finskoj 2030. godine&#8221;\/BKC Finska<\/strong><\/em><\/figcaption><\/figure>\n<p>&nbsp;<\/p>\n<p>U\u010desnici su zauzeli mjesta i seminar je po\u010deo u ta\u010dno dogovoreno vrijeme. Nakon pozdrava i dobrodo\u0161lice od strane organizatora, prisutnima se putem video linka obratila ambasadorica Bosne i Hercegovine\u00a0u \u0160vedskoj <strong>Elvira Dilberovi\u0107<\/strong>, upoznavaju\u0107i prisutne sa aktuelnostima iz Ambasade. Po\u010dasne go\u0161\u0107e <strong>Kirsti \u0160pehar <\/strong>i <strong>Pirjo \u0160ehi\u0107 <\/strong>su se obratile, na i dalje dobrom bosanskom jeziku, podsje\u0107aju\u0107i na istoriju dolaska prvih bh. gra\u0111ana u Finsku, tek oslobo\u0111enih iz logora,\u00a0na stvaranje prvih bh. organizacija u Finskoj,\u00a0kao i pomo\u0107i u povratku nakon rata u Bosni i Hercegovini.<\/p>\n<figure id=\"attachment_7138\" aria-describedby=\"caption-attachment-7138\" style=\"width: 1920px\" class=\"wp-caption alignnone\"><a class=\"dt-pswp-item\" href=https:\/\/bosniauknetwork.org\/wp-content\/uploads\/2021\/10\/Kako-o\u010duvati-bh.-kulturu-u-Finskoj-BKC-Finska.jpg\" data-dt-img-description=\"\" data-large_image_width=\"1920\" data-large_image_height=\"1080\"><img class=\"wp-image-7138 size-full\" src=https:\/\/bosniauknetwork.org\/wp-content\/uploads\/2021\/10\/Kako-o\u010duvati-bh.-kulturu-u-Finskoj-BKC-Finska.jpg\" alt=\"\" width=\"1920\" height=\"1080\" \/><\/a><figcaption id=\"caption-attachment-7138\" class=\"wp-caption-text\"><em><strong>Kako o\u010duvati bh. kulturu u Finskoj\/ BKC Finska<\/strong><\/em><\/figcaption><\/figure>\n<p>&nbsp;<\/p>\n<p>Slijede\u0107i po\u010dasni gost ispred <strong><em>Saveza bh. udru\u017eenja u \u0160vedskoj <\/em>Muhamed Mujaki\u0107<\/strong> je predstavio Savez i organizovanje na\u0161ih gra\u0111ana u \u0160vedskoj, \u0161to je pomno pra\u0107eno, jer se bh. gra\u0111ani u Finskoj \u017eele bolje povezati sa \u0160vedskom. Nakon toga su se predstavile prisutne organizacije iz Finske, i pre\u0161lo se na predstavljanje sada\u0161njeg stanja bh. gra\u0111ana u Finskoj kroz projekat <em><strong>&#8220;Bosanci u Finskoj 2030. godine&#8221;<\/strong><\/em>.<\/p>\n<figure id=\"attachment_7139\" aria-describedby=\"caption-attachment-7139\" style=\"width: 1920px\" class=\"wp-caption alignnone\"><a class=\"dt-pswp-item\" href=https:\/\/bosniauknetwork.org\/wp-content\/uploads\/2021\/10\/Omladinska-grupa-Finska.jpg\" data-dt-img-description=\"\" data-large_image_width=\"1920\" data-large_image_height=\"1440\"><img class=\"wp-image-7139 size-full\" src=https:\/\/bosniauknetwork.org\/wp-content\/uploads\/2021\/10\/Omladinska-grupa-Finska.jpg\" alt=\"\" width=\"1920\" height=\"1440\" \/><\/a><figcaption id=\"caption-attachment-7139\" class=\"wp-caption-text\"><em><strong>Omladinska grupa <\/strong><\/em><\/figcaption><\/figure>\n<p>&nbsp;<\/p>\n<figure id=\"attachment_7141\" aria-describedby=\"caption-attachment-7141\" style=\"width: 1824px\" class=\"wp-caption alignnone\"><a class=\"dt-pswp-item\" href=https:\/\/bosniauknetwork.org\/wp-content\/uploads\/2021\/10\/Po\u010dasna-predsjednica-Kirsti-\u0160pehar-je-do\u0161la-iz-Hrvatske-na-seminar-i-govorila-o-osnivanju-prvih-bh.-organizacija-u-Finskoj-1993.-godine-BKC-Finska.jpg\" data-dt-img-description=\"\" data-large_image_width=\"1824\" data-large_image_height=\"840\"><img loading=\"lazy\" class=\"wp-image-7141 size-full\" src=https:\/\/bosniauknetwork.org\/wp-content\/uploads\/2021\/10\/Po\u010dasna-predsjednica-Kirsti-\u0160pehar-je-do\u0161la-iz-Hrvatske-na-seminar-i-govorila-o-osnivanju-prvih-bh.-organizacija-u-Finskoj-1993.-godine-BKC-Finska.jpg\" alt=\"\" width=\"1824\" height=\"840\" \/><\/a><figcaption id=\"caption-attachment-7141\" class=\"wp-caption-text\"><em><strong>Po\u010dasna predsjednica Kirsti \u0160pehar je do\u0161la iz Hrvatske na seminar i govorila o osnivanju prvih bh. organizacija u Finskoj 1993. godine\/ BKC Finska<\/strong><\/em><\/figcaption><\/figure>\n<p>&nbsp;<\/p>\n<p>Menad\u017eer projekta <strong>Ne\u0111ad Jakupovi\u0107 <\/strong>je podsjetio, da je zbog pandemije ovaj seminar pomjeren i da je trebao biti odr\u017ean puno ranije. Pandemija i zabrana okupljanja je ipak iskori\u0161tena da se bolje pripremi seminar i uradi jo\u0161 kvalitetnije analiza sada\u0161njeg stanja na\u0161ih gra\u0111ana u Finskoj, jer budu\u0107nost ne mo\u017eemo planirati ako nemamo realnu sliku sada\u0161njosti. BKC je uradio dokument &#8220;Bosanskohercegova\u010dki gra\u0111ani u Finskoj &#8211; analiza stanja&#8221;, zasnovan na zvani\u010dnim podacima i \u010dinjenicama, koji \u0107e biti javno objavljen. Iz dokumenta se mo\u017ee zaklju\u010diti\u00a0da dijaspore iz biv\u0161e SFR Jugoslavije nije ni bilo u Finskoj ranije &#8211;\u00a0prvi doseljenici su bh. gra\u0111ani koji su protjerani tokom agresije na BiH u periodu 1992-1995. godina, a i uop\u0161teno dijaspora i doseljenici su pojam novijeg datuma u Finskoj, negdje od \\'90-ih godina. Gra\u0111ana Finske, \u010diji maternji jezik nije finski, je oko 8 % od ukupne populacije u Finskoj od 5,5 miliona, a od ukupnog broja doseljenika bh. gra\u0111ani \u010dine 1 % , tako da su <strong><em>bh. gra\u0111ani manjina u manjini<\/em><\/strong>. Broj bh. gra\u0111ana u Finskoj, prvenstveno Bo\u0161njaka, je oko 3.500, a broj Srba i Hrvata nekoliko stotina. Iz dokumenta je prikazano jo\u0161 i\u00a0da je starosna struktura na\u0161ih gra\u0111ana povoljna\u00a0jer ve\u0107inu \u010dine mladi, da je procenat zaposlenosti dobar i integracija u finsko dru\u0161tvo na zavidnom nivou. Iz dokumenta se mo\u017ee uo\u010diti da aktivnih bh. organizacija nema puno, i da bi bilo dobro pove\u0107ati broj u\u010denika na \u010dasovima bosanskog jezika u finskim \u0161kolama. Istaknuto je\u00a0da je &#8220;Bh. gra\u0111ani u Finskoj 2030. godine&#8221;\u00a0ustvari plan B, a <em><strong>plan A je povratak u maticu Bosnu i Hercegovinu<\/strong><\/em>.<\/p>\n<div class=\"se-embed se-embed--photo\">\n<p>&nbsp;<\/p>\n<figure id=\"attachment_7140\" aria-describedby=\"caption-attachment-7140\" style=\"width: 1920px\" class=\"wp-caption alignnone\"><a class=\"dt-pswp-item\" href=https:\/\/bosniauknetwork.org\/wp-content\/uploads\/2021\/10\/U-Finskoj-bh.-gra\u0111ani-su-manjina-u-manjini-BKC-Finska.jpg\" data-dt-img-description=\"\" data-large_image_width=\"1920\" data-large_image_height=\"888\"><img loading=\"lazy\" class=\"wp-image-7140 size-full\" src=https:\/\/bosniauknetwork.org\/wp-content\/uploads\/2021\/10\/U-Finskoj-bh.-gra\u0111ani-su-manjina-u-manjini-BKC-Finska.jpg\" alt=\"\" width=\"1920\" height=\"888\" \/><\/a><figcaption id=\"caption-attachment-7140\" class=\"wp-caption-text\"><em><strong>U Finskoj, bh. gra\u0111ani su manjina u manjini\/ BKC Finska<\/strong><\/em><\/figcaption><\/figure>\n<p>Nakon obra\u0107anja gostiju, predstavljanja organizacija i projekta, napravljena je pauza za ru\u010dak\u00a0gdje su nu\u0111eni bosanski specijaliteti. Rad je poslije ru\u010dka nastavljen po grupama, na razli\u010dite teme vezane za bh. gra\u0111ane u Finskoj. Na kraju je ura\u0111en zapisnik sa prijedlozima za budu\u0107i rad, u kojem su su izme\u0111u ostalih na\u0161li sljede\u0107i prijedlozi: <em>uvezati bh. gra\u0111ane u Finskoj u neku bh. mre\u017eu ili Savez, povezati se vi\u0161e sa \u0160vedskom i sa BiH, poku\u0161ati vi\u0161e aktivirati bh. omladinu, raditi na afirmaciji bosanskog jezika i kulture, kao i na saradnji izme\u0111u postoje\u0107ih bh. organizacija, i da na\u0161a strategija mora biti ukrupnjavanje a ne usitnjavanje<\/em>.<\/p>\n<\/div>\n<div>\n<p>&nbsp;<\/p>\n<figure id=\"attachment_7142\" aria-describedby=\"caption-attachment-7142\" style=\"width: 1920px\" class=\"wp-caption alignnone\"><a class=\"dt-pswp-item\" href=https:\/\/bosniauknetwork.org\/wp-content\/uploads\/2021\/10\/Potrebno-je-bolje-uvezivanje-sa-\u0160vedskom-BKC-Finska.jpg\" data-dt-img-description=\"\" data-large_image_width=\"1920\" data-large_image_height=\"1080\"><img loading=\"lazy\" class=\"wp-image-7142 size-full\" src=https:\/\/bosniauknetwork.org\/wp-content\/uploads\/2021\/10\/Potrebno-je-bolje-uvezivanje-sa-\u0160vedskom-BKC-Finska.jpg\" alt=\"\" width=\"1920\" height=\"1080\" \/><\/a><figcaption id=\"caption-attachment-7142\" class=\"wp-caption-text\"><strong><em>Potrebno je bolje uvezivanje sa \u0160vedskom\/ BKC Finska<\/em><\/strong><\/figcaption><\/figure>\n<p>&nbsp;<\/p>\n<p><em>&#8211; Da bi opstali, moramo biti jaki, a jaki smo onoliko koliko smo slo\u017eni<\/em>, poruka je koju su u\u010desnici poslali.<\/p>\n<p>Na kraju seminara prisutni su mogli pogledati izlo\u017ebu slika na temu <em><strong>&#8220;Bosna&#8221;<\/strong><\/em>\u00a0likovnog umjetnika iz Helsinkija <strong>Mirze \u010cizmi\u0107a<\/strong>, a dru\u017eenje se nastavilo uz muziku do kasno u no\u0107. Na seminaru je bilo prisutno 85 osoba, a ostali su seminar pratili preko interneta. Organizatori se zahvaljuju svima koji su u\u010destvovali u ovom projektu, sve je odra\u0111eno na dobrovoljnoj bazi a organizacija je bila na zavidnom nivou.<\/p>\n<p><strong>Ne\u0111ad Jakupovi\u0107<\/strong> <em><strong>&#8211; Bosanski kulturni centar u Finskoj &#8211; BKC<\/strong><\/em><\/p>\n<\/div>\n<p><em>Preuzeto sa mojabih.oslobodjenje.ba<\/em><\/p>\n","protected":false},"excerpt":{"rendered":"<p>Da bi opstali, moramo biti jaki, a jaki smo onoliko koliko smo slo\u017eni, poruka je koju su poslali u\u010desnici seminara &#8220;Bosanci u Finskoj 2030. godine&#8221; Jesenje jutarnje sunce je rastjeralo [&hellip;]<\/p>\n","protected":false},"author":1,"featured_media":12232,"comment_status":"closed","ping_status":"closed","sticky":false,"template":"","format":"standard","meta":{"site-sidebar-layout":"default","site-content-layout":"","ast-site-content-layout":"default","site-content-style":"default","site-sidebar-style":"default","ast-global-header-display":"","ast-banner-title-visibility":"","ast-main-header-display":"","ast-hfb-above-header-display":"","ast-hfb-below-header-display":"","ast-hfb-mobile-header-display":"","site-post-title":"","ast-breadcrumbs-content":"","ast-featured-img":"","footer-sml-layout":"","ast-disable-related-posts":"","theme-transparent-header-meta":"","adv-header-id-meta":"","stick-header-meta":"","header-above-stick-meta":"","header-main-stick-meta":"","header-below-stick-meta":"","astra-migrate-meta-layouts":"default","ast-page-background-enabled":"default","ast-page-background-meta":{"desktop":{"background-color":"","background-image":"","background-repeat":"repeat","background-position":"center center","background-size":"auto","background-attachment":"scroll","background-type":"","background-media":"","overlay-type":"","overlay-color":"","overlay-opacity":"","overlay-gradient":""},"tablet":{"background-color":"","background-image":"","background-repeat":"repeat","background-position":"center center","background-size":"auto","background-attachment":"scroll","background-type":"","background-media":"","overlay-type":"","overlay-color":"","overlay-opacity":"","overlay-gradient":""},"mobile":{"background-color":"","background-image":"","background-repeat":"repeat","background-position":"center center","background-size":"auto","background-attachment":"scroll","background-type":"","background-media":"","overlay-type":"","overlay-color":"","overlay-opacity":"","overlay-gradient":""}},"ast-content-background-meta":{"desktop":{"background-color":"var(--ast-global-color-5)","background-image":"","background-repeat":"repeat","background-position":"center center","background-size":"auto","background-attachment":"scroll","background-type":"","background-media":"","overlay-type":"","overlay-color":"","overlay-opacity":"","overlay-gradient":""},"tablet":{"background-color":"var(--ast-global-color-5)","background-image":"","background-repeat":"repeat","background-position":"center center","background-size":"auto","background-attachment":"scroll","background-type":"","background-media":"","overlay-type":"","overlay-color":"","overlay-opacity":"","overlay-gradient":""},"mobile":{"background-color":"var(--ast-global-color-5)","background-image":"","background-repeat":"repeat","background-position":"center center","background-size":"auto","background-attachment":"scroll","background-type":"","background-media":"","overlay-type":"","overlay-color":"","overlay-opacity":"","overlay-gradient":""}},"_themeisle_gutenberg_block_has_review":false,"footnotes":""},"categories":[6],"tags":[],"class_list":["post-7135","post","type-post","status-publish","format-standard","has-post-thumbnail","hentry","category-news-updates"],"_links":{"self":[{"href":"https:\/\/bosniauknetwork.org\/bs\/wp-json\/wp\/v2\/posts\/7135","targetHints":{"allow":["GET"]}}],"collection":[{"href":"https:\/\/bosniauknetwork.org\/bs\/wp-json\/wp\/v2\/posts"}],"about":[{"href":"https:\/\/bosniauknetwork.org\/bs\/wp-json\/wp\/v2\/types\/post"}],"author":[{"embeddable":true,"href":"https:\/\/bosniauknetwork.org\/bs\/wp-json\/wp\/v2\/users\/1"}],"replies":[{"embeddable":true,"href":"https:\/\/bosniauknetwork.org\/bs\/wp-json\/wp\/v2\/comments?post=7135"}],"version-history":[{"count":0,"href":"https:\/\/bosniauknetwork.org\/bs\/wp-json\/wp\/v2\/posts\/7135\/revisions"}],"wp:featuredmedia":[{"embeddable":true,"href":"https:\/\/bosniauknetwork.org\/bs\/wp-json\/wp\/v2\/media\/12232"}],"wp:attachment":[{"href":"https:\/\/bosniauknetwork.org\/bs\/wp-json\/wp\/v2\/media?parent=7135"}],"wp:term":[{"taxonomy":"category","embeddable":true,"href":"https:\/\/bosniauknetwork.org\/bs\/wp-json\/wp\/v2\/categories?post=7135"},{"taxonomy":"post_tag","embeddable":true,"href":"https:\/\/bosniauknetwork.org\/bs\/wp-json\/wp\/v2\/tags?post=7135"}],"curies":[{"name":"wp","href":"https:\/\/api.w.org\/{rel}","templated":true}]}}