{"id":7173,"date":"2021-10-21T16:46:48","date_gmt":"2021-10-21T16:46:48","guid":{"rendered":"https:\/\/bosniauknetwork.org\/bh-dopunska-skola-birmingham-ponovo-zajedno-u-skolskim-klupama\/"},"modified":"2021-10-21T16:46:48","modified_gmt":"2021-10-21T16:46:48","slug":"bh-dopunska-skola-birmingham-ponovo-zajedno-u-skolskim-klupama","status":"publish","type":"post","link":"https:\/\/bosniauknetwork.org\/bs\/bh-dopunska-skola-birmingham-ponovo-zajedno-u-skolskim-klupama\/","title":{"rendered":"BH dopunska \u0161kola Birmingham: Ponovo zajedno u \u0161kolskim klupama"},"content":{"rendered":"<p>Nakon dugih 18 mjeseci, s nestrpljenjem smo do\u010dekali da se u\u010denici i nastavnici bh.dopunske \u0161kole Birmingham vrate u \u0161kolske klupe. Prostorije Bosanske ku\u0107e su opet bile ispunjene rado\u0161\u0107u i dje\u010dijim glasovima.<span class=\"Apple-converted-space\">\u00a0<\/span><\/p>\n<p><strong>Stav nastavnika i roditelja<span class=\"Apple-converted-space\">\u00a0 <\/span>je kako je veoma va\u017ena \u010dinjenica da se djeca vra\u0107aju u \u0161kolske klupe, u nadi da \u0107e to i potrajati s obzirom na okolnosti pandemije koronavirusa. U subotu se mogla vidjeti radost na licima prisutnih zbog povratka te da su djeca kona\u010dno uspjela vidjeti sve svoje prijatelje \u0161to je mnogo nedostajalo.<a class=\"dt-pswp-item\" href=https:\/\/bosniauknetwork.org\/wp-content\/uploads\/2021\/10\/28.jpg\" data-dt-img-description=\"\" data-large_image_width=\"4032\" data-large_image_height=\"2268\"><img fetchpriority=\"high\" class=\"alignnone size-full wp-image-7176\" src=https:\/\/bosniauknetwork.org\/wp-content\/uploads\/2021\/10\/28.jpg\" alt=\"\" width=\"4032\" height=\"2268\" \/><\/a><\/strong><\/p>\n<p>Odr\u017ean je roditeljski sastanak i izvr\u0161en je upis u\u010denika u novu \u0161kolsku 2021\/2022 godinu. Upisani su slijede\u0107i u\u010denici: Boli\u0107 Aj\u0161a, Halvad\u017ei\u0107 Lejla, Be\u0161i\u0107 Amna, Dergi\u0107 Amila, Zlomu\u017eica Harun, Golo\u0161 Zara, Imamovi\u0107 Kerim, Boli\u0107 \u0106azim, Musi\u0107 Rasim, Solakovi\u0107 Jasmina, Golo\u0161 Ishak, Durmi\u0161evi\u0107 Amila, Moro Francesca, Moro Stella, Had\u017eovi\u0107 Tara, Fawzi Mae, \u0160adi\u0107 Ariyan, Bahtagi\u0107 Neyla, Halilovi\u0107 Selma, Smajlovi\u0107 Belma, Halvad\u017ei\u0107 Aldino, Gazibegovi\u0107 Alem, Dautovi\u0107 Leila, Hani\u0107 Ella,Dergi\u0107 Hana, Gazibegovi\u0107 Adin i Ayla Pezerovi\u0107.<span class=\"Apple-converted-space\">\u00a0<a class=\"dt-pswp-item\" href=https:\/\/bosniauknetwork.org\/wp-content\/uploads\/2021\/10\/22-1.jpg\" data-dt-img-description=\"\" data-large_image_width=\"4032\" data-large_image_height=\"2268\"><img class=\"alignnone size-full wp-image-7177\" src=https:\/\/bosniauknetwork.org\/wp-content\/uploads\/2021\/10\/22-1.jpg\" alt=\"\" width=\"4032\" height=\"2268\" \/><\/a><\/span><\/p>\n<p>Na roditeljskom sastanku su se nastavnici i prisutni roditelji<span class=\"Apple-converted-space\">\u00a0 <\/span>upoznali sa planiranim aktivnostima u Bosanskoj ku\u0107i. Izabrani koordinatori za ovu \u0161kolsku godinu su \u0160emsa Zlomu\u017eica i D\u017eevdana Golo\u0161.<span class=\"Apple-converted-space\">\u00a0<\/span><\/p>\n<p>Ove \u0161kolske godine, nastavnici koji \u0107e podu\u010davati djecu su : Azra Ba\u0161i\u0107, Emir Boli\u0107, Alma Aganovi\u0107 i Eldina Boli\u0107. U\u010ditelji vjeronauke su Mersad Krnji\u0107 i Dedi\u0107 Ada.<span class=\"Apple-converted-space\">\u00a0<a class=\"dt-pswp-item\" href=https:\/\/bosniauknetwork.org\/wp-content\/uploads\/2021\/10\/Azra-Ba\u0161i\u0107-sa-svojom-grupom-u\u010denika-bh.dopunske-\u0161kole-Birmingham-.jpg\" data-dt-img-description=\"\" data-large_image_width=\"1556\" data-large_image_height=\"877\"><img class=\"alignnone size-full wp-image-7183\" src=https:\/\/bosniauknetwork.org\/wp-content\/uploads\/2021\/10\/Azra-Ba\u0161i\u0107-sa-svojom-grupom-u\u010denika-bh.dopunske-\u0161kole-Birmingham-.jpg\" alt=\"\" width=\"1556\" height=\"877\" \/><\/a><\/span><\/p>\n<p>Folklorna sekcija i dalje nastavlja sa radom. Na\u017ealost zbog trenutne zdravstvene situacije instruktorice folklora , na\u0161a draga Fahira Hased\u017ei\u0107, je trenutno odsutna. No to nije sprije\u010dilo, ve\u0107 naprotiv motivisalo je njene u\u010denice koje su zavr\u0161ile bh.dopunsku \u0161kolu Birmingham, da do\u0111u i potpomognu rad folklorne sekcije. Mo\u017eemo samo re\u0107i da smo jako ponosni na dragu Fahiru i njene u\u010denice koje daju sve od sebe da folklor i dalje \u017eivi u prostorijama Bosanske ku\u0107e. Djevojke koje su do\u0161le i podu\u010davale folklor su svoj prvi \u010das odradile divno. Hvala velika slijede\u0107im djevojkama: Amini Meki\u0107, Emini Boli\u0107, Elmi Be\u0161i\u0107, Hani Ceri\u0107, Nejri Gazibegovi\u0107 , Elmi Durmi\u0161evi\u0107 i Sabaheti Fori\u0107 koje \u0107e se potruditi da svoje znanje prenesu na novu generaciju.<span class=\"Apple-converted-space\">\u00a0<a class=\"dt-pswp-item\" href=https:\/\/bosniauknetwork.org\/wp-content\/uploads\/2021\/10\/\u010cas-folklorne-sekcije-u-Bosanskoj-ku\u0107i-oktobar-2021.jpg\" data-dt-img-description=\"\" data-large_image_width=\"1587\" data-large_image_height=\"853\"><img loading=\"lazy\" class=\"alignnone size-full wp-image-7182\" src=https:\/\/bosniauknetwork.org\/wp-content\/uploads\/2021\/10\/\u010cas-folklorne-sekcije-u-Bosanskoj-ku\u0107i-oktobar-2021.jpg\" alt=\"\" width=\"1587\" height=\"853\" \/><\/a><\/span><\/p>\n<p>Nakon roditeljskog sastanka, nastavilo se sa dru\u017eenje uz \u0107evape i poslastice koje je obezbijedila bh.asocijacija Birmingham.<span class=\"Apple-converted-space\">\u00a0<\/span><\/p>\n<p>\u0160kolarci, \u017eelimo vam sretan po\u010detak \u0161kolske godine.<span class=\"Apple-converted-space\">\u00a0<\/span><\/p>\n<p>BH UK Network<\/p>\n<p><a class=\"dt-pswp-item\" href=https:\/\/bosniauknetwork.org\/wp-content\/uploads\/2021\/10\/U\u010denici-bh.dopunske-\u0161kole-u-Bosanskoj-ku\u0107i-oktobar-2021.jpg\" data-dt-img-description=\"\" data-large_image_width=\"1600\" data-large_image_height=\"1200\"><img loading=\"lazy\" class=\"alignnone size-full wp-image-7181\" src=https:\/\/bosniauknetwork.org\/wp-content\/uploads\/2021\/10\/U\u010denici-bh.dopunske-\u0161kole-u-Bosanskoj-ku\u0107i-oktobar-2021.jpg\" alt=\"\" width=\"1600\" height=\"1200\" \/><\/a><\/p>\n<p><a class=\"dt-pswp-item\" href=https:\/\/bosniauknetwork.org\/wp-content\/uploads\/2021\/10\/IMG_4348.jpg\" data-dt-img-description=\"\" data-large_image_width=\"4032\" data-large_image_height=\"2268\"><img loading=\"lazy\" class=\"alignnone size-full wp-image-7185\" src=https:\/\/bosniauknetwork.org\/wp-content\/uploads\/2021\/10\/IMG_4348.jpg\" alt=\"\" width=\"4032\" height=\"2268\" \/><\/a><\/p>\n<p><a class=\"dt-pswp-item\" href=https:\/\/bosniauknetwork.org\/wp-content\/uploads\/2021\/10\/IMG_4358.jpg\" data-dt-img-description=\"\" data-large_image_width=\"4032\" data-large_image_height=\"3024\"><img loading=\"lazy\" class=\"alignnone size-full wp-image-7186\" src=https:\/\/bosniauknetwork.org\/wp-content\/uploads\/2021\/10\/IMG_4358.jpg\" alt=\"\" width=\"4032\" height=\"3024\" \/><\/a><a class=\"dt-pswp-item\" href=https:\/\/bosniauknetwork.org\/wp-content\/uploads\/2021\/10\/IMG_4366.jpg\" data-dt-img-description=\"\" data-large_image_width=\"4032\" data-large_image_height=\"3024\"><img loading=\"lazy\" class=\"alignnone size-full wp-image-7187\" src=https:\/\/bosniauknetwork.org\/wp-content\/uploads\/2021\/10\/IMG_4366.jpg\" alt=\"\" width=\"4032\" height=\"3024\" \/><\/a><\/p>\n","protected":false},"excerpt":{"rendered":"<p>Nakon dugih 18 mjeseci, s nestrpljenjem smo do\u010dekali da se u\u010denici i nastavnici bh.dopunske \u0161kole Birmingham vrate u \u0161kolske klupe. Prostorije Bosanske ku\u0107e su opet bile ispunjene rado\u0161\u0107u i dje\u010dijim [&hellip;]<\/p>\n","protected":false},"author":1,"featured_media":12222,"comment_status":"closed","ping_status":"closed","sticky":false,"template":"","format":"standard","meta":{"site-sidebar-layout":"default","site-content-layout":"","ast-site-content-layout":"default","site-content-style":"default","site-sidebar-style":"default","ast-global-header-display":"","ast-banner-title-visibility":"","ast-main-header-display":"","ast-hfb-above-header-display":"","ast-hfb-below-header-display":"","ast-hfb-mobile-header-display":"","site-post-title":"","ast-breadcrumbs-content":"","ast-featured-img":"","footer-sml-layout":"","ast-disable-related-posts":"","theme-transparent-header-meta":"","adv-header-id-meta":"","stick-header-meta":"","header-above-stick-meta":"","header-main-stick-meta":"","header-below-stick-meta":"","astra-migrate-meta-layouts":"default","ast-page-background-enabled":"default","ast-page-background-meta":{"desktop":{"background-color":"","background-image":"","background-repeat":"repeat","background-position":"center center","background-size":"auto","background-attachment":"scroll","background-type":"","background-media":"","overlay-type":"","overlay-color":"","overlay-opacity":"","overlay-gradient":""},"tablet":{"background-color":"","background-image":"","background-repeat":"repeat","background-position":"center center","background-size":"auto","background-attachment":"scroll","background-type":"","background-media":"","overlay-type":"","overlay-color":"","overlay-opacity":"","overlay-gradient":""},"mobile":{"background-color":"","background-image":"","background-repeat":"repeat","background-position":"center center","background-size":"auto","background-attachment":"scroll","background-type":"","background-media":"","overlay-type":"","overlay-color":"","overlay-opacity":"","overlay-gradient":""}},"ast-content-background-meta":{"desktop":{"background-color":"var(--ast-global-color-5)","background-image":"","background-repeat":"repeat","background-position":"center center","background-size":"auto","background-attachment":"scroll","background-type":"","background-media":"","overlay-type":"","overlay-color":"","overlay-opacity":"","overlay-gradient":""},"tablet":{"background-color":"var(--ast-global-color-5)","background-image":"","background-repeat":"repeat","background-position":"center center","background-size":"auto","background-attachment":"scroll","background-type":"","background-media":"","overlay-type":"","overlay-color":"","overlay-opacity":"","overlay-gradient":""},"mobile":{"background-color":"var(--ast-global-color-5)","background-image":"","background-repeat":"repeat","background-position":"center center","background-size":"auto","background-attachment":"scroll","background-type":"","background-media":"","overlay-type":"","overlay-color":"","overlay-opacity":"","overlay-gradient":""}},"_themeisle_gutenberg_block_has_review":false,"footnotes":""},"categories":[6],"tags":[18,11,23,8,12,9],"class_list":["post-7173","post","type-post","status-publish","format-standard","has-post-thumbnail","hentry","category-news-updates","tag-bh-asocijacija-birmingham","tag-bh-dijaspora-uk","tag-bh-dopunska-skola-birmingham-ponovo-zajedno-u-skolskim-klupama","tag-bh-uk-network","tag-bosanci-i-hercegovci-u-velikoj-britaniji","tag-bosanska-kuca-birmingham"],"_links":{"self":[{"href":"https:\/\/bosniauknetwork.org\/bs\/wp-json\/wp\/v2\/posts\/7173","targetHints":{"allow":["GET"]}}],"collection":[{"href":"https:\/\/bosniauknetwork.org\/bs\/wp-json\/wp\/v2\/posts"}],"about":[{"href":"https:\/\/bosniauknetwork.org\/bs\/wp-json\/wp\/v2\/types\/post"}],"author":[{"embeddable":true,"href":"https:\/\/bosniauknetwork.org\/bs\/wp-json\/wp\/v2\/users\/1"}],"replies":[{"embeddable":true,"href":"https:\/\/bosniauknetwork.org\/bs\/wp-json\/wp\/v2\/comments?post=7173"}],"version-history":[{"count":0,"href":"https:\/\/bosniauknetwork.org\/bs\/wp-json\/wp\/v2\/posts\/7173\/revisions"}],"wp:featuredmedia":[{"embeddable":true,"href":"https:\/\/bosniauknetwork.org\/bs\/wp-json\/wp\/v2\/media\/12222"}],"wp:attachment":[{"href":"https:\/\/bosniauknetwork.org\/bs\/wp-json\/wp\/v2\/media?parent=7173"}],"wp:term":[{"taxonomy":"category","embeddable":true,"href":"https:\/\/bosniauknetwork.org\/bs\/wp-json\/wp\/v2\/categories?post=7173"},{"taxonomy":"post_tag","embeddable":true,"href":"https:\/\/bosniauknetwork.org\/bs\/wp-json\/wp\/v2\/tags?post=7173"}],"curies":[{"name":"wp","href":"https:\/\/api.w.org\/{rel}","templated":true}]}}