{"id":7201,"date":"2021-11-01T10:04:03","date_gmt":"2021-11-01T10:04:03","guid":{"rendered":"https:\/\/bosniauknetwork.org\/zvanicno-saopstenje-povodom-najavljenog-odlikovanja-izraelskog-historicara-gideona-greifa\/"},"modified":"2021-11-01T10:04:03","modified_gmt":"2021-11-01T10:04:03","slug":"zvanicno-saopstenje-povodom-najavljenog-odlikovanja-izraelskog-historicara-gideona-greifa","status":"publish","type":"post","link":"https:\/\/bosniauknetwork.org\/bs\/zvanicno-saopstenje-povodom-najavljenog-odlikovanja-izraelskog-historicara-gideona-greifa\/","title":{"rendered":"Zvani\u010dno saop\u0161tenje povodom najavljenog odlikovanja izraelskog histori\u010dara Gideona Greifa"},"content":{"rendered":"<p><em>Kao njema\u010dko-bosanskohercegova\u010dka\u00a0mre\u017ea koja zastupa interese bosanskohercegova\u010dke dijaspore u Njema\u010dkoj, \u017eelimo se osvrnuti na najavljeno odlikovanje izraelskog histori\u010dara Gideona Greifa. Nakon prvih medijskih izvje\u0161taja o ovoj najavi dobili smo na desetine poruka ogor\u010denih sugra\u0111ana iz Njema\u010dke i susjednih zemalja koji ne mogu razumjeti takvu \u010dast.<br \/>\n<\/em><br \/>\nU saop\u0107enju citiramo iz skandaloznog zavr\u0161nog izvje\u0161taja takozvane <strong>Nezavisne me\u0111unarodne komisije za istra\u017eivanje stradanja naroda u regiji Srebrenica<\/strong>, pozivamo se na izjavu <strong>zamjenika predsjednika Svjetskog jevrejskog kongresa Menahema Z. Rosensafta<\/strong>, koji je pro\u0161log ljeta o\u0161tro kritikovao komisiju na \u010dijem je \u010delu bio Greif. Pozivamo se i na <strong>presude Me\u0111unarodnog krivi\u010dnog suda za biv\u0161u Jugoslaviju (UN-ov tribunal za ratne zlo\u010dine, skra\u0107eno ICTY) i Me\u0111unarodnog suda pravde (ICJ)<\/strong>. Osim toga, na\u017ealost nepoznate \u0161iroj javnosti, pozivamo se na <strong>presude njema\u010dkih sudova<\/strong> koji su, pored Srebrenice krajem 1990-ih i po\u010detkom 2000-ih, utvrdili genocid i u drugim op\u0161tinama\u00a0u Bosni i Hercegovini u periodu od 1992-1995. Zna\u010dajne dijelove ovih presuda potvrdio je i Evropski sud za ljudska prava u Strazburu. U ovom saop\u0161tenju navodima predmet\u00a0\u201eJorgi\u0107\u201c, predmet \u201eNovislav \u0110aji\u0107\u201c i predmet\u00a0\u201eMaksim Sokolovi\u0107\u201c.<\/p>\n<p>Na kraju, predsjedniku Steinmeieru preporu\u010dili smo projekat oralne historije i intervjue\u00a0pre\u017eivjelih osoba srebreni\u010dkog genocida u Memorijalnom centru Srebrenica i samu posjetu Memorijalnom Centru kako bi na licu mjesta intenzivno razmi\u0161ljao\u00a0o tome \u0161ta bi odlikovanje negatora genocida zna\u010dilo za ljude koji su sve izgubili tokom jula 1995. godine.<\/p>\n<p><em>\u00a0<\/em><br \/>\n<a href=\"https:\/\/pangea-netzwerk.us11.list-manage.com\/track\/click?u=1243e3232a0175e68e0af5c2c&amp;id=30a6434a05&amp;e=fadf829940\" target=\"_blank\" rel=\"noopener noreferrer\" data-auth=\"NotApplicable\" data-linkindex=\"2\"><strong>Cijelo saop\u0161tenje na njema\u010dkom jeziku mo\u017eete pro\u010ditati na na\u0161oj web-stranici\u00a0<\/strong><\/a><br \/>\n&nbsp;<\/p>\n<table border=\"0\" width=\"100%\" cellspacing=\"0\" cellpadding=\"0\">\n<tbody>\n<tr>\n<td valign=\"top\">\n<table border=\"0\" width=\"100%\" cellspacing=\"0\" cellpadding=\"0\" align=\"left\">\n<tbody>\n<tr>\n<td valign=\"top\">Mit freundlichen Gr\u00fc\u00dfen \/ S po\u0161tovanjem,<\/p>\n<p>Ahmed Spahi\u0107<br \/>\nVorstandsvorsitzender &#8211; pangea netzwerk \/ <em>Predsjednik Upravnog Odbora &#8211; pangea mre\u017ea<\/p>\n<p>&#8212;<\/p>\n<p>\u00dcber das pangea netzwerk \/ O pangea mre\u017ei<\/p>\n<p>[DE] Das pangea netzwerk \u2013 Das deutsch-bosnische Netzwerk f\u00fcr Wirtschaft, Bildung und Akademie ist die gr\u00f6\u00dfte Vereinigung seiner Art im deutschsprachigen Raum und vernetzt derzeit mehr als 200\u00a0engagierte Professionals, Akademiker und Studierende mit den unterschiedlichsten universit\u00e4ren Hintergr\u00fcnden in Deutschland, \u00d6sterreich und der Schweiz. Der Hauptfokus des Netzwerks liegt dabei auf der Vernetzung von bosnisch-st\u00e4mmigen Menschen mit dem Ziel der Vermittlung von Bildungschancen und beruflichen Perspektiven. Zudem dient das Netzwerk als Br\u00fcckenbauer zwischen Bosnien und Herzegowina und Deutschland, \u00d6sterreich und der Schweiz im politischen, kulturellen und wirtschaftlichen Sinne. Gleichzeitig setzt sich das Netzwerk als Sprachrohr f\u00fcr die europ\u00e4ische Perspektive Bosnien und Herzegowinas als zuk\u00fcnftiges vollwertiges Mitglied der Europ\u00e4ischen Union ein.<\/p>\n<p>[BS] Njema\u010dko-bosanskohercegova\u010dka mre\u017ea za ekonomiju, obrazovanje i akademiju najve\u0107e je udru\u017eenje ove vrste u njema\u010dkom govornom podru\u010dju i trenutno umre\u017euje vi\u0161e od 150 profesionalaca, akademika i studenata sa najrazli\u010ditijim akademskim pozadinama u Njema\u010dkoj, Austriji i \u0160vicarskoj. Glavni fokus Mre\u017ee je na umre\u017eavanju ljudi bosanskohercegova\u010dkog porijekla, s ciljem pru\u017eanja obrazovnih mogu\u0107nosti i perspektiva karijere. Uz to, Mre\u017ea slu\u017ei kao graditelj mostova izme\u0111u Bosne i Hercegovine i Njema\u010dke, Austrije i \u0160vicarske u politi\u010dkom, kulturnom i ekonomskom smislu. Istovremeno, Mre\u017ea djeluje kao sna\u017eni zagovornik Evropske perspektive Bosne i Hercegovine kao budu\u0107e punopravne \u010dlanice Evropske Unije.<\/em><\/td>\n<\/tr>\n<\/tbody>\n<\/table>\n<\/td>\n<\/tr>\n<\/tbody>\n<\/table>\n<table border=\"0\" width=\"100%\" cellspacing=\"0\" cellpadding=\"0\">\n<tbody>\n<tr>\n<td valign=\"top\"><\/td>\n<\/tr>\n<\/tbody>\n<\/table>\n<table border=\"0\" width=\"100%\" cellspacing=\"0\" cellpadding=\"0\">\n<tbody>\n<tr>\n<td>\n<table border=\"0\" width=\"100%\" cellspacing=\"0\" cellpadding=\"0\">\n<tbody>\n<tr>\n<td><\/td>\n<\/tr>\n<\/tbody>\n<\/table>\n<\/td>\n<\/tr>\n<\/tbody>\n<\/table>\n","protected":false},"excerpt":{"rendered":"<p>Kao njema\u010dko-bosanskohercegova\u010dka\u00a0mre\u017ea koja zastupa interese bosanskohercegova\u010dke dijaspore u Njema\u010dkoj, \u017eelimo se osvrnuti na najavljeno odlikovanje izraelskog histori\u010dara Gideona Greifa. Nakon prvih medijskih izvje\u0161taja o ovoj najavi dobili smo na desetine [&hellip;]<\/p>\n","protected":false},"author":1,"featured_media":0,"comment_status":"closed","ping_status":"closed","sticky":false,"template":"","format":"standard","meta":{"site-sidebar-layout":"default","site-content-layout":"","ast-site-content-layout":"default","site-content-style":"default","site-sidebar-style":"default","ast-global-header-display":"","ast-banner-title-visibility":"","ast-main-header-display":"","ast-hfb-above-header-display":"","ast-hfb-below-header-display":"","ast-hfb-mobile-header-display":"","site-post-title":"","ast-breadcrumbs-content":"","ast-featured-img":"","footer-sml-layout":"","ast-disable-related-posts":"","theme-transparent-header-meta":"","adv-header-id-meta":"","stick-header-meta":"","header-above-stick-meta":"","header-main-stick-meta":"","header-below-stick-meta":"","astra-migrate-meta-layouts":"default","ast-page-background-enabled":"default","ast-page-background-meta":{"desktop":{"background-color":"","background-image":"","background-repeat":"repeat","background-position":"center center","background-size":"auto","background-attachment":"scroll","background-type":"","background-media":"","overlay-type":"","overlay-color":"","overlay-opacity":"","overlay-gradient":""},"tablet":{"background-color":"","background-image":"","background-repeat":"repeat","background-position":"center center","background-size":"auto","background-attachment":"scroll","background-type":"","background-media":"","overlay-type":"","overlay-color":"","overlay-opacity":"","overlay-gradient":""},"mobile":{"background-color":"","background-image":"","background-repeat":"repeat","background-position":"center center","background-size":"auto","background-attachment":"scroll","background-type":"","background-media":"","overlay-type":"","overlay-color":"","overlay-opacity":"","overlay-gradient":""}},"ast-content-background-meta":{"desktop":{"background-color":"var(--ast-global-color-5)","background-image":"","background-repeat":"repeat","background-position":"center center","background-size":"auto","background-attachment":"scroll","background-type":"","background-media":"","overlay-type":"","overlay-color":"","overlay-opacity":"","overlay-gradient":""},"tablet":{"background-color":"var(--ast-global-color-5)","background-image":"","background-repeat":"repeat","background-position":"center center","background-size":"auto","background-attachment":"scroll","background-type":"","background-media":"","overlay-type":"","overlay-color":"","overlay-opacity":"","overlay-gradient":""},"mobile":{"background-color":"var(--ast-global-color-5)","background-image":"","background-repeat":"repeat","background-position":"center center","background-size":"auto","background-attachment":"scroll","background-type":"","background-media":"","overlay-type":"","overlay-color":"","overlay-opacity":"","overlay-gradient":""}},"_themeisle_gutenberg_block_has_review":false,"footnotes":""},"categories":[6],"tags":[],"class_list":["post-7201","post","type-post","status-publish","format-standard","hentry","category-news-updates"],"_links":{"self":[{"href":"https:\/\/bosniauknetwork.org\/bs\/wp-json\/wp\/v2\/posts\/7201","targetHints":{"allow":["GET"]}}],"collection":[{"href":"https:\/\/bosniauknetwork.org\/bs\/wp-json\/wp\/v2\/posts"}],"about":[{"href":"https:\/\/bosniauknetwork.org\/bs\/wp-json\/wp\/v2\/types\/post"}],"author":[{"embeddable":true,"href":"https:\/\/bosniauknetwork.org\/bs\/wp-json\/wp\/v2\/users\/1"}],"replies":[{"embeddable":true,"href":"https:\/\/bosniauknetwork.org\/bs\/wp-json\/wp\/v2\/comments?post=7201"}],"version-history":[{"count":0,"href":"https:\/\/bosniauknetwork.org\/bs\/wp-json\/wp\/v2\/posts\/7201\/revisions"}],"wp:attachment":[{"href":"https:\/\/bosniauknetwork.org\/bs\/wp-json\/wp\/v2\/media?parent=7201"}],"wp:term":[{"taxonomy":"category","embeddable":true,"href":"https:\/\/bosniauknetwork.org\/bs\/wp-json\/wp\/v2\/categories?post=7201"},{"taxonomy":"post_tag","embeddable":true,"href":"https:\/\/bosniauknetwork.org\/bs\/wp-json\/wp\/v2\/tags?post=7201"}],"curies":[{"name":"wp","href":"https:\/\/api.w.org\/{rel}","templated":true}]}}