{"id":7427,"date":"2022-01-30T13:14:43","date_gmt":"2022-01-30T13:14:43","guid":{"rendered":"https:\/\/bosniauknetwork.org\/velika-britanija-dan-sjecanja-na-holokaust-jednog-dana\/"},"modified":"2022-01-30T13:14:43","modified_gmt":"2022-01-30T13:14:43","slug":"velika-britanija-dan-sjecanja-na-holokaust-jednog-dana","status":"publish","type":"post","link":"https:\/\/bosniauknetwork.org\/bs\/velika-britanija-dan-sjecanja-na-holokaust-jednog-dana\/","title":{"rendered":"Velika Britanija- Dan sje\u0107anja na Holokaust: \u201cJednog dana\u201d"},"content":{"rendered":"<p>I ove godine, kao i predhodnih, dana 27.01.2022 u Derby-ju obilje\u017een je \u201cHolocaust Day\u201d sje\u0107anje na sve genocide koji su se desavali u svijetu, sje\u0107anje na sve \u017ertve i stradanja nedu\u017enog naroda. Aktivno u\u010de\u0161\u0107e u ovim aktivnostima ve\u0107 godinama uzima i BH zajednica u ovom gradu na \u010delu s gospodinom Feridom Kevri\u0107em, a cjelodnevnim aktivnostima je prisustvova i Nj.E: Vanja Filipovi\u0107, ambasador BiH u UK. Sna\u017ene poruke protiv mr\u017enje i podjela poslali su u\u010denici BH dopunske \u0161kole Derby kao i Ahmed ef. Gopo.<\/p>\n<p><a class=\"dt-pswp-item\" href=https:\/\/bosniauknetwork.org\/wp-content\/uploads\/2022\/01\/majke-srebrenice.jpg\" data-dt-img-description=\"\" data-large_image_width=\"4032\" data-large_image_height=\"2268\"><img fetchpriority=\"high\" class=\"alignnone size-full wp-image-7438\" src=https:\/\/bosniauknetwork.org\/wp-content\/uploads\/2022\/01\/majke-srebrenice.jpg\" alt=\"\" width=\"4032\" height=\"2268\" \/><\/a>Bosanskohercegova\u010dka folklorna grupa \u201c Mladost Bosne\u201d pod budnim okom njihove instruktorice Fahire Hased\u017ei\u0107 je imala \u010dast predstavljati bh. zajednicu iz Birminghama svojim folklornim nastupom pred publikom u QUAD centru u okviru Dana sje\u0107anja na holokaust.<span class=\"Apple-converted-space\">\u00a0<\/span><\/p>\n<p>Ovogodi\u0161nji glavni govornik je bila Dr. Larisa Olvork, profesor historije i uticaja na Univerzitetu Derby. Larisa je prisutnima ispri\u010dala o jednom danu u neobi\u010dnom \u017eivotu Jacka Kagana (1929-2016). Kagan je pre\u017eivio Holokaust sa jevrejskom grupom otpora Bielski u \u0161umi Naliboki. Pri\u010da o partizanima iz Bielskog ovjekovje\u010dena je u filmu <i>Defiance <\/i>(2008) s Danielom Craigom u glavnoj ulozi. Kagan je obnovio svoj \u017eivot u Velikoj Britaniji nakon rata i postao va\u017ean zagovornik obrazovanja i sje\u0107anja na Holokaust na nacionalnom i me\u0111unarodnom nivou.<\/p>\n<p><a class=\"dt-pswp-item\" href=https:\/\/bosniauknetwork.org\/wp-content\/uploads\/2022\/01\/naslovna.jpg\" data-dt-img-description=\"\" data-large_image_width=\"4032\" data-large_image_height=\"2268\"><img class=\"alignnone size-full wp-image-7439\" src=https:\/\/bosniauknetwork.org\/wp-content\/uploads\/2022\/01\/naslovna.jpg\" alt=\"\" width=\"4032\" height=\"2268\" \/><\/a>27. januar obilje\u017eava se kao Me\u0111unarodni dan sje\u0107anja na \u017ertve holokausta. Dan kada je Crvena armija 27. januara 1945. godine oslobodila najve\u0107i nacisti\u010dki koncentracijski logor Auschwitz u Poljskoj, Ujedinjeni narodi su, dono\u0161enjem Rezolucije o danu sje\u0107anja na holokaust 2005. godine, proglasili danom sje\u0107anja na sve \u017ertve holokausta.<\/p>\n<p><a class=\"dt-pswp-item\" href=https:\/\/bosniauknetwork.org\/wp-content\/uploads\/2022\/01\/djete3.jpg\" data-dt-img-description=\"\" data-large_image_width=\"4032\" data-large_image_height=\"2268\"><img class=\"alignnone size-full wp-image-7435\" src=https:\/\/bosniauknetwork.org\/wp-content\/uploads\/2022\/01\/djete3.jpg\" alt=\"\" width=\"4032\" height=\"2268\" \/><\/a>Taj se dan obilje\u017eava nizom edukativnih, mirovnih, kulturnih i politi\u010dkih aktivnosti kojima se odaje po\u010dast \u017ertvama holokausta tijekom Drugog svjetskog rata, podi\u017ee svijest o prevenciji genocida i doprinosi ostvarenju ciljeva UN-ove Rezolucije o danu sje\u0107anja na holokaust.<span class=\"Apple-converted-space\">\u00a0<\/span><\/p>\n<p><a class=\"dt-pswp-item\" href=https:\/\/bosniauknetwork.org\/wp-content\/uploads\/2022\/01\/gopo.jpg\" data-dt-img-description=\"\" data-large_image_width=\"2048\" data-large_image_height=\"1536\"><img loading=\"lazy\" class=\"alignnone size-full wp-image-7437\" src=https:\/\/bosniauknetwork.org\/wp-content\/uploads\/2022\/01\/gopo.jpg\" alt=\"\" width=\"2048\" height=\"1536\" \/><\/a>Nastupom folklorne grupe \u201cMladost Bosne \u201c nisu samo roditelji bili impresionirani, ve\u0107 svi prisutni. Njihov zapa\u017een nastup nagra\u0111en je velikim aplauzom. Pored na\u0161ih malih predstavnika, nastupili su i Derby\u2019s Jewish (Jevreji iz Derbija),Ukrajinska grupa, Romska grupa, Jermenska grupa, Iranska grupa, lokalne \u0161kole i jo\u0161 mnogi koji su se svojim umjetni\u010dkim nastupom, izborom dirljivih i inspirativnih rije\u010di, poezijom i tradicionalnom muzikom i plesom predstavili.<\/p>\n<p><a class=\"dt-pswp-item\" href=https:\/\/bosniauknetwork.org\/wp-content\/uploads\/2022\/01\/13.jpg\" data-dt-img-description=\"\" data-large_image_width=\"1599\" data-large_image_height=\"1200\"><img loading=\"lazy\" class=\"alignnone size-full wp-image-7430\" src=https:\/\/bosniauknetwork.org\/wp-content\/uploads\/2022\/01\/13.jpg\" alt=\"\" width=\"1599\" height=\"1200\" \/><\/a>Ovo je bila ve\u010der rije\u010di tolerancije, muzike i plesa s ovogodi\u0161njom temom \u201cJednog dana \u201d, koja istra\u017euje kako su genocidni re\u017eimi kroz historiju namjerno razbijali dru\u0161tva marginaliziraju\u0107i odre\u0111ene grupe, i kako se te taktike mogu osporiti ukoliko pojedinci stanu zajedno sa svojim kom\u0161ijama i govore protiv ugnjetavanja.<span class=\"Apple-converted-space\">\u00a0<\/span><\/p>\n<p><a class=\"dt-pswp-item\" href=https:\/\/bosniauknetwork.org\/wp-content\/uploads\/2022\/01\/ukrajina.jpg\" data-dt-img-description=\"\" data-large_image_width=\"4032\" data-large_image_height=\"3024\"><img loading=\"lazy\" class=\"alignnone size-full wp-image-7441\" src=https:\/\/bosniauknetwork.org\/wp-content\/uploads\/2022\/01\/ukrajina.jpg\" alt=\"\" width=\"4032\" height=\"3024\" \/><\/a>Draga djeco, Bosanci i Hercegovci, Hvala Vam \u0161to ste nas predstavili s ponosom i osmijehom. Hvala Vama, na\u0161oj divnoj instruktorici Fahiri Hased\u017ei\u0107 i va\u0161im roditeljima koji ste izdvojili vremena da na ovakav na\u010din doprinesete Danu sje\u0107anja na holokaust.<span class=\"Apple-converted-space\">\u00a0<\/span><\/p>\n<p>BH UK Network<span class=\"Apple-converted-space\">\u00a0<\/span><\/p>\n<p><a class=\"dt-pswp-item\" href=https:\/\/bosniauknetwork.org\/wp-content\/uploads\/2022\/01\/11.jpg\" data-dt-img-description=\"\" data-large_image_width=\"2048\" data-large_image_height=\"1536\"><img loading=\"lazy\" class=\"alignnone size-full wp-image-7428\" src=https:\/\/bosniauknetwork.org\/wp-content\/uploads\/2022\/01\/11.jpg\" alt=\"\" width=\"2048\" height=\"1536\" \/><\/a><\/p>\n","protected":false},"excerpt":{"rendered":"<p>I ove godine, kao i predhodnih, dana 27.01.2022 u Derby-ju obilje\u017een je \u201cHolocaust Day\u201d sje\u0107anje na sve genocide koji su se desavali u svijetu, sje\u0107anje na sve \u017ertve i stradanja [&hellip;]<\/p>\n","protected":false},"author":1,"featured_media":12396,"comment_status":"closed","ping_status":"closed","sticky":false,"template":"","format":"standard","meta":{"site-sidebar-layout":"default","site-content-layout":"","ast-site-content-layout":"default","site-content-style":"default","site-sidebar-style":"default","ast-global-header-display":"","ast-banner-title-visibility":"","ast-main-header-display":"","ast-hfb-above-header-display":"","ast-hfb-below-header-display":"","ast-hfb-mobile-header-display":"","site-post-title":"","ast-breadcrumbs-content":"","ast-featured-img":"","footer-sml-layout":"","ast-disable-related-posts":"","theme-transparent-header-meta":"","adv-header-id-meta":"","stick-header-meta":"","header-above-stick-meta":"","header-main-stick-meta":"","header-below-stick-meta":"","astra-migrate-meta-layouts":"default","ast-page-background-enabled":"default","ast-page-background-meta":{"desktop":{"background-color":"","background-image":"","background-repeat":"repeat","background-position":"center center","background-size":"auto","background-attachment":"scroll","background-type":"","background-media":"","overlay-type":"","overlay-color":"","overlay-opacity":"","overlay-gradient":""},"tablet":{"background-color":"","background-image":"","background-repeat":"repeat","background-position":"center center","background-size":"auto","background-attachment":"scroll","background-type":"","background-media":"","overlay-type":"","overlay-color":"","overlay-opacity":"","overlay-gradient":""},"mobile":{"background-color":"","background-image":"","background-repeat":"repeat","background-position":"center center","background-size":"auto","background-attachment":"scroll","background-type":"","background-media":"","overlay-type":"","overlay-color":"","overlay-opacity":"","overlay-gradient":""}},"ast-content-background-meta":{"desktop":{"background-color":"var(--ast-global-color-5)","background-image":"","background-repeat":"repeat","background-position":"center center","background-size":"auto","background-attachment":"scroll","background-type":"","background-media":"","overlay-type":"","overlay-color":"","overlay-opacity":"","overlay-gradient":""},"tablet":{"background-color":"var(--ast-global-color-5)","background-image":"","background-repeat":"repeat","background-position":"center center","background-size":"auto","background-attachment":"scroll","background-type":"","background-media":"","overlay-type":"","overlay-color":"","overlay-opacity":"","overlay-gradient":""},"mobile":{"background-color":"var(--ast-global-color-5)","background-image":"","background-repeat":"repeat","background-position":"center center","background-size":"auto","background-attachment":"scroll","background-type":"","background-media":"","overlay-type":"","overlay-color":"","overlay-opacity":"","overlay-gradient":""}},"_themeisle_gutenberg_block_has_review":false,"footnotes":""},"categories":[6],"tags":[],"class_list":["post-7427","post","type-post","status-publish","format-standard","has-post-thumbnail","hentry","category-news-updates"],"_links":{"self":[{"href":"https:\/\/bosniauknetwork.org\/bs\/wp-json\/wp\/v2\/posts\/7427","targetHints":{"allow":["GET"]}}],"collection":[{"href":"https:\/\/bosniauknetwork.org\/bs\/wp-json\/wp\/v2\/posts"}],"about":[{"href":"https:\/\/bosniauknetwork.org\/bs\/wp-json\/wp\/v2\/types\/post"}],"author":[{"embeddable":true,"href":"https:\/\/bosniauknetwork.org\/bs\/wp-json\/wp\/v2\/users\/1"}],"replies":[{"embeddable":true,"href":"https:\/\/bosniauknetwork.org\/bs\/wp-json\/wp\/v2\/comments?post=7427"}],"version-history":[{"count":0,"href":"https:\/\/bosniauknetwork.org\/bs\/wp-json\/wp\/v2\/posts\/7427\/revisions"}],"wp:featuredmedia":[{"embeddable":true,"href":"https:\/\/bosniauknetwork.org\/bs\/wp-json\/wp\/v2\/media\/12396"}],"wp:attachment":[{"href":"https:\/\/bosniauknetwork.org\/bs\/wp-json\/wp\/v2\/media?parent=7427"}],"wp:term":[{"taxonomy":"category","embeddable":true,"href":"https:\/\/bosniauknetwork.org\/bs\/wp-json\/wp\/v2\/categories?post=7427"},{"taxonomy":"post_tag","embeddable":true,"href":"https:\/\/bosniauknetwork.org\/bs\/wp-json\/wp\/v2\/tags?post=7427"}],"curies":[{"name":"wp","href":"https:\/\/api.w.org\/{rel}","templated":true}]}}