{"id":7447,"date":"2022-02-07T10:34:19","date_gmt":"2022-02-07T10:34:19","guid":{"rendered":"https:\/\/bosniauknetwork.org\/news-from-remembering-srebrenica\/"},"modified":"2022-02-07T10:34:19","modified_gmt":"2022-02-07T10:34:19","slug":"news-from-remembering-srebrenica","status":"publish","type":"post","link":"https:\/\/bosniauknetwork.org\/bs\/news-from-remembering-srebrenica\/","title":{"rendered":"News from Remembering Srebrenica"},"content":{"rendered":"<div>\n<div class=\"_14uPwhS4qAwiL0JC4Oduh- _30-iMAca6SPHQY73Paa0Zh\">\n<div class=\"IS-BCIKOHer-UAOQms9bY _30-iMAca6SPHQY73Paa0Zh _27lWrbC7_aiR89u5X8Jnz4\">\n<div class=\"dYd95ifMMHs5ci-a3Bq7U\">\n<div class=\"_2JWrAU_Oa8NHHSHK6JEM8q\"><\/div>\n<\/div>\n<\/div>\n<\/div>\n<\/div>\n<div class=\"_2RHr4NuGmNruCPzxGzLjJU\">\n<div class=\"_1smn6wvuqmljaEvi28SQVz _3K8D6IBdXNd-lVODEK5i_X customScrollBar\" tabindex=\"-1\" data-is-scrollable=\"true\">\n<div class=\"_3BpnlUwgtfNUWLoQytJYRy\">\n<div class=\"\">\n<div class=\"wide-content-host\">\n<div class=\"_3BL964mseejjC_nzEeda9o NN4ve7-zXI11J6Er51ULd\" tabindex=\"-1\" aria-label=\"Email message\">\n<div class=\"\">\n<div class=\"_3BhETwd_gm-1r4F5l6tY1P allowTextSelection _3ugbQtWof-e4-8rgAmgncA\">\n<div class=\"_1NHH-FGAZfdicEopEr7y36\">\n<div class=\"_36kt_NF29zGpQ-YGXqElhJ _1REaPD80UGwWcTBTN30Z6S\">\n<div data-automation-id=\"visibleContent\">\n<div class=\"ms-FocusZone css-173 ms-CommandBar _2H6ZKnUbHxb0OJk3DVFN7H root-275\" role=\"menubar\" aria-label=\"Message actions\" data-focuszone-id=\"FocusZone2416\">\n<div class=\"ms-OverflowSet ms-CommandBar-primaryCommand _2lDRGEhUulcqvxOS5hWjXx primarySet-277\" role=\"none\">\n<div class=\"ms-OverflowSet-overflowButton overflowButton-183\">\n<div class=\"ms-TooltipHost root-203\" role=\"none\">\n<div class=\"_2Qk4AbDuWwkuLB005ds2jm QMubUjbS-BOly_BTHEZj7 allowTextSelection\" tabindex=\"-1\" role=\"region\" aria-label=\"Message body\">\n<div>\n<div>\n<div dir=\"ltr\">\n<div><\/div>\n<\/div>\n<\/div>\n<\/div>\n<\/div>\n<\/div>\n<\/div>\n<\/div>\n<div class=\"\">\n<div class=\"wide-content-host\">\n<div class=\"_21M_FM9urAtm5RbICf8Mdj\">\n<div class=\"aIkJiKjTQYvMBiVlJyTdA NHVyVxjTc1SMUQJ5j-pQV\">\n<div class=\"_1fG9aln2t00SwqnHn0RMRt\">\n<div class=\"_3QCsM9-LPIxe1EDTYYKDn0 QMubUjbS-BOly_BTHEZj7 allowTextSelection\" tabindex=\"-1\" role=\"region\" aria-label=\"Message body\">\n<div dir=\"ltr\">\n<div id=\"x_divRplyFwdMsg\" dir=\"ltr\"><\/div>\n<div>\n<p>&nbsp;<\/p>\n<table id=\"x_x_bodyTable\" border=\"0\" cellspacing=\"0\" cellpadding=\"0\" align=\"center\">\n<tbody>\n<tr>\n<td id=\"x_x_bodyCell\" align=\"center\" valign=\"top\">\n<table style=\"height: 7977px; width: 100.14684287812041%;\" border=\"0\" width=\"1364\" cellspacing=\"0\" cellpadding=\"0\">\n<tbody>\n<tr>\n<td id=\"x_x_templatePreheader\" valign=\"top\">\n<table border=\"0\" width=\"100%\" cellspacing=\"0\" cellpadding=\"0\">\n<tbody>\n<tr>\n<td valign=\"top\">\n<table border=\"0\" width=\"100%\" cellspacing=\"0\" cellpadding=\"0\" align=\"left\">\n<tbody>\n<tr>\n<td valign=\"top\">\n<div>Welcome to January 2022\u00a0newsletter with news from Remembering Srebrenica\u00a0and the work of our 1,450 Community Champions.<\/div>\n<\/td>\n<\/tr>\n<\/tbody>\n<\/table>\n<\/td>\n<\/tr>\n<\/tbody>\n<\/table>\n<\/td>\n<\/tr>\n<tr>\n<td id=\"x_x_templateHeader\" valign=\"top\">\n<table border=\"0\" width=\"100%\" cellspacing=\"0\" cellpadding=\"0\">\n<tbody>\n<tr>\n<td valign=\"top\">\n<table border=\"0\" width=\"100%\" cellspacing=\"0\" cellpadding=\"0\" align=\"left\">\n<tbody>\n<tr>\n<td valign=\"top\"><img decoding=\"async\" class=\"aligncenter\" src=\"https:\/\/gallery.mailchimp.com\/4228bdb6a386a2645c012813d\/images\/9e83c406-e933-4edc-beaf-c5eb13cdb72a.jpg\" width=\"564\" data-imagetype=\"External\" alt=\"9e83c406 E933 4edc Beaf C5eb13cdb72a\" title=\"News from Remembering Srebrenica\"><\/td>\n<\/tr>\n<\/tbody>\n<\/table>\n<\/td>\n<\/tr>\n<\/tbody>\n<\/table>\n<table border=\"0\" width=\"100%\" cellspacing=\"0\" cellpadding=\"0\">\n<tbody>\n<tr>\n<td valign=\"top\">\n<table border=\"0\" width=\"100%\" cellspacing=\"0\" cellpadding=\"0\" align=\"right\">\n<tbody>\n<tr>\n<td align=\"left\" valign=\"top\"><img fetchpriority=\"high\" decoding=\"async\" class=\"\" src=\"https:\/\/mcusercontent.com\/4228bdb6a386a2645c012813d\/images\/44dbe8cd-70ef-4944-9b50-368113788402.jpg\" width=\"1392\" height=\"928\" data-imagetype=\"External\" alt=\"44dbe8cd 70ef 4944 9b50 368113788402\" title=\"News from Remembering Srebrenica\"><\/td>\n<\/tr>\n<tr>\n<td valign=\"top\" width=\"546\">\n<h2><strong>Message from the Chair<\/strong><\/h2>\n<\/td>\n<\/tr>\n<\/tbody>\n<\/table>\n<\/td>\n<\/tr>\n<\/tbody>\n<\/table>\n<\/td>\n<\/tr>\n<tr>\n<td id=\"x_x_templateBody\" valign=\"top\">\n<table border=\"0\" width=\"100%\" cellspacing=\"0\" cellpadding=\"0\">\n<tbody>\n<tr>\n<td valign=\"top\">\n<table border=\"0\" width=\"100%\" cellspacing=\"0\" cellpadding=\"0\" align=\"left\">\n<tbody>\n<tr>\n<td valign=\"top\">\n<p dir=\"ltr\">May I begin by taking the opportunity to use my first message of 2022 to wish you all a Happy New Year. Despite the ongoing challenges which Covid-19 continues to present, the resilience and innovation shown by our Boards, Community Champions and volunteers has ensured that we have been able to commemorate the genocide and raise awareness about the importance of tackling hatred and intolerance amidst such a difficult backdrop. I am therefore optimistic that this year ahead will once again be a successful one for Remembering Srebrenica thanks to your continued support and dedication and remain grateful for all that you do.<\/p>\n<p dir=\"ltr\">Regrettably, the situation in Bosnia and Herzegovina remains one of great concern. On 9th January, Republika Srpska in which both Srebrenica and the region of Prijedor are located held an unconstitutional ceremony to mark the 30th anniversary of an entity that was created out of genocide which was attended by the Russian Ambassador to Bosnia as well as convicted war criminal, Vinko Pandurevic who was found guilty of aiding and abetting crimes against humanity.<\/p>\n<p dir=\"ltr\">The ceremony featured paramilitary marching of troops and was preceded by a number of events in the lead up in which returnees had been subjected to intimidation and threats of violence. We condemn this appalling behaviour which is an insult to the survivors who have already had to endure so much pain and suffering. Incidents such as this underlines the scale of the challenges that still exist when it comes to combating the glorification of genocide and promotion of hatred. Unfortunately such acts of intimidation directed towards survivors have become increasingly frequent across many parts of Bosnia and cannot be allowed to continue.<\/p>\n<p dir=\"ltr\">We welcome the decision taken by the German Foreign Affairs Ministry who earlier this month, withdrew its proposal to award a historian who headed a commission that concluded last year that genocide did not take place in Srebrenica with the Order of Merit.\u00a0Genocide denial must not be tolerated in any form and we must come together to condemn those who seek to rewrite the facts of history and engage in pernicious revisionism which promotes division and serves as a barrier to reconciliation.<br aria-hidden=\"true\" \/><br aria-hidden=\"true\" \/>I am pleased that a delegation of MPs from the <a href=\"https:\/\/srebrenica.us8.list-manage.com\/track\/click?u=4228bdb6a386a2645c012813d&amp;id=a1e969849c&amp;e=273b9f3800\" target=\"_blank\" rel=\"noopener noreferrer\" data-auth=\"NotApplicable\" data-linkindex=\"0\">UK Parliamentary Foreign Affairs Select Committee<\/a> were able to attend Bosnia last week which further reinforces the UK\u2019s strong commitment to the country. The visit comes on the back of an evidence session that was held this month to enable the committee to better understand how the UK can support international efforts to mitigate growing tensions in the region.<\/p>\n<p dir=\"ltr\">I am also pleased that the UK Parliament\\'s International Development Select Committee is undertaking an inquiry into atrocity prevention with Bosnia as the case study which Remembering Srebrenica has contributed to. The aim of the inquiry is to consider the effectiveness of the UK Government\u2019s approach to atrocity prevention, including the government\u2019s work in promoting dialogue and reconciliation between communities.<\/p>\n<\/td>\n<\/tr>\n<\/tbody>\n<\/table>\n<\/td>\n<\/tr>\n<\/tbody>\n<\/table>\n<table border=\"0\" width=\"100%\" cellspacing=\"0\" cellpadding=\"0\">\n<tbody>\n<tr>\n<td>\n<table border=\"0\" width=\"100%\" cellspacing=\"0\" cellpadding=\"0\">\n<tbody>\n<tr>\n<td><\/td>\n<\/tr>\n<\/tbody>\n<\/table>\n<\/td>\n<\/tr>\n<\/tbody>\n<\/table>\n<table border=\"0\" width=\"100%\" cellspacing=\"0\" cellpadding=\"0\">\n<tbody>\n<tr>\n<td valign=\"top\">\n<table border=\"0\" width=\"100%\" cellspacing=\"0\" cellpadding=\"0\" align=\"right\">\n<tbody>\n<tr>\n<td align=\"left\" valign=\"top\"><img decoding=\"async\" class=\"\" src=\"https:\/\/mcusercontent.com\/4228bdb6a386a2645c012813d\/images\/e93f8892-eab1-c88d-12e2-4bc020f06bb7.jpg\" width=\"1460\" height=\"823\" data-imagetype=\"External\" alt=\"E93f8892 Eab1 C88d 12e2 4bc020f06bb7\" title=\"News from Remembering Srebrenica\"><\/td>\n<\/tr>\n<tr>\n<td valign=\"top\" width=\"546\">\n<h2><strong id=\"x_x_docs-internal-guid-b420af4e-7fff-5337-0743-3fd29d0c915a\">Holocaust Memorial Day 2022<\/strong><\/h2>\n<\/td>\n<\/tr>\n<\/tbody>\n<\/table>\n<\/td>\n<\/tr>\n<\/tbody>\n<\/table>\n<table border=\"0\" width=\"100%\" cellspacing=\"0\" cellpadding=\"0\">\n<tbody>\n<tr>\n<td valign=\"top\">\n<table border=\"0\" width=\"100%\" cellspacing=\"0\" cellpadding=\"0\" align=\"left\">\n<tbody>\n<tr>\n<td valign=\"top\">\n<p dir=\"ltr\">27th January marked the anniversary of the liberation of Auschwitz-Birkenau. Across the UK, communities marked Holocaust Memorial Day with events and activities which brought people together to remember victims of the Holocaust and subsequent genocides in Cambodia, Rwanda, Bosnia and Darfur.\u00a0<br aria-hidden=\"true\" \/><br aria-hidden=\"true\" \/>As they do every year, Remembering Srebrenica staff, Board Members, Community Champions and Bosnian survivors participated in Holocaust Memorial Day by organising and speaking at memorial events and activities which were organised by groups such as local authorities, schools, universities and places of worship.\u00a0<br aria-hidden=\"true\" \/><br aria-hidden=\"true\" \/>A flavour of some of these activities included Smajo Beso, Chair of the North East Board <a href=\"https:\/\/srebrenica.us8.list-manage.com\/track\/click?u=4228bdb6a386a2645c012813d&amp;id=191eea621f&amp;e=273b9f3800\" target=\"_blank\" rel=\"noopener noreferrer\" data-auth=\"NotApplicable\" data-linkindex=\"1\">sharing his testimony<\/a>\u00a0for the UK Commemorative Ceremony organised by HMDT. This was in addition to a number of events which Smajo has spoken at this month from schools to government departments and organisations such as Show Racism the Red Card.\u00a0<br aria-hidden=\"true\" \/><br aria-hidden=\"true\" \/>Prijedor survivor, Safet Vukalic spoke at online event organised by the All-Party Parliamentary Group on the Prevention of Genocide and Crimes Against Humanity, whilst Srebrenica survivor, Almasa Salihovic took part in an event hosted by Ards and North Down Council which was chaired by Remembering Srebrenica Northern Ireland Board Chair, Peter Osborne. We were pleased that the <a href=\"https:\/\/srebrenica.us8.list-manage.com\/track\/click?u=4228bdb6a386a2645c012813d&amp;id=9dc0f9a29f&amp;e=273b9f3800\" target=\"_blank\" rel=\"noopener noreferrer\" data-auth=\"NotApplicable\" data-linkindex=\"2\">Northern Ireland HMD commemoration<\/a>\u00a0included our short film \u2018Voices from Northern Ireland\u2019 which was released last June in their ceremony, as well as Mid and East Antrim Council marking Holocaust Memorial Day with an exhibition on Srebrenica in Larne Market Yard last week.\u00a0Co-Chair of Remembering Srebrenica Wales, Abi Carter <a href=\"https:\/\/srebrenica.us8.list-manage.com\/track\/click?u=4228bdb6a386a2645c012813d&amp;id=1a2584ca2d&amp;e=273b9f3800\" target=\"_blank\" rel=\"noopener noreferrer\" data-auth=\"NotApplicable\" data-linkindex=\"3\">spoke\u00a0powerfully<\/a> in the Wales Holocaust Memorial Day Ceremony.<br aria-hidden=\"true\" \/><br aria-hidden=\"true\" \/>Our Ambassador, Robert McNeil MBE delivered a presentation to pupils from Rosshall Academy at Kelvingrove Museum in Glasgow on his experiences in Bosnia as a forensic technician and the need to remember and learn from Srebrenica and the Holocaust. Alongside this, Robert also took part in Wandsworth and Richmond\u2019s Holocaust Memorial Day commemoration which focused on ensuring that all forms of discrimination, racism and hatred are challenged and prevented.<br aria-hidden=\"true\" \/><br aria-hidden=\"true\" \/>Finally, the Director of Remembering Srebrenica attended a ceremony at Portcullis House hosted by the Speaker of the House of Commons and lit a candle to remember the victims of the Bosnian genocide. This was in addition to speaking alongside <a href=\"https:\/\/srebrenica.us8.list-manage.com\/track\/click?u=4228bdb6a386a2645c012813d&amp;id=d0d402d996&amp;e=273b9f3800\" target=\"_blank\" rel=\"noopener noreferrer\" data-auth=\"NotApplicable\" data-linkindex=\"4\">Mindu Hornick MBE<\/a>, a Holocaust survivor at Birmingham City Council\u2019s civic event.<br aria-hidden=\"true\" \/><br aria-hidden=\"true\" \/>We would like to thank all our Board Members, Community Champions and survivors for marking Holocaust Memorial Day by standing together in remembrance of those who were killed in the Holocaust and standing together in our resolve to tackle hatred and intolerance in all its forms.<br aria-hidden=\"true\" \/><br aria-hidden=\"true\" \/><em>Photo Credit:\u00a0Speaker of the House of Commons<\/em><\/p>\n<\/td>\n<\/tr>\n<\/tbody>\n<\/table>\n<\/td>\n<\/tr>\n<\/tbody>\n<\/table>\n<table border=\"0\" width=\"100%\" cellspacing=\"0\" cellpadding=\"0\">\n<tbody>\n<tr>\n<td><\/td>\n<\/tr>\n<\/tbody>\n<\/table>\n<table border=\"0\" width=\"100%\" cellspacing=\"0\" cellpadding=\"0\">\n<tbody>\n<tr>\n<td valign=\"top\">\n<table border=\"0\" width=\"100%\" cellspacing=\"0\" cellpadding=\"0\" align=\"left\">\n<tbody>\n<tr>\n<td align=\"left\" valign=\"top\"><img decoding=\"async\" class=\"\" src=\"https:\/\/mcusercontent.com\/4228bdb6a386a2645c012813d\/images\/55cbee72-7aef-a060-4589-3df88f40dfdb.jpg\" width=\"1351\" height=\"899\" data-imagetype=\"External\" alt=\"55cbee72 7aef A060 4589 3df88f40dfdb\" title=\"News from Remembering Srebrenica\"><\/td>\n<\/tr>\n<tr>\n<td valign=\"top\" width=\"546\">\n<h2><strong id=\"x_x_docs-internal-guid-f502e7fb-7fff-1f54-c030-4232511476b3\">Peace and Unity Rallies<\/strong><\/h2>\n<\/td>\n<\/tr>\n<\/tbody>\n<\/table>\n<\/td>\n<\/tr>\n<\/tbody>\n<\/table>\n<table border=\"0\" width=\"100%\" cellspacing=\"0\" cellpadding=\"0\">\n<tbody>\n<tr>\n<td valign=\"top\">\n<table border=\"0\" width=\"100%\" cellspacing=\"0\" cellpadding=\"0\" align=\"left\">\n<tbody>\n<tr>\n<td valign=\"top\">\n<p dir=\"ltr\">Remembering Srebrenica joined Bosnians right across the world who came together at 11am on Monday 10th January across different cities right across the UK and the EU\u00a0in order to send a strong message that those who deny the genocide, promote hatred and division, glorify the perpetrators and seek to destabilise the multi-ethnic fabric\u00a0of Bosnia must not be tolerated or supported. We were proud to stand in solidarity with survivors alongside the Bosnian Ambassador, Vanja Filipovic and the Chair of the All-Party Parliamentary Group on Bosnia, Alicia Kearns MP at a unity rally that was organised by the Bosnia and Herzegovina UK Network in Birmingham.<br aria-hidden=\"true\" \/><br aria-hidden=\"true\" \/>Britain has taken a robust stance to send a strong message to President Dodik who is leading the destabilisation of Bosnia. We will therefore work with survivors and parliamentarians across the political spectrum to support Britain\\'s efforts in the stabilisation of Bosnia and Herzegovina.<\/p>\n<\/td>\n<\/tr>\n<\/tbody>\n<\/table>\n<\/td>\n<\/tr>\n<\/tbody>\n<\/table>\n<table border=\"0\" width=\"100%\" cellspacing=\"0\" cellpadding=\"0\">\n<tbody>\n<tr>\n<td>\n<table border=\"0\" width=\"100%\" cellspacing=\"0\" cellpadding=\"0\">\n<tbody>\n<tr>\n<td><\/td>\n<\/tr>\n<\/tbody>\n<\/table>\n<\/td>\n<\/tr>\n<\/tbody>\n<\/table>\n<table border=\"0\" width=\"100%\" cellspacing=\"0\" cellpadding=\"0\">\n<tbody>\n<tr>\n<td valign=\"top\">\n<table border=\"0\" width=\"100%\" cellspacing=\"0\" cellpadding=\"0\" align=\"right\">\n<tbody>\n<tr>\n<td align=\"left\" valign=\"top\"><img loading=\"lazy\" decoding=\"async\" class=\"\" src=\"https:\/\/mcusercontent.com\/4228bdb6a386a2645c012813d\/images\/ec80d197-072c-e693-1cc2-7a0e89ef4763.png\" width=\"1620\" height=\"1494\" data-imagetype=\"External\" alt=\"Ec80d197 072c E693 1cc2 7a0e89ef4763\" title=\"News from Remembering Srebrenica\"><\/td>\n<\/tr>\n<tr>\n<td valign=\"top\" width=\"546\">\n<h2><strong id=\"x_x_docs-internal-guid-77fd2be8-7fff-6ae1-a792-97e919dd2fd2\">\u2018Nations United\u2019 Forensics Project <\/strong><\/h2>\n<\/td>\n<\/tr>\n<\/tbody>\n<\/table>\n<\/td>\n<\/tr>\n<\/tbody>\n<\/table>\n<table border=\"0\" width=\"100%\" cellspacing=\"0\" cellpadding=\"0\">\n<tbody>\n<tr>\n<td valign=\"top\">\n<table border=\"0\" width=\"100%\" cellspacing=\"0\" cellpadding=\"0\" align=\"left\">\n<tbody>\n<tr>\n<td valign=\"top\">We were pleased to release a forensics project this month called \u2018Nations United\u2019, an International collection of materials from those who helped recover, gather evidence, and identify the remains from the Bosnian Genocide. This project was made possible by our UK Ambassador, Robert McNeil MBE, a former forensic technician who worked in Bosnia following the war,\u00a0who collected submissions from eminent forensic experts from around the world.\u00a0<br aria-hidden=\"true\" \/><br aria-hidden=\"true\" \/>It has been 26 years since the first deployments of forensic experts by the ICTY to gather evidence of war crimes, crimes against humanity and genocide following the discovery of hundreds of mass graves in Bosnia. In many instances, the bodies of those who were systematically murdered were not only dumped in mass graves but later moved to secondary and even tertiary mass graves as the perpetrators sought to cover up what they had done. Even to this day, there is still a significant number of the victims whose remains are missing.<br aria-hidden=\"true\" \/><br aria-hidden=\"true\" \/>The work of forensic experts has therefore been crucial to providing the evidence that has not only enabled the establishment of the identity of many of the victims, but allowed a compelling case to be constructed which reveals the scale of the atrocities which were committed during the Bosnian War which has formed an essential part of evidence which has led to the conviction of war criminals including Radovan Karad\u017ei\u0107 and Ratko Mladi\u0107.<br aria-hidden=\"true\" \/><br aria-hidden=\"true\" \/>We were therefore pleased to launch this project and share the stories of selected scientists from all corners of the world, including some of the most eminent in their fields to not just honour their immense contribution but to form part of the ongoing effort of challenging those who continue to deny or minimise the events that occurred in Bosnia.<br aria-hidden=\"true\" \/><br aria-hidden=\"true\" \/>Commenting on the release of the project, Robert said: \u201cGenocide denial is on the increase. With the recent, negative political developments in Republika Srpska, there is real concern that hostilities could reignite. I hope this project helps serve as a timely message to the genocide deniers that the forensic experts worldwide who came from all religions and from none send a strong message that the evidence they provided, proved beyond doubt what happened in Srebrenica was indeed a genocide.&#8221;<br aria-hidden=\"true\" \/><br aria-hidden=\"true\" \/>We would like to express our immense gratitude to all the forensic experts from across the world who shared their stories and work with Remembering Srebrenica to make this project possible, especially\u00a0our Ambassador Robert McNeil MBE who led on this project.\u00a0<br aria-hidden=\"true\" \/><br aria-hidden=\"true\" \/>You can view the forensics project <a href=\"https:\/\/srebrenica.us8.list-manage.com\/track\/click?u=4228bdb6a386a2645c012813d&amp;id=732adfe63c&amp;e=273b9f3800\" target=\"_blank\" rel=\"noopener noreferrer\" data-auth=\"NotApplicable\" data-linkindex=\"5\">here<\/a>.<\/td>\n<\/tr>\n<\/tbody>\n<\/table>\n<\/td>\n<\/tr>\n<\/tbody>\n<\/table>\n<table border=\"0\" width=\"100%\" cellspacing=\"0\" cellpadding=\"0\">\n<tbody>\n<tr>\n<td>\n<table border=\"0\" width=\"100%\" cellspacing=\"0\" cellpadding=\"0\">\n<tbody>\n<tr>\n<td><\/td>\n<\/tr>\n<\/tbody>\n<\/table>\n<\/td>\n<\/tr>\n<\/tbody>\n<\/table>\n<table border=\"0\" width=\"100%\" cellspacing=\"0\" cellpadding=\"0\">\n<tbody>\n<tr>\n<td valign=\"top\">\n<table border=\"0\" width=\"100%\" cellspacing=\"0\" cellpadding=\"0\" align=\"right\">\n<tbody>\n<tr>\n<td align=\"left\" valign=\"top\"><img loading=\"lazy\" decoding=\"async\" class=\"\" src=\"https:\/\/mcusercontent.com\/4228bdb6a386a2645c012813d\/images\/13fac6b5-9250-d72e-3b03-1e1a4e3874e7.png\" width=\"1551\" height=\"894\" data-imagetype=\"External\" alt=\"13fac6b5 9250 D72e 3b03 1e1a4e3874e7\" title=\"News from Remembering Srebrenica\"><\/td>\n<\/tr>\n<tr>\n<td valign=\"top\" width=\"546\">\n<h2><strong id=\"x_x_docs-internal-guid-79151a5a-7fff-e1b5-85fe-b4d5d18e2ceb\">UK National Board Meeting<\/strong><\/h2>\n<\/td>\n<\/tr>\n<\/tbody>\n<\/table>\n<\/td>\n<\/tr>\n<\/tbody>\n<\/table>\n<table border=\"0\" width=\"100%\" cellspacing=\"0\" cellpadding=\"0\">\n<tbody>\n<tr>\n<td valign=\"top\">\n<table border=\"0\" width=\"100%\" cellspacing=\"0\" cellpadding=\"0\" align=\"left\">\n<tbody>\n<tr>\n<td valign=\"top\">Our first National Board meeting of 2022 took place in January which brought together the Chairs and representatives from our eight English regional boards, three country boards, academic board, plus key stakeholders to plan for the forthcoming year ahead of Srebrenica Memorial Week which will take place from Monday 4th to Monday 11th July.\u00a0<br aria-hidden=\"true\" \/><br aria-hidden=\"true\" \/>We were honoured that the Bosnian Ambassador was able to join us to provide an update on the current crisis in Bosnia and Herzegovina. We were also delighted to hear about the great work being undertaken across the country in communities that bring\u00a0about real and lasting change which is being delivered by board members, all of whom form part of an overall powerful movement to tackle hatred and intolerance and unite communities through the lessons from Srebrenica.<\/td>\n<\/tr>\n<\/tbody>\n<\/table>\n<\/td>\n<\/tr>\n<\/tbody>\n<\/table>\n<table border=\"0\" width=\"100%\" cellspacing=\"0\" cellpadding=\"0\">\n<tbody>\n<tr>\n<td>\n<table border=\"0\" width=\"100%\" cellspacing=\"0\" cellpadding=\"0\">\n<tbody>\n<tr>\n<td><\/td>\n<\/tr>\n<\/tbody>\n<\/table>\n<\/td>\n<\/tr>\n<\/tbody>\n<\/table>\n<table border=\"0\" width=\"100%\" cellspacing=\"0\" cellpadding=\"0\">\n<tbody>\n<tr>\n<td valign=\"top\">\n<table border=\"0\" width=\"100%\" cellspacing=\"0\" cellpadding=\"0\" align=\"left\">\n<tbody>\n<tr>\n<td align=\"left\" valign=\"top\"><img loading=\"lazy\" decoding=\"async\" class=\"\" src=\"https:\/\/mcusercontent.com\/4228bdb6a386a2645c012813d\/images\/497700f7-b5ad-44d6-b3a6-ac0625f9ec4d.png\" width=\"1506\" height=\"849\" data-imagetype=\"External\" alt=\"497700f7 B5ad 44d6 B3a6 Ac0625f9ec4d\" title=\"News from Remembering Srebrenica\"><\/td>\n<\/tr>\n<tr>\n<td valign=\"top\" width=\"546\">\n<h2><strong id=\"x_x_docs-internal-guid-5d8ff2d5-7fff-2d7d-7118-a5f857524d39\">Project Officers Recruitment<\/strong><\/h2>\n<\/td>\n<\/tr>\n<\/tbody>\n<\/table>\n<\/td>\n<\/tr>\n<\/tbody>\n<\/table>\n<table border=\"0\" width=\"100%\" cellspacing=\"0\" cellpadding=\"0\">\n<tbody>\n<tr>\n<td valign=\"top\">\n<table border=\"0\" width=\"100%\" cellspacing=\"0\" cellpadding=\"0\" align=\"left\">\n<tbody>\n<tr>\n<td valign=\"top\">We are recruiting two project officers who will play a key role in delivering the commemorations of the 27th anniversary of the Srebrenica genocide. This is a great opportunity to make an enormous impact across the country with an organisation who since 2013 has organised over 10,000 community actions across the UK, educated over 180,000 children and created 1,450 Community Champions who pledge to stand up to hatred and intolerance in their communities.\u00a0<br aria-hidden=\"true\" \/><br aria-hidden=\"true\" \/>If you would like a chance to make a difference to communities in the UK and help to create a better, safer and more cohesive society for all, then please click <a href=\"https:\/\/srebrenica.us8.list-manage.com\/track\/click?u=4228bdb6a386a2645c012813d&amp;id=ec2c87fa4e&amp;e=273b9f3800\" target=\"_blank\" rel=\"noopener noreferrer\" data-auth=\"NotApplicable\" data-linkindex=\"6\">here<\/a><strong>\u00a0<\/strong>for further details about the role.<br aria-hidden=\"true\" \/><br aria-hidden=\"true\" \/>Deadline for applications is 12 noon on Wednesday 16th February, with interviews taking place on Zoom on Monday 21st and Tuesday 22nd February. The role will commence at the start of the next project cycle on 1st April.<\/td>\n<\/tr>\n<\/tbody>\n<\/table>\n<\/td>\n<\/tr>\n<\/tbody>\n<\/table>\n<\/td>\n<\/tr>\n<tr>\n<td id=\"x_x_templateColumns\" valign=\"top\"><\/td>\n<\/tr>\n<tr>\n<td id=\"x_x_templateFooter\" valign=\"top\"><\/td>\n<\/tr>\n<\/tbody>\n<\/table>\n<\/td>\n<\/tr>\n<\/tbody>\n<\/table>\n<p><img loading=\"lazy\" decoding=\"async\" src=\"https:\/\/srebrenica.us8.list-manage.com\/track\/open.php?u=4228bdb6a386a2645c012813d&amp;id=7437eea94d&amp;e=273b9f3800\" width=\"1\" height=\"1\" data-imagetype=\"External\" alt=\"Open\" title=\"News from Remembering Srebrenica\"><\/p>\n<\/div>\n<\/div>\n<\/div>\n<\/div>\n<\/div>\n<\/div>\n<\/div>\n<\/div>\n<\/div>\n<\/div>\n<\/div>\n<\/div>\n<\/div>\n<\/div>\n<\/div>\n<\/div>\n<\/div>\n<\/div>\n<\/div>\n<\/div>\n","protected":false},"excerpt":{"rendered":"<p>&nbsp; Welcome to January 2022\u00a0newsletter with news from Remembering Srebrenica\u00a0and the work of our 1,450 Community Champions. Message from the Chair May I begin by taking the opportunity to use [&hellip;]<\/p>\n","protected":false},"author":1,"featured_media":0,"comment_status":"closed","ping_status":"closed","sticky":false,"template":"","format":"standard","meta":{"site-sidebar-layout":"default","site-content-layout":"","ast-site-content-layout":"default","site-content-style":"default","site-sidebar-style":"default","ast-global-header-display":"","ast-banner-title-visibility":"","ast-main-header-display":"","ast-hfb-above-header-display":"","ast-hfb-below-header-display":"","ast-hfb-mobile-header-display":"","site-post-title":"","ast-breadcrumbs-content":"","ast-featured-img":"","footer-sml-layout":"","ast-disable-related-posts":"","theme-transparent-header-meta":"","adv-header-id-meta":"","stick-header-meta":"","header-above-stick-meta":"","header-main-stick-meta":"","header-below-stick-meta":"","astra-migrate-meta-layouts":"default","ast-page-background-enabled":"default","ast-page-background-meta":{"desktop":{"background-color":"","background-image":"","background-repeat":"repeat","background-position":"center center","background-size":"auto","background-attachment":"scroll","background-type":"","background-media":"","overlay-type":"","overlay-color":"","overlay-opacity":"","overlay-gradient":""},"tablet":{"background-color":"","background-image":"","background-repeat":"repeat","background-position":"center center","background-size":"auto","background-attachment":"scroll","background-type":"","background-media":"","overlay-type":"","overlay-color":"","overlay-opacity":"","overlay-gradient":""},"mobile":{"background-color":"","background-image":"","background-repeat":"repeat","background-position":"center center","background-size":"auto","background-attachment":"scroll","background-type":"","background-media":"","overlay-type":"","overlay-color":"","overlay-opacity":"","overlay-gradient":""}},"ast-content-background-meta":{"desktop":{"background-color":"var(--ast-global-color-5)","background-image":"","background-repeat":"repeat","background-position":"center center","background-size":"auto","background-attachment":"scroll","background-type":"","background-media":"","overlay-type":"","overlay-color":"","overlay-opacity":"","overlay-gradient":""},"tablet":{"background-color":"var(--ast-global-color-5)","background-image":"","background-repeat":"repeat","background-position":"center center","background-size":"auto","background-attachment":"scroll","background-type":"","background-media":"","overlay-type":"","overlay-color":"","overlay-opacity":"","overlay-gradient":""},"mobile":{"background-color":"var(--ast-global-color-5)","background-image":"","background-repeat":"repeat","background-position":"center center","background-size":"auto","background-attachment":"scroll","background-type":"","background-media":"","overlay-type":"","overlay-color":"","overlay-opacity":"","overlay-gradient":""}},"_themeisle_gutenberg_block_has_review":false,"footnotes":""},"categories":[6],"tags":[],"class_list":["post-7447","post","type-post","status-publish","format-standard","hentry","category-news-updates"],"_links":{"self":[{"href":"https:\/\/bosniauknetwork.org\/bs\/wp-json\/wp\/v2\/posts\/7447","targetHints":{"allow":["GET"]}}],"collection":[{"href":"https:\/\/bosniauknetwork.org\/bs\/wp-json\/wp\/v2\/posts"}],"about":[{"href":"https:\/\/bosniauknetwork.org\/bs\/wp-json\/wp\/v2\/types\/post"}],"author":[{"embeddable":true,"href":"https:\/\/bosniauknetwork.org\/bs\/wp-json\/wp\/v2\/users\/1"}],"replies":[{"embeddable":true,"href":"https:\/\/bosniauknetwork.org\/bs\/wp-json\/wp\/v2\/comments?post=7447"}],"version-history":[{"count":0,"href":"https:\/\/bosniauknetwork.org\/bs\/wp-json\/wp\/v2\/posts\/7447\/revisions"}],"wp:attachment":[{"href":"https:\/\/bosniauknetwork.org\/bs\/wp-json\/wp\/v2\/media?parent=7447"}],"wp:term":[{"taxonomy":"category","embeddable":true,"href":"https:\/\/bosniauknetwork.org\/bs\/wp-json\/wp\/v2\/categories?post=7447"},{"taxonomy":"post_tag","embeddable":true,"href":"https:\/\/bosniauknetwork.org\/bs\/wp-json\/wp\/v2\/tags?post=7447"}],"curies":[{"name":"wp","href":"https:\/\/api.w.org\/{rel}","templated":true}]}}