{"id":7501,"date":"2022-02-03T12:00:16","date_gmt":"2022-02-03T12:00:16","guid":{"rendered":"https:\/\/bosniauknetwork.org\/ambasador-filipovicu-posjeti-bh-zajednici-u-irskoj-u-bih-je-na-djelu-spori-secesionizam-dodik-strateski-radi\/"},"modified":"2022-02-03T12:00:16","modified_gmt":"2022-02-03T12:00:16","slug":"ambasador-filipovicu-posjeti-bh-zajednici-u-irskoj-u-bih-je-na-djelu-spori-secesionizam-dodik-strateski-radi","status":"publish","type":"post","link":"https:\/\/bosniauknetwork.org\/bs\/ambasador-filipovicu-posjeti-bh-zajednici-u-irskoj-u-bih-je-na-djelu-spori-secesionizam-dodik-strateski-radi\/","title":{"rendered":"Ambasador Filipovi\u0107 u posjeti bh. zajednici u Irskoj: Raspad BiH &#8211; da li je to ishod koji bi svijet mogao dopustiti?"},"content":{"rendered":"<p>Udru\u017eenje BiH u Irskoj je ugostilo bh. ambasadora u Velikoj Britaniji i Irskoj, u njegovoj prvoj posjeti ovoj dr\u017eavi.<\/p>\n<p><strong>Udru\u017eenje BiH u Irskoj <\/strong>(Bosnia-Herzegovina Association in Ireland &#8211; BHAI) ugostila je ambasadora Bosne i Hercegovine u Velikoj Birtaniji i\u00a0Irskoj\u00a0Nj.E. <strong>Vanju Filipovi\u0107a<\/strong>, u njegovoj prvoj posjeti Irskoj. Ograni\u010denja uzrokovana koronavirusom nisu dozvoljavala odr\u017eavanje ove posjete do sada, s obzirom da je ambasador Filipovi\u0107 preuzeo funkciju ambasadora BiH u Velikoj Britaniji i Irskoj u septembru 2019. godine.<\/p>\n<p>Ambasadorova posjeta je zapo\u010dela radnim ru\u010dkom u nedjelju, 30. januara, sa Bronagh \u0106atibu\u0161i\u0107 i Mirzom\u00a0\u0106atibu\u0161i\u0107 (BHAI), nakon \u010dega je prisustvovao obilje\u017eavanju Me\u0111unarodnog dana sje\u0107anja na \u017ertve Holokausta, u organizaciji Holocaust Education Trust Ireland.<\/p>\n<figure id=\"attachment_7508\" aria-describedby=\"caption-attachment-7508\" style=\"width: 1920px\" class=\"wp-caption alignnone\"><a class=\"dt-pswp-item\" href=https:\/\/bosniauknetwork.org\/wp-content\/uploads\/2022\/02\/prva-posjeta-Filipovi\u0107a-1.jpeg\" data-dt-img-description=\"\" data-large_image_width=\"1920\" data-large_image_height=\"1440\"><img fetchpriority=\"high\" class=\"wp-image-7508 size-full\" src=https:\/\/bosniauknetwork.org\/wp-content\/uploads\/2022\/02\/prva-posjeta-Filipovi\u0107a-1.jpeg\" alt=\"\" width=\"1920\" height=\"1440\" \/><\/a><figcaption id=\"caption-attachment-7508\" class=\"wp-caption-text\"><strong><em>Prva posjeta Filipovi\u0107a\u00a0<\/em><\/strong><\/figcaption><\/figure>\n<p>&nbsp;<\/p>\n<p>Va\u017ean dio posjete ambasadora bio je sastanak sa irskim aktivistima, kojem su prisustvovali Valerie Hughes i Brian Coonan. Uz Valerie, irski aktivisti John Feighery, Peter Walsh i Bronagh \u0106atibu\u0161i\u0107\u00a0su uklju\u010deni u aktivnosti za Bosnu i Hercegovinu od 1992. godine i 30 godina njihovog neumornog i nesebi\u010dnog zalaganja i velikog truda svrstavaju ih u mjesto najiskrenijih prijatelja Bosne i Hercegovine.<\/p>\n<p>Tokom ove posjete ambasadora, Ambasada BiH u Londonu i Udru\u017eenje BiH u Irskoj dogovorili su i organizirali niz sastanaka sa visokim zvani\u010dnicima irske vlade. Ovi sastanci su uklju\u010divali razgovore sa klju\u010dnim \u010dlanovima svih politi\u010dkih partija u Irskoj, kao i sa visokim zvani\u010dnicima Odjeljenja za Evropsku uniju u Ministarstvu vanjskih poslova Republike Irske. Vlada Irske je dala veliki zna\u010daj posjeti ambasadora, \u0161to je vidljivo iz profila i broja slu\u017ebenika sa kojima se ambasador sastao:\u00a0<em>Jack Chambers,\u00a0Maeve Collins,\u00a0Pat Kelly,\u00a0Paul Donnelly TD i Ruair\u00ed \u00d3 Murch\u00fa TD,\u00a0Thomas Byrne TD, Charles Flanagan TD,\u00a0Ceann Comhairle,\u00a0Roderic O\\'Gorman TD.<\/em><\/p>\n<figure id=\"attachment_7509\" aria-describedby=\"caption-attachment-7509\" style=\"width: 1920px\" class=\"wp-caption alignnone\"><a class=\"dt-pswp-item\" href=https:\/\/bosniauknetwork.org\/wp-content\/uploads\/2022\/02\/Nj.E.-Filipovi\u0107-i-Mirza-.jpeg\" data-dt-img-description=\"\" data-large_image_width=\"1920\" data-large_image_height=\"1081\"><img class=\"wp-image-7509 size-full\" src=https:\/\/bosniauknetwork.org\/wp-content\/uploads\/2022\/02\/Nj.E.-Filipovi\u0107-i-Mirza-.jpeg\" alt=\"\" width=\"1920\" height=\"1081\" \/><\/a><figcaption id=\"caption-attachment-7509\" class=\"wp-caption-text\"><em><strong>Nj.E. Filipovi\u0107 i Mirza \u0106atibu\u0161i\u0107<\/strong><\/em><\/figcaption><\/figure>\n<p>&nbsp;<\/p>\n<p>Iz BHAI i\u00a0bosanskohercegova\u010dke zajednice zajedno sa irskim\u00a0aktivistima, uputili su iskrenu zahvalnost Vladi Irske i svim zvani\u010dnicima koji su se sastali sa ambasadorom Filipovi\u0107em.<\/p>\n<p><em>&#8211; U ovom te\u0161kom periodu kroz koji prolazi Bosna i Hercegovina, izuzetno je va\u017eno da su irski zvani\u010dnici iskazali veoma sna\u017enu podr\u0161ku suverenoj i jedinstvenoj BiH, po\u0161tivanju Dejtonskog mirovnog sporazuma i njegovoj implementaciji. Nagla\u0161eno je da EU mora nastaviti da poma\u017ee i asistira u ustavnim, politi\u010dkim i ekonomskim reformama. Bosni i Hercegovini je zaista potreban sna\u017eniji anga\u017eman EU. Ova uvjeravanja zvani\u010dnika irske vlade svakako nam daju nadu u sigurniju budu\u0107nost ujedinjene i nedjeljive BiH. Irska je veoma va\u017ena \u010dlanica EU i ima va\u017ean glas kao dio EU. Bosni i Hercegovini \u0107e trebati sva pomo\u0107 koju mo\u017ee dobiti u narednim mjesecima. Ambasador je naglasio da bi u slu\u010daju raspada Bosne i odlaska Republike Srpske to bilo ostvarenje sna komandanta bosanskih Srba Ratka Mladi\u0107a, koji je genocidom, zlo\u010dinima protiv \u010dovje\u010dnosti, sistematskim silovanjem i uzimanjem talaca stvorio etni\u010dki \u010distu dr\u017eavu i zaklju\u010dio s pitanjem <strong>da li je to ishod koji bi svijet mogao dopustiti<\/strong><\/em>, navodi Mirza \u0106atibu\u0161i\u0107, predsjednik BHAI.<\/p>\n<p>Iz ovog bh. udru\u017eenja su istakli i zahvalnost za sve \u0161to Vlada Irske \u010dini i \u0161to \u0107e \u010diniti kako bi podr\u017eala o\u010duvanje integriteta i suvereniteta BiH. Tako\u0111er, poru\u010duju i kako \u0107e dati sve od sebe da se saradnja sa institucijama irske vlade i politi\u010dkim strankama nastavai i oja\u010da.<\/p>\n<p>Tokom posjete Irskoj, ambasador Filipovi\u0107 se sastao i sa bh. zajednicom sa kojom je odr\u017ean sastanak a onda i dru\u017eenje.<\/p>\n<p><em>&#8211;\u00a0Ambasadore Vanja Filipovi\u0107, hvala vam puno na posjeti koja nam mnogo zna\u010di i nadamo se da \u0107e od sada Dublin postati va\u0161a redovna destinacija<\/em>, poru\u010dili su iz BHAI.<\/p>\n<figure id=\"attachment_7510\" aria-describedby=\"caption-attachment-7510\" style=\"width: 1600px\" class=\"wp-caption alignnone\"><a class=\"dt-pswp-item\" href=https:\/\/bosniauknetwork.org\/wp-content\/uploads\/2022\/02\/Dru\u017eenje-sa-bh-zajednicom-u-Irskoj.jpeg\" data-dt-img-description=\"\" data-large_image_width=\"1600\" data-large_image_height=\"1200\"><img class=\"wp-image-7510 size-full\" src=https:\/\/bosniauknetwork.org\/wp-content\/uploads\/2022\/02\/Dru\u017eenje-sa-bh-zajednicom-u-Irskoj.jpeg\" alt=\"\" width=\"1600\" height=\"1200\" \/><\/a><figcaption id=\"caption-attachment-7510\" class=\"wp-caption-text\"><em><strong>Dru\u017eenje sa bh.zajednicom u Irskoj<\/strong><\/em><\/figcaption><\/figure>\n","protected":false},"excerpt":{"rendered":"<p>Udru\u017eenje BiH u Irskoj je ugostilo bh. ambasadora u Velikoj Britaniji i Irskoj, u njegovoj prvoj posjeti ovoj dr\u017eavi. Udru\u017eenje BiH u Irskoj (Bosnia-Herzegovina Association in Ireland &#8211; BHAI) ugostila [&hellip;]<\/p>\n","protected":false},"author":1,"featured_media":12442,"comment_status":"closed","ping_status":"closed","sticky":false,"template":"","format":"standard","meta":{"site-sidebar-layout":"default","site-content-layout":"","ast-site-content-layout":"default","site-content-style":"default","site-sidebar-style":"default","ast-global-header-display":"","ast-banner-title-visibility":"","ast-main-header-display":"","ast-hfb-above-header-display":"","ast-hfb-below-header-display":"","ast-hfb-mobile-header-display":"","site-post-title":"","ast-breadcrumbs-content":"","ast-featured-img":"","footer-sml-layout":"","ast-disable-related-posts":"","theme-transparent-header-meta":"","adv-header-id-meta":"","stick-header-meta":"","header-above-stick-meta":"","header-main-stick-meta":"","header-below-stick-meta":"","astra-migrate-meta-layouts":"default","ast-page-background-enabled":"default","ast-page-background-meta":{"desktop":{"background-color":"","background-image":"","background-repeat":"repeat","background-position":"center center","background-size":"auto","background-attachment":"scroll","background-type":"","background-media":"","overlay-type":"","overlay-color":"","overlay-opacity":"","overlay-gradient":""},"tablet":{"background-color":"","background-image":"","background-repeat":"repeat","background-position":"center center","background-size":"auto","background-attachment":"scroll","background-type":"","background-media":"","overlay-type":"","overlay-color":"","overlay-opacity":"","overlay-gradient":""},"mobile":{"background-color":"","background-image":"","background-repeat":"repeat","background-position":"center center","background-size":"auto","background-attachment":"scroll","background-type":"","background-media":"","overlay-type":"","overlay-color":"","overlay-opacity":"","overlay-gradient":""}},"ast-content-background-meta":{"desktop":{"background-color":"var(--ast-global-color-5)","background-image":"","background-repeat":"repeat","background-position":"center center","background-size":"auto","background-attachment":"scroll","background-type":"","background-media":"","overlay-type":"","overlay-color":"","overlay-opacity":"","overlay-gradient":""},"tablet":{"background-color":"var(--ast-global-color-5)","background-image":"","background-repeat":"repeat","background-position":"center center","background-size":"auto","background-attachment":"scroll","background-type":"","background-media":"","overlay-type":"","overlay-color":"","overlay-opacity":"","overlay-gradient":""},"mobile":{"background-color":"var(--ast-global-color-5)","background-image":"","background-repeat":"repeat","background-position":"center center","background-size":"auto","background-attachment":"scroll","background-type":"","background-media":"","overlay-type":"","overlay-color":"","overlay-opacity":"","overlay-gradient":""}},"_themeisle_gutenberg_block_has_review":false,"footnotes":""},"categories":[6],"tags":[],"class_list":["post-7501","post","type-post","status-publish","format-standard","has-post-thumbnail","hentry","category-news-updates"],"_links":{"self":[{"href":"https:\/\/bosniauknetwork.org\/bs\/wp-json\/wp\/v2\/posts\/7501","targetHints":{"allow":["GET"]}}],"collection":[{"href":"https:\/\/bosniauknetwork.org\/bs\/wp-json\/wp\/v2\/posts"}],"about":[{"href":"https:\/\/bosniauknetwork.org\/bs\/wp-json\/wp\/v2\/types\/post"}],"author":[{"embeddable":true,"href":"https:\/\/bosniauknetwork.org\/bs\/wp-json\/wp\/v2\/users\/1"}],"replies":[{"embeddable":true,"href":"https:\/\/bosniauknetwork.org\/bs\/wp-json\/wp\/v2\/comments?post=7501"}],"version-history":[{"count":0,"href":"https:\/\/bosniauknetwork.org\/bs\/wp-json\/wp\/v2\/posts\/7501\/revisions"}],"wp:featuredmedia":[{"embeddable":true,"href":"https:\/\/bosniauknetwork.org\/bs\/wp-json\/wp\/v2\/media\/12442"}],"wp:attachment":[{"href":"https:\/\/bosniauknetwork.org\/bs\/wp-json\/wp\/v2\/media?parent=7501"}],"wp:term":[{"taxonomy":"category","embeddable":true,"href":"https:\/\/bosniauknetwork.org\/bs\/wp-json\/wp\/v2\/categories?post=7501"},{"taxonomy":"post_tag","embeddable":true,"href":"https:\/\/bosniauknetwork.org\/bs\/wp-json\/wp\/v2\/tags?post=7501"}],"curies":[{"name":"wp","href":"https:\/\/api.w.org\/{rel}","templated":true}]}}