{"id":7512,"date":"2022-01-27T13:42:01","date_gmt":"2022-01-27T13:42:01","guid":{"rendered":"https:\/\/bosniauknetwork.org\/bosanska-kuca-birmingham-dan-sjecanja-na-holokaust\/"},"modified":"2022-01-27T13:42:01","modified_gmt":"2022-01-27T13:42:01","slug":"bosanska-kuca-birmingham-dan-sjecanja-na-holokaust","status":"publish","type":"post","link":"https:\/\/bosniauknetwork.org\/bs\/bosanska-kuca-birmingham-dan-sjecanja-na-holokaust\/","title":{"rendered":"BOSANSKA KU\u0106A BIRMINGHAM &#8211; DAN SJE\u0106ANJA NA HOLOKAUST"},"content":{"rendered":"<div class=\"cxmmr5t8 oygrvhab hcukyx3x c1et5uql o9v6fnle ii04i59q\">\n<div dir=\"auto\">Dan sje\u0107anja na holokaust i sprije\u010davanja zlo\u010dina protiv \u010dovje\u010dnosti me\u0111unarodni je dan sje\u0107anja kojim se \u017eeli podsjetiti na sve \u017ertve nacisti\u010dkih re\u017eima tijekom drugog svjetskog rata. Ovaj se dan obilje\u017eava diljem Evrope, a za datum obilje\u017eavanja izabran je 27.januar. Tim povodom prikazan je dokumentarni film o stradanju jevreja u Drugom svjetskom ratu.<\/div>\n<\/div>\n<div dir=\"auto\"><\/div>\n<div dir=\"auto\">U toku dopunske nastave na bosanskom jeziku, nastavnik Emir Boli\u0107 je kroz kreativnu radionicu i prikazivanje kratkog dokumentarca svojim u\u010denicima poku\u0161ao objasniti zna\u010daj Dana sje\u0107anja na holokaust.<\/div>\n<div class=\"cxmmr5t8 oygrvhab hcukyx3x c1et5uql o9v6fnle ii04i59q\">\n<div dir=\"auto\">Kako se historija ne bi zaboravila, a ovakve tragedije ponovile, va\u017eno je sje\u0107anje na \u017ertve prenijeti mladim nara\u0161tajima, da poku\u0161aju razumjeti pro\u0161lost u cilju osude svakog genocidnog pona\u0161anja.<\/div>\n<div dir=\"auto\"><\/div>\n<\/div>\n<div class=\"cxmmr5t8 oygrvhab hcukyx3x c1et5uql o9v6fnle ii04i59q\">\n<div dir=\"auto\">Glavna poruka obilje\u017eavanja ovog dana mali\u0161anima jeste kako je va\u017eno da se upoznaju sa svime \u0161to se doga\u0111alo tijekom II. svjetskog rata i devedesetih godina u Bosni i Hercegovini.<\/div>\n<div dir=\"auto\"><a class=\"dt-pswp-item\" href=https:\/\/bosniauknetwork.org\/wp-content\/uploads\/2022\/02\/Emir-sa-u\u010denicima-za-sje\u0107anje-na-holokaust.jpeg\" data-dt-img-description=\"\" data-large_image_width=\"2016\" data-large_image_height=\"1134\"><img fetchpriority=\"high\" class=\"alignnone size-full wp-image-7514\" src=https:\/\/bosniauknetwork.org\/wp-content\/uploads\/2022\/02\/Emir-sa-u\u010denicima-za-sje\u0107anje-na-holokaust.jpeg\" alt=\"\" width=\"2016\" height=\"1134\" \/><\/a><\/div>\n<\/div>\n","protected":false},"excerpt":{"rendered":"<p>Dan sje\u0107anja na holokaust i sprije\u010davanja zlo\u010dina protiv \u010dovje\u010dnosti me\u0111unarodni je dan sje\u0107anja kojim se \u017eeli podsjetiti na sve \u017ertve nacisti\u010dkih re\u017eima tijekom drugog svjetskog rata. Ovaj se dan obilje\u017eava [&hellip;]<\/p>\n","protected":false},"author":1,"featured_media":12418,"comment_status":"closed","ping_status":"closed","sticky":false,"template":"","format":"standard","meta":{"site-sidebar-layout":"default","site-content-layout":"","ast-site-content-layout":"default","site-content-style":"default","site-sidebar-style":"default","ast-global-header-display":"","ast-banner-title-visibility":"","ast-main-header-display":"","ast-hfb-above-header-display":"","ast-hfb-below-header-display":"","ast-hfb-mobile-header-display":"","site-post-title":"","ast-breadcrumbs-content":"","ast-featured-img":"","footer-sml-layout":"","ast-disable-related-posts":"","theme-transparent-header-meta":"","adv-header-id-meta":"","stick-header-meta":"","header-above-stick-meta":"","header-main-stick-meta":"","header-below-stick-meta":"","astra-migrate-meta-layouts":"default","ast-page-background-enabled":"default","ast-page-background-meta":{"desktop":{"background-color":"","background-image":"","background-repeat":"repeat","background-position":"center center","background-size":"auto","background-attachment":"scroll","background-type":"","background-media":"","overlay-type":"","overlay-color":"","overlay-opacity":"","overlay-gradient":""},"tablet":{"background-color":"","background-image":"","background-repeat":"repeat","background-position":"center center","background-size":"auto","background-attachment":"scroll","background-type":"","background-media":"","overlay-type":"","overlay-color":"","overlay-opacity":"","overlay-gradient":""},"mobile":{"background-color":"","background-image":"","background-repeat":"repeat","background-position":"center center","background-size":"auto","background-attachment":"scroll","background-type":"","background-media":"","overlay-type":"","overlay-color":"","overlay-opacity":"","overlay-gradient":""}},"ast-content-background-meta":{"desktop":{"background-color":"var(--ast-global-color-5)","background-image":"","background-repeat":"repeat","background-position":"center center","background-size":"auto","background-attachment":"scroll","background-type":"","background-media":"","overlay-type":"","overlay-color":"","overlay-opacity":"","overlay-gradient":""},"tablet":{"background-color":"var(--ast-global-color-5)","background-image":"","background-repeat":"repeat","background-position":"center center","background-size":"auto","background-attachment":"scroll","background-type":"","background-media":"","overlay-type":"","overlay-color":"","overlay-opacity":"","overlay-gradient":""},"mobile":{"background-color":"var(--ast-global-color-5)","background-image":"","background-repeat":"repeat","background-position":"center center","background-size":"auto","background-attachment":"scroll","background-type":"","background-media":"","overlay-type":"","overlay-color":"","overlay-opacity":"","overlay-gradient":""}},"_themeisle_gutenberg_block_has_review":false,"footnotes":""},"categories":[6],"tags":[],"class_list":["post-7512","post","type-post","status-publish","format-standard","has-post-thumbnail","hentry","category-news-updates"],"_links":{"self":[{"href":"https:\/\/bosniauknetwork.org\/bs\/wp-json\/wp\/v2\/posts\/7512","targetHints":{"allow":["GET"]}}],"collection":[{"href":"https:\/\/bosniauknetwork.org\/bs\/wp-json\/wp\/v2\/posts"}],"about":[{"href":"https:\/\/bosniauknetwork.org\/bs\/wp-json\/wp\/v2\/types\/post"}],"author":[{"embeddable":true,"href":"https:\/\/bosniauknetwork.org\/bs\/wp-json\/wp\/v2\/users\/1"}],"replies":[{"embeddable":true,"href":"https:\/\/bosniauknetwork.org\/bs\/wp-json\/wp\/v2\/comments?post=7512"}],"version-history":[{"count":0,"href":"https:\/\/bosniauknetwork.org\/bs\/wp-json\/wp\/v2\/posts\/7512\/revisions"}],"wp:featuredmedia":[{"embeddable":true,"href":"https:\/\/bosniauknetwork.org\/bs\/wp-json\/wp\/v2\/media\/12418"}],"wp:attachment":[{"href":"https:\/\/bosniauknetwork.org\/bs\/wp-json\/wp\/v2\/media?parent=7512"}],"wp:term":[{"taxonomy":"category","embeddable":true,"href":"https:\/\/bosniauknetwork.org\/bs\/wp-json\/wp\/v2\/categories?post=7512"},{"taxonomy":"post_tag","embeddable":true,"href":"https:\/\/bosniauknetwork.org\/bs\/wp-json\/wp\/v2\/tags?post=7512"}],"curies":[{"name":"wp","href":"https:\/\/api.w.org\/{rel}","templated":true}]}}