{"id":7517,"date":"2022-01-29T13:50:41","date_gmt":"2022-01-29T13:50:41","guid":{"rendered":"https:\/\/bosniauknetwork.org\/dan-sjecanja-na-holokaust-obiljezen-i-u-birmingamu\/"},"modified":"2022-01-29T13:50:41","modified_gmt":"2022-01-29T13:50:41","slug":"dan-sjecanja-na-holokaust-obiljezen-i-u-birmingamu","status":"publish","type":"post","link":"https:\/\/bosniauknetwork.org\/bs\/dan-sjecanja-na-holokaust-obiljezen-i-u-birmingamu\/","title":{"rendered":"Dan sje\u0107anja na Holokaust obilje\u017een i u Birmingamu"},"content":{"rendered":"<p>U Millenium Point centru u Birmingamu<span class=\"Apple-converted-space\">\u00a0 <\/span>obilje\u017een je Dan sje\u0107anja na Holokaust. Komemoraciji su prisustvovali delegati BH UK Networka. Komemorativnu ceremoniju sa po\u010detkom u 14.00 sati, predvodili su<span class=\"Apple-converted-space\">\u00a0 <\/span>gradona\u010delnik Birmingama, Muhammad Afzal<span class=\"Apple-converted-space\">\u00a0 <\/span>i vije\u0107nik John Cotton, \u010dlan kabineta za sigurnost i jednakost u zajednici. Ovaj dan sje\u0107anja je jedan dan koji smo izdvojili da se svi okupimo i sjetimo, da nau\u010dimo o Holokaustu, nacisti\u010dkom progonu i genocidima koji su uslijedili u Kambod\u017ei, Ruandi, Bosni i Darfuru, u nadi da \u0107e mo\u017eda<span class=\"Apple-converted-space\">\u00a0 <\/span>biti Jedan Dan u budu\u0107nosti bez genocida. U\u010dimo vi\u0161e o pro\u0161losti, suosje\u0107amo sa drugima danas i preduzimamo akcije za bolju budu\u0107nost.<\/p>\n<p><a class=\"dt-pswp-item\" href=https:\/\/bosniauknetwork.org\/wp-content\/uploads\/2022\/02\/HMd-Birmingham-2022.jpg\" data-dt-img-description=\"\" data-large_image_width=\"4032\" data-large_image_height=\"3024\"><img fetchpriority=\"high\" class=\"alignnone size-full wp-image-7519\" src=https:\/\/bosniauknetwork.org\/wp-content\/uploads\/2022\/02\/HMd-Birmingham-2022.jpg\" alt=\"\" width=\"4032\" height=\"3024\" \/><\/a>Ovom prilikom spomenut je i genocid u Bosni i Hercegovini. Amil Khan iz organizacije Remembering Srebrenica je istakao va\u017enost ove ceremonije i spomenuo genocid u Srebrenici i trenutnu situaciju negiranja genocida u Bosni i Hercegovini. Istakao je kako je va\u017eno podr\u017eati zakone koji zabranjuju negiranje genocida kao oblik govora mr\u017enje namijenjen podsticanju nasilja nad manjinama.<\/p>\n<p>Komemoraciju je zapo\u010dela Simone Schehtman, izvo\u0111enjem na violini. Paljenjem svije\u0107a i minutom \u0161utnje odata je po\u010dast svim \u017ertvama genocida<span class=\"Apple-converted-space\">\u00a0 <\/span>\u0161irom svijeta . Program, koji je organizirao tim za doga\u0111aje Gradskog vije\u0107a Birminghama, uklju\u010dio je individualana svjedo\u010denja,<span class=\"Apple-converted-space\">\u00a0 <\/span>paljenje svije\u0107a, film, molitve i muziku hora gradskog vije\u0107a Birminghama. Mlada pjesnikinja Fatma Mohiuddin je pro\u010ditala poem, a Mindu Hornick je<span class=\"Apple-converted-space\">\u00a0 <\/span>govorila<span class=\"Apple-converted-space\">\u00a0 <\/span>o svojim iskustvima kao jedna od pre\u017eivjelih Holokausta.<span class=\"Apple-converted-space\">\u00a0<\/span><\/p>\n<figure id=\"attachment_7520\" aria-describedby=\"caption-attachment-7520\" style=\"width: 3024px\" class=\"wp-caption alignnone\"><a class=\"dt-pswp-item\" href=https:\/\/bosniauknetwork.org\/wp-content\/uploads\/2022\/02\/Amil-Khan-Dn.jpg\" data-dt-img-description=\"\" data-large_image_width=\"3024\" data-large_image_height=\"4032\"><img class=\"wp-image-7520 size-full\" src=https:\/\/bosniauknetwork.org\/wp-content\/uploads\/2022\/02\/Amil-Khan-Dn.jpg\" alt=\"\" width=\"3024\" height=\"4032\" \/><\/a><figcaption id=\"caption-attachment-7520\" class=\"wp-caption-text\"><em><strong>Amil Khan pri\u010dao o genocidu u Srebrenici<\/strong><\/em><\/figcaption><\/figure>\n","protected":false},"excerpt":{"rendered":"<p>U Millenium Point centru u Birmingamu\u00a0 obilje\u017een je Dan sje\u0107anja na Holokaust. Komemoraciji su prisustvovali delegati BH UK Networka. Komemorativnu ceremoniju sa po\u010detkom u 14.00 sati, predvodili su\u00a0 gradona\u010delnik Birmingama, [&hellip;]<\/p>\n","protected":false},"author":1,"featured_media":12419,"comment_status":"closed","ping_status":"closed","sticky":false,"template":"","format":"standard","meta":{"site-sidebar-layout":"default","site-content-layout":"","ast-site-content-layout":"default","site-content-style":"default","site-sidebar-style":"default","ast-global-header-display":"","ast-banner-title-visibility":"","ast-main-header-display":"","ast-hfb-above-header-display":"","ast-hfb-below-header-display":"","ast-hfb-mobile-header-display":"","site-post-title":"","ast-breadcrumbs-content":"","ast-featured-img":"","footer-sml-layout":"","ast-disable-related-posts":"","theme-transparent-header-meta":"","adv-header-id-meta":"","stick-header-meta":"","header-above-stick-meta":"","header-main-stick-meta":"","header-below-stick-meta":"","astra-migrate-meta-layouts":"default","ast-page-background-enabled":"default","ast-page-background-meta":{"desktop":{"background-color":"","background-image":"","background-repeat":"repeat","background-position":"center center","background-size":"auto","background-attachment":"scroll","background-type":"","background-media":"","overlay-type":"","overlay-color":"","overlay-opacity":"","overlay-gradient":""},"tablet":{"background-color":"","background-image":"","background-repeat":"repeat","background-position":"center center","background-size":"auto","background-attachment":"scroll","background-type":"","background-media":"","overlay-type":"","overlay-color":"","overlay-opacity":"","overlay-gradient":""},"mobile":{"background-color":"","background-image":"","background-repeat":"repeat","background-position":"center center","background-size":"auto","background-attachment":"scroll","background-type":"","background-media":"","overlay-type":"","overlay-color":"","overlay-opacity":"","overlay-gradient":""}},"ast-content-background-meta":{"desktop":{"background-color":"var(--ast-global-color-5)","background-image":"","background-repeat":"repeat","background-position":"center center","background-size":"auto","background-attachment":"scroll","background-type":"","background-media":"","overlay-type":"","overlay-color":"","overlay-opacity":"","overlay-gradient":""},"tablet":{"background-color":"var(--ast-global-color-5)","background-image":"","background-repeat":"repeat","background-position":"center center","background-size":"auto","background-attachment":"scroll","background-type":"","background-media":"","overlay-type":"","overlay-color":"","overlay-opacity":"","overlay-gradient":""},"mobile":{"background-color":"var(--ast-global-color-5)","background-image":"","background-repeat":"repeat","background-position":"center center","background-size":"auto","background-attachment":"scroll","background-type":"","background-media":"","overlay-type":"","overlay-color":"","overlay-opacity":"","overlay-gradient":""}},"_themeisle_gutenberg_block_has_review":false,"footnotes":""},"categories":[6],"tags":[],"class_list":["post-7517","post","type-post","status-publish","format-standard","has-post-thumbnail","hentry","category-news-updates"],"_links":{"self":[{"href":"https:\/\/bosniauknetwork.org\/bs\/wp-json\/wp\/v2\/posts\/7517","targetHints":{"allow":["GET"]}}],"collection":[{"href":"https:\/\/bosniauknetwork.org\/bs\/wp-json\/wp\/v2\/posts"}],"about":[{"href":"https:\/\/bosniauknetwork.org\/bs\/wp-json\/wp\/v2\/types\/post"}],"author":[{"embeddable":true,"href":"https:\/\/bosniauknetwork.org\/bs\/wp-json\/wp\/v2\/users\/1"}],"replies":[{"embeddable":true,"href":"https:\/\/bosniauknetwork.org\/bs\/wp-json\/wp\/v2\/comments?post=7517"}],"version-history":[{"count":0,"href":"https:\/\/bosniauknetwork.org\/bs\/wp-json\/wp\/v2\/posts\/7517\/revisions"}],"wp:featuredmedia":[{"embeddable":true,"href":"https:\/\/bosniauknetwork.org\/bs\/wp-json\/wp\/v2\/media\/12419"}],"wp:attachment":[{"href":"https:\/\/bosniauknetwork.org\/bs\/wp-json\/wp\/v2\/media?parent=7517"}],"wp:term":[{"taxonomy":"category","embeddable":true,"href":"https:\/\/bosniauknetwork.org\/bs\/wp-json\/wp\/v2\/categories?post=7517"},{"taxonomy":"post_tag","embeddable":true,"href":"https:\/\/bosniauknetwork.org\/bs\/wp-json\/wp\/v2\/tags?post=7517"}],"curies":[{"name":"wp","href":"https:\/\/api.w.org\/{rel}","templated":true}]}}