{"id":7523,"date":"2022-02-21T14:55:07","date_gmt":"2022-02-21T14:55:07","guid":{"rendered":"https:\/\/bosniauknetwork.org\/bosanac-zrtva-genocidnog-rezima-sada-predavac-na-univerzitetu-newcastle\/"},"modified":"2022-02-21T14:55:07","modified_gmt":"2022-02-21T14:55:07","slug":"bosanac-zrtva-genocidnog-rezima-sada-predavac-na-univerzitetu-newcastle","status":"publish","type":"post","link":"https:\/\/bosniauknetwork.org\/bs\/bosanac-zrtva-genocidnog-rezima-sada-predavac-na-univerzitetu-newcastle\/","title":{"rendered":"Bosanac \u017ertva genocidnog re\u017eima, sada predava\u010d na Univerzitetu Newcastle"},"content":{"rendered":"<blockquote><p>Smajo Be\u0161o, Geordie izbjeglica i pre\u017eivjeli genocida u Bosni je samo<span class=\"Apple-converted-space\">\u00a0 <\/span>sa 9 godina istrgnut<span class=\"Apple-converted-space\">\u00a0 <\/span>iz svoje domovine, nakon nemilosrdnog perioda gladovanja i varvarstva.<\/p>\n<p>Uprkos tome \u0161to je pro\u017eivio takve zlo\u010dine, podijelio je svoju pri\u010du. Za njega postoji mo\u0107 u humanizaciji historije i udahnivanju \u017eivota u tupu statistiku rata.<\/p><\/blockquote>\n<p>&#8220;Bosanski genocid se \u010desto svodi na jedan doga\u0111aj 1995. godine, masakr u Srebrenici, gdje je pobijeno vi\u0161e od 8.000 mu\u0161karaca i dje\u010daka Bo\u0161njaka Muslimana&#8221;, rekao je 36-godi\u0161nji predava\u010d Univerziteta Newcastle Smajo, koji sada \u017eivi u High Heatonu.<\/p>\n<p>\u201eAli morate imati na umu da je tokom agresije na Bosnu i Hercegovinu 100.000 ljudi ubijeno, bezbroj \u017eena i djevojaka je silovano i vi\u0161e od 2 miliona ljudi je raseljeno.<\/p>\n<p>&#8220;Genocid vas zaista uklanja iz svega \u0161to znate i svega \u0161to volite.\u201d<\/p>\n<p>Kada je po\u010deo rat 1992. godine, Smajeva porodica se tek nastanila u &#8220;lijepom novom domu&#8221; u gradu Stocu i kupila psa za djecu da odrastaju.<\/p>\n<p>&#8220;Sve je bilo sjajno, \u017eivjeli smo u naprednom i modernom dru\u0161tvu&#8221;, rekao je Smajo. Ali uskoro \u0107e postati sredi\u0161te najve\u0107eg zlo\u010dina u Evropi od Holokausta.<\/p>\n<p>Okrutnost nije do\u0161la odjednom, ve\u0107 je do\u0161lo do &#8220;drip-feed&#8221; terora koji je po\u010deo da &#8220;zarazuje&#8221; svakodnevni \u017eivot.<\/p>\n<p>&#8220;Kako starim, shva\u0107am koliko su se moji roditelji trudili da za\u0161tite nas djecu i koliko je to bilo te\u0161ko&#8221;, rekao je Smajo. \u201eMoje najranije sje\u0107anje na to da stvari nisu kako treba bilo je kada sam jednog dana utr\u010dao u svoju ku\u0107u da vidim mamu kako pla\u010de ispred televizora.<\/p>\n<p>\u201eRekla mi je da je sve u redu, ali me je nakon toga tako \u010dvrsto zagrlila. Tek godinama kasnije mi je rekla da je gledala reporta\u017eu o sukobu koji se \u0161iri zemljom.<\/p>\n<p>&#8220;Znala je da ne\u0107emo dugo biti bezbjedni i bila je potpuno bespomo\u0107na.&#8221;<\/p>\n<p>Prisje\u0107a se da je ubrzo nakon toga njegova majka \u0160efika posljednji put zaklju\u010dala njihova ulazna vrata: &#8220;Nismo znali, ali u tih prvih 9 mjeseci rata kretali bismo se 14 puta.&#8221;<\/p>\n<p>Smajin tata D\u017eemal pridru\u017eio se lokalnoj vojsci, okupljaju\u0107i se protiv okupatorske srpske vojske sa svojim hrvatskim prijateljima i kom\u0161ijama.<\/p>\n<p>Me\u0111utim, godinu dana nakon rata, bosanski Hrvati su po\u010deli hapsiti pripadnike vlastite pje\u0161adije koji su slu\u010dajno bili Bo\u0161njaci Muslimani.<\/p>\n<p>Njegov otac je odveden u koncentracioni logor Dretelj i na kraju je protjeran iz Bosne u Ujedinjeno Kraljevstvo u januaru 1994. godine.<\/p>\n<p>U me\u0111uvremenu, Smajo i ostatak njegove porodice ostali su i \u017eivjeli kod njegovog strica.<\/p>\n<p>Sje\u0107a se kako su u avgustu 1993. godine vojnici do\u0161li na to podru\u010dje i prijetili \u201cda \u0107e nas pobiti i silovati \u017eene\u201d.<\/p>\n<p>\u201cOdrasle osobe su pretresene, a onda smo skupljeni kao stoka i natjerani da umar\u0161iramo na novu lokaciju.<\/p>\n<p>\u201eSje\u0107am se da sam vidio toliko stvari odba\u010denih pored puta i u jednom trenutku sam pregazio ono \u0161to sam u po\u010detku mislio da je hrpa odje\u0107e.<\/p>\n<p>&#8220;Bilo je te\u0161ko ispod, i shvatio sam da je to le\u0161 starca. Bio je obu\u010den u isto odijelo koje je nosio moj djed.&#8221;<\/p>\n<p>Nakon mukotrpnog puta, njegova porodica se nastanila u gradu Isto\u010dni Mostar, gdje je \u017eivjela sa Smajinom tetkom, njenom djecom i njegovim djedom i nanom.<\/p>\n<p>\u201cIako smo bili daleko od fronta, podru\u010dje je bilo opkoljeno i svakodnevno je bombardovano od strane Hrvata i Srba.<\/p>\n<blockquote><p>\u201c\u017divjeli smo u tako nehumanim uslovima \u2013 umirali smo od gladi, primorani da jedemo travu i hranu za koko\u0161i da bismo pre\u017eivjeli.<\/p>\n<p>&#8220;Zima je bila nevjerovatno o\u0161tra &#8211; nismo imali drva za ogrijev i nismo vidjeli ni\u0161ta od me\u0111unarodne zajednice.&#8221;<\/p>\n<p>U strahu, nastupili su veliki dijelovi dosade u kojima su djeca morala osmisliti kreativne na\u010dine da se zabavljaju bez igra\u010daka ili igrica.<\/p>\n<p>\u201eBili smo \u017eeljni odlaska u \u0161kolu, da opet osjetimo te djeli\u0107e normalnosti \u201c, objasnio je.<span class=\"Apple-converted-space\">\u00a0<\/span><\/p><\/blockquote>\n<p>\u201eNastava bi se odr\u017eavala no\u0107u i morali bismo da rizikujemo eksplozije da bismo prisustvovali.<\/p>\n<p>&#8220;Provoditi vrijeme s drugom djecom i vra\u0107ati dio na\u0161eg djetinjstva natrag bio je \u010din otpora.&#8221;<\/p>\n<p>Jedna \u0161kolska no\u0107 ostat \u0107e zauvijek urezana u Smaju u sje\u0107anju.<\/p>\n<p>U januaru 1994. avioni su zasuli grad eksplozivom i &#8220;cijela zgrada je po\u010dela da se trese kao nikada ranije&#8221;.<\/p>\n<p>Rekao je: \u201eSvi su vri\u0161tali. Ali ja sam bio toliko paralizovan od straha da nisam mogao ni da zapla\u010dem.<\/p>\n<p>&#8220;Mogao sam da vidim na\u0161u ulicu iz \u0161kole i bila je napadnuta &#8211; bojao sam se da \u0107e svi koje volim biti odvedeni ili ubijeni.&#8221;<\/p>\n<p>Njegov strah nije bio neosnovan jer je u ku\u0107i njegova tetka Emina bila ranjena u stomak.<\/p>\n<p>Prisje\u0107a se kako se porodica mu\u010dila da je odveze u bolnicu, ali da je zbog sankcija &#8220;benzin bio kao zlatni prah&#8221;, pa su je morali prebacivati \u200b\u200biz jednog automobila u drugi.<\/p>\n<p>Do trenutka kada je stigla u gradsku improviziranu medicinsku ustanovu, izgubila je mnogo krvi i nisu imali lijekove koji bi joj olak\u0161ali bol.<\/p>\n<figure id=\"attachment_7525\" aria-describedby=\"caption-attachment-7525\" style=\"width: 615px\" class=\"wp-caption alignnone\"><a class=\"dt-pswp-item\" href=https:\/\/bosniauknetwork.org\/wp-content\/uploads\/2022\/02\/Smajos-auntie-Emina-who-died-during-attacks-on-East-Mostar.jpeg\" data-dt-img-description=\"\" data-large_image_width=\"615\" data-large_image_height=\"850\"><img fetchpriority=\"high\" class=\"wp-image-7525 size-full\" src=https:\/\/bosniauknetwork.org\/wp-content\/uploads\/2022\/02\/Smajos-auntie-Emina-who-died-during-attacks-on-East-Mostar.jpeg\" alt=\"\" width=\"615\" height=\"850\" \/><\/a><figcaption id=\"caption-attachment-7525\" class=\"wp-caption-text\"><em><strong>Smajina tetka koja je ubijena u napadu<\/strong><\/em><\/figcaption><\/figure>\n<p>\u201cDoktor koji ju je lije\u010dio bio je njen ro\u0111ak\u201d, objasnio je Smajo. \u201cPorodica je sve radila, svi su poku\u0161avali da daju krv, ali je ona preminula u ranim satima.<\/p>\n<p>\u201eGubitak tako nevjerovatnog lika bio je odlu\u010duju\u0107i trenutak u ratu. Ona je uvijek bila nasmijana, pru\u017eala nam je i davala nam jasnu viziju za budu\u0107nost \u2013 a onda je iznenada nestala.<\/p>\n<p>&#8220;U tom trenutku bio sam ispunjen sa toliko ljutnje. Dio mene je otrgnut i svaka nada je izgubljena.&#8221;<\/p>\n<p>Ali umjesto da ga pusti da podlegne toj mr\u017enji, Smajeva majka je u\u010dinila ne\u0161to nevjerovatno.<\/p>\n<p>Prepoznav\u0161i da postoji mogu\u0107nost da njena djeca postanu izopa\u010dena zbog ljutnje koju su osje\u0107ali prema napada\u010dkim snagama i kr\u0161\u0107anima u cjelini, duboko je kopala.<\/p>\n<p>&#8220;Ona je nekako smogla snage da sjedne sa nama i pa\u017eljivo objasni da u svakoj grupi uvijek ima dobrih i lo\u0161ih ljudi i da nikada ne treba generalizirati&#8221;, rekao je Smajo.<\/p>\n<blockquote><p>&#8220;Nau\u010dila nas je da u trenucima devastacije ne pre\u017eivite odustajanjem od svog morala, ve\u0107 ga se jo\u0161 \u010dvr\u0161\u0107e pridr\u017eavate.&#8221;<\/p>\n<p>Nakon porodi\u010dne tragedije, Smajo i njegova u\u017ea porodica proveli su mjesec dana u hrvatskom izbjegli\u010dkom kampu prije nego \u0161to su preba\u010deni u Veliku Britaniju kao dio vladinog plana u julu 1994. godine.<\/p>\n<figure id=\"attachment_7526\" aria-describedby=\"caption-attachment-7526\" style=\"width: 615px\" class=\"wp-caption alignnone\"><a class=\"dt-pswp-item\" href=https:\/\/bosniauknetwork.org\/wp-content\/uploads\/2022\/02\/Smajo-with-his-brother-Sead-sister-Senada-mother-Sefika-and-father-Dzemal-after-arriving-in-Newcastle-in-July-1994.jpeg\" data-dt-img-description=\"\" data-large_image_width=\"615\" data-large_image_height=\"460\"><img class=\"wp-image-7526 size-full\" src=https:\/\/bosniauknetwork.org\/wp-content\/uploads\/2022\/02\/Smajo-with-his-brother-Sead-sister-Senada-mother-Sefika-and-father-Dzemal-after-arriving-in-Newcastle-in-July-1994.jpeg\" alt=\"\" width=\"615\" height=\"460\" \/><\/a><figcaption id=\"caption-attachment-7526\" class=\"wp-caption-text\"><strong><em>Juli 1994.godina nakon dolaska u Newcastle &#8211; Smajo sa bratom Seadom, sestrom Senadom, majkom \u0160efikom i ocem D\u017eemalom<\/em><\/strong><\/figcaption><\/figure><\/blockquote>\n<p>&nbsp;<\/p>\n<p>Jo\u0161 uvijek ima kopije pisama poslanika Newcastlea, laburisti\u010dkog politi\u010dara Jima Cousinsa, upu\u0107enih hrvatskoj i bosanskoj vladi u kojima se zahtijeva sigurnost porodice i opisuje ih kao svoje \\'bira\u010de\\&#8217; prije njihovog dolaska.<\/p>\n<p>Smajo je rekao: \u201cZamislite, \u017eivjeli smo u isto\u010dnom Mostaru, dehumanizirani i okru\u017eeni srpskom i hrvatskom vojskom.<\/p>\n<p>&#8220;Ali u Velikoj Britaniji, ljudi su davali sve od sebe da nas lociraju i pomognu. Bilo je to najve\u0107e priznanje.&#8221;<\/p>\n<p>Stigav\u0161i \u200b\u200bu Newcastle, porodica je bila smje\u0161tena u Gosforthovom izbjegli\u010dkom centru.<\/p>\n<p>Smajo se sje\u0107a kako ih je jedan stariji par koji \u017eivi u susjedstvu sve do\u010dekao u njihovu ku\u0107u i priredio zabave kojima je proslavio njihov dolazak.<\/p>\n<p>Me\u0111utim, &#8220;period medenog mjeseca&#8221; bio je kratkog vijeka. Kada je Smajo po\u010deo poha\u0111ati osnovnu \u0161kolu Chillingham Road, borio se sa PTSP-om, nije mogao govoriti engleski i &#8220;stalno je sanjao da se vrati ku\u0107i&#8221;.<\/p>\n<p>Na kraju svakog dana, njegov u\u010ditelj bi dao razredu da otpjevaju istu pjesmu prije nego \u0161to odu ku\u0107i.<\/p>\n<p>&#8220;Nisam mogao razumjeti \u0161ta te rije\u010di zna\u010de&#8221;, rekao je. &#8220;A svaki dan bi me to vi\u0161e frustriralo jer sam se osje\u0107ao kao autsajder.&#8221;<\/p>\n<p>Ali jednog popodneva, na svoje \u010du\u0111enje, mogao je \u201e\u010dudesno razumjeti \u0161ta se peva\u201c.<\/p>\n<figure id=\"attachment_7527\" aria-describedby=\"caption-attachment-7527\" style=\"width: 615px\" class=\"wp-caption alignnone\"><a class=\"dt-pswp-item\" href=https:\/\/bosniauknetwork.org\/wp-content\/uploads\/2022\/02\/Smajo-with-Claire-and-Emily-staff-members-at-Skimstone-Arts.jpeg\" data-dt-img-description=\"\" data-large_image_width=\"615\" data-large_image_height=\"461\"><img class=\"wp-image-7527 size-full\" src=https:\/\/bosniauknetwork.org\/wp-content\/uploads\/2022\/02\/Smajo-with-Claire-and-Emily-staff-members-at-Skimstone-Arts.jpeg\" alt=\"\" width=\"615\" height=\"461\" \/><\/a><figcaption id=\"caption-attachment-7527\" class=\"wp-caption-text\"><em><strong>Smajo sa Emily i Claire \/ osobljem Skimstone Arts organizacije<\/strong><\/em><\/figcaption><\/figure>\n<p>&nbsp;<\/p>\n<blockquote><p>&#8220;Bio sam u takvom \u0161oku&#8221;, rekao je. &#8220;Moja u\u010diteljica je nau\u010dila djecu da pjevaju na bosanskom jeziku, tako da sam se osje\u0107ao uklju\u010denim.&#8221;<\/p>\n<p>\u201cZa mene je to bio tako zna\u010dajan trenutak jer su tokom genocida Bo\u0161njaci Muslimani tretirani s takvim prezirom.<\/p>\n<p>\u201eAli ovdje me je prepoznala grupa ljudi. I taj duh podr\u0161ke \u010dini sjeveroistok tako posebnim.<\/p>\n<p>\u201eNewcastle je grad svetinje, to je moj dom, i ja sam nevjerovatno ponosan na njega. Moja porodica je dokaz ljubaznosti ljudi ovdje.<\/p><\/blockquote>\n<p>&#8220;Znam da to mo\u017eda nije matemati\u010dki mogu\u0107e, ali sebe vidim kao 100% Geordie i 100% Bosanac.&#8221;<\/p>\n<p>Godinama kasnije, Smajo \u0107e biti ponovo predstavljen upravo tom u\u010ditelju u slu\u010dajnom susretu.<\/p>\n<p>Nakon \u0161to je prestala da predaje, Claire Webster Saaremets je osnovala Skimstone Arts: organizaciju predvo\u0111enu umjetnicima koja podr\u017eava razli\u010dite umjetnike, ljude i zajednice u opasnosti od izolacije.<\/p>\n<p>Smajo ju je odmah prepoznao i od tada su imali sna\u017ean utjecaj na \u017eivote jedni drugih &#8211; rade\u0107i zajedno na preno\u0161enju Smajinog iskustva.<\/p>\n<p>Osvr\u0107u\u0107i se na pro\u0161lost, Claire je rekla: \u201eKada sam predavala, nije nam ni\u0161ta re\u010deno o tome kroz \u0161ta su ova djeca pro\u0161la.<\/p>\n<p>\u201cAli ono \u0161to sam vidjela je bio izgubljeni mali dje\u010dak, sa toliko bola zarobljenog u sebi da nije mogao ni da po\u010dne da komunicira.<\/p>\n<p>&#8220;Znao sam da nikada ne\u0107emo mo\u0107i popraviti gubitak njegovog pejza\u017ea, njegovog identiteta i njegove porodice. Ali morali smo ne\u0161to u\u010diniti.&#8221;<\/p>\n<p>\u201ePrivilegija je ponovo sresti Smaju i sara\u0111ivati \u200b\u200bs njim na projektima poput Memorijalne manifestacije Jedan dan mijenja Holokaust, koja poziva pripovjeda\u010de da odgovore na temu genocida kroz razli\u010dite umjetni\u010dke medije.<\/p>\n<p>\u201eMogao je tako lako da ne radi posao koji radi, zbog traume, ali to radi jer \u017eeli da napravi razliku i da u\u010di druge.<\/p>\n<p>&#8220;Bilo da se radi o umjetnosti ili novinarstvu, moramo nastaviti dijeliti ove pri\u010de, humanizirati ih iu\u010diti iz njih.\u201d<\/p>\n<p>Kako Claire svjedo\u010di, Smajo neumorno radi na edukaciji drugih o genocidu u Bosni i njegovim odjecima.<\/p>\n<blockquote><p>Kada ne predaje arhitekturu na Univerzitetu Newcastle, dosta svog vremena posve\u0107uje odr\u017eavanju komemorativnih doga\u0111aja i informiranju drugih o svom izbjegli\u010dkom iskustvu.<\/p>\n<p>Radio je sa op\u0161tinom Newcastlea kako bi priznali genocid u Bosni, a 2018. godine osnovao je Bosansku obrazovnu fondaciju za edukaciju o genocidu, kako bi pomogao drugima da u\u010de iz zlo\u010dina i podsjetio ljude da se &#8220;ove grozne stvari mogu dogoditi bilo gdje&#8221;.<\/p>\n<p>Nedavno je fondacija sara\u0111ivala s organizacijom Give Racism the Red Card da pilotira \u0161emu u \u0161koli, koriste\u0107i njegovu pri\u010du da nau\u010di mlade ljude ljepoti saosje\u0107anja.<\/p>\n<p>Prvi put uveden u Hadrian\\'s School u South Shieldsu, program \u0107e ove godine biti uveden i na nacionalnom nivou.<\/p><\/blockquote>\n<p><em>Prevedeno sa chroniclelive.co.uk<\/em><\/p>\n<figure id=\"attachment_7528\" aria-describedby=\"caption-attachment-7528\" style=\"width: 615px\" class=\"wp-caption alignnone\"><a class=\"dt-pswp-item\" href=https:\/\/bosniauknetwork.org\/wp-content\/uploads\/2022\/02\/Smajo-and-school-children-who-took-part-in-the-Making-Peace-programme.jpeg\" data-dt-img-description=\"\" data-large_image_width=\"615\" data-large_image_height=\"461\"><img loading=\"lazy\" class=\"wp-image-7528 size-full\" src=https:\/\/bosniauknetwork.org\/wp-content\/uploads\/2022\/02\/Smajo-and-school-children-who-took-part-in-the-Making-Peace-programme.jpeg\" alt=\"\" width=\"615\" height=\"461\" \/><\/a><figcaption id=\"caption-attachment-7528\" class=\"wp-caption-text\"><em><strong>Smajo sa u\u010denicima koji su uzeli u\u010de\u0161\u0107e u programu &#8221; Making Peace&#8221; <\/strong><\/em><\/figcaption><\/figure>\n","protected":false},"excerpt":{"rendered":"<p>Smajo Be\u0161o, Geordie izbjeglica i pre\u017eivjeli genocida u Bosni je samo\u00a0 sa 9 godina istrgnut\u00a0 iz svoje domovine, nakon nemilosrdnog perioda gladovanja i varvarstva. Uprkos tome \u0161to je pro\u017eivio takve [&hellip;]<\/p>\n","protected":false},"author":1,"featured_media":0,"comment_status":"closed","ping_status":"closed","sticky":false,"template":"","format":"standard","meta":{"site-sidebar-layout":"default","site-content-layout":"","ast-site-content-layout":"default","site-content-style":"default","site-sidebar-style":"default","ast-global-header-display":"","ast-banner-title-visibility":"","ast-main-header-display":"","ast-hfb-above-header-display":"","ast-hfb-below-header-display":"","ast-hfb-mobile-header-display":"","site-post-title":"","ast-breadcrumbs-content":"","ast-featured-img":"","footer-sml-layout":"","ast-disable-related-posts":"","theme-transparent-header-meta":"","adv-header-id-meta":"","stick-header-meta":"","header-above-stick-meta":"","header-main-stick-meta":"","header-below-stick-meta":"","astra-migrate-meta-layouts":"default","ast-page-background-enabled":"default","ast-page-background-meta":{"desktop":{"background-color":"","background-image":"","background-repeat":"repeat","background-position":"center center","background-size":"auto","background-attachment":"scroll","background-type":"","background-media":"","overlay-type":"","overlay-color":"","overlay-opacity":"","overlay-gradient":""},"tablet":{"background-color":"","background-image":"","background-repeat":"repeat","background-position":"center center","background-size":"auto","background-attachment":"scroll","background-type":"","background-media":"","overlay-type":"","overlay-color":"","overlay-opacity":"","overlay-gradient":""},"mobile":{"background-color":"","background-image":"","background-repeat":"repeat","background-position":"center center","background-size":"auto","background-attachment":"scroll","background-type":"","background-media":"","overlay-type":"","overlay-color":"","overlay-opacity":"","overlay-gradient":""}},"ast-content-background-meta":{"desktop":{"background-color":"var(--ast-global-color-5)","background-image":"","background-repeat":"repeat","background-position":"center center","background-size":"auto","background-attachment":"scroll","background-type":"","background-media":"","overlay-type":"","overlay-color":"","overlay-opacity":"","overlay-gradient":""},"tablet":{"background-color":"var(--ast-global-color-5)","background-image":"","background-repeat":"repeat","background-position":"center center","background-size":"auto","background-attachment":"scroll","background-type":"","background-media":"","overlay-type":"","overlay-color":"","overlay-opacity":"","overlay-gradient":""},"mobile":{"background-color":"var(--ast-global-color-5)","background-image":"","background-repeat":"repeat","background-position":"center center","background-size":"auto","background-attachment":"scroll","background-type":"","background-media":"","overlay-type":"","overlay-color":"","overlay-opacity":"","overlay-gradient":""}},"_themeisle_gutenberg_block_has_review":false,"footnotes":""},"categories":[6],"tags":[],"class_list":["post-7523","post","type-post","status-publish","format-standard","hentry","category-news-updates"],"_links":{"self":[{"href":"https:\/\/bosniauknetwork.org\/bs\/wp-json\/wp\/v2\/posts\/7523","targetHints":{"allow":["GET"]}}],"collection":[{"href":"https:\/\/bosniauknetwork.org\/bs\/wp-json\/wp\/v2\/posts"}],"about":[{"href":"https:\/\/bosniauknetwork.org\/bs\/wp-json\/wp\/v2\/types\/post"}],"author":[{"embeddable":true,"href":"https:\/\/bosniauknetwork.org\/bs\/wp-json\/wp\/v2\/users\/1"}],"replies":[{"embeddable":true,"href":"https:\/\/bosniauknetwork.org\/bs\/wp-json\/wp\/v2\/comments?post=7523"}],"version-history":[{"count":0,"href":"https:\/\/bosniauknetwork.org\/bs\/wp-json\/wp\/v2\/posts\/7523\/revisions"}],"wp:attachment":[{"href":"https:\/\/bosniauknetwork.org\/bs\/wp-json\/wp\/v2\/media?parent=7523"}],"wp:term":[{"taxonomy":"category","embeddable":true,"href":"https:\/\/bosniauknetwork.org\/bs\/wp-json\/wp\/v2\/categories?post=7523"},{"taxonomy":"post_tag","embeddable":true,"href":"https:\/\/bosniauknetwork.org\/bs\/wp-json\/wp\/v2\/tags?post=7523"}],"curies":[{"name":"wp","href":"https:\/\/api.w.org\/{rel}","templated":true}]}}