{"id":7549,"date":"2022-02-04T09:45:17","date_gmt":"2022-02-04T09:45:17","guid":{"rendered":"https:\/\/bosniauknetwork.org\/adis-ahmetovic-iz-sarajeva-porucio-samo-je-jedan-pravi-put-za-bih\/"},"modified":"2022-02-04T09:45:17","modified_gmt":"2022-02-04T09:45:17","slug":"adis-ahmetovic-iz-sarajeva-porucio-samo-je-jedan-pravi-put-za-bih","status":"publish","type":"post","link":"https:\/\/bosniauknetwork.org\/bs\/adis-ahmetovic-iz-sarajeva-porucio-samo-je-jedan-pravi-put-za-bih\/","title":{"rendered":"Adis Ahmetovi\u0107 iz Sarajeva poru\u010dio: Samo je jedan pravi put za BiH"},"content":{"rendered":"<p>Nakon dana\u0161njeg sastanka sa predsjedavaju\u0107im Predstavni\u010dkog doma PS BiH <strong>Denisom Zvizdi\u0107em<\/strong>, zastupnik u Bundestagu Adis Ahmetovi\u0107 obratio se medijima u Sarajevu.<\/p>\n<p>&#8220;Prije svega \u017eelim da vam se zahvalim na gostoprimstvu. Drago mi je da sam tu, ispred parlamenta Njema\u010dke. Ovdje sam u svojstvu izvjestioca za Zapadni Balkan.<\/p>\n<p>Prije nego \u0161to sam do\u0161ao ovdje, bio sam u Srbiji. Uvjerio sam se u ono \u0161to sam vidio i ovdje i \u0161ta smo se dogovorili danas. Parlament je najve\u0107i ustavni organ koji se mora po\u0161tivati&#8221;, kazao je Ahmetovi\u0107.<\/p>\n<p>Osvrnuo se na, kako ka\u017ee, <strong>jedini pravi put za Bosnu i Hercegovinu<\/strong>.<\/p>\n<p>&#8220;<strong>Jedini pravi put BiH je put prema EU. Zajedno moramo raditi i nastojati da oja\u010damo Parlament i njegovo funkcionisanje<\/strong>&#8220;, dodao je mladi politi\u010dar.<\/p>\n<p>Kasnije se osvrnuo na jo\u0161 dva bitna cilja za na\u0161u dr\u017eavu.<\/p>\n<p>&#8220;<strong>Drugi zajedni\u010dki cilj je pristup NATO-u. To je vrlo bitno jer je osnova za saradnju BiH i EU u ovom te\u0161kom vremenu u kojem je prisutno dosta nesigurnosti i u Ukrajini i u BiH<\/strong>. Moramo raditi kako bismo postigli taj cilj.<\/p>\n<p><strong>I tre\u0107a ta\u010dka koja je va\u017ena su izbori u oktobru, koji \u0107e biti odr\u017eani<\/strong>.<\/p>\n<p>Odr\u017eavanje izbora je dokaz da je BiH stabilna, mirna i demokratska zemlja.<\/p>\n<p><strong>Na tom putu BiH mo\u017ee ra\u010dunati na podr\u0161ku EU, Njema\u010dke i visokog predstavnika.<\/strong><\/p>\n<p>Ne smijemo izostaviti iz vida situacije koje moramo popraviti: socijalne nesigurnosti, stvaranje bolje situacije za mlade da ne bi odlazili itd&#8221;, zaklju\u010dio je na kraju Ahmetovi\u0107.<\/p>\n","protected":false},"excerpt":{"rendered":"<p>Nakon dana\u0161njeg sastanka sa predsjedavaju\u0107im Predstavni\u010dkog doma PS BiH Denisom Zvizdi\u0107em, zastupnik u Bundestagu Adis Ahmetovi\u0107 obratio se medijima u Sarajevu. &#8220;Prije svega \u017eelim da vam se zahvalim na gostoprimstvu. [&hellip;]<\/p>\n","protected":false},"author":1,"featured_media":0,"comment_status":"closed","ping_status":"closed","sticky":false,"template":"","format":"standard","meta":{"site-sidebar-layout":"default","site-content-layout":"","ast-site-content-layout":"default","site-content-style":"default","site-sidebar-style":"default","ast-global-header-display":"","ast-banner-title-visibility":"","ast-main-header-display":"","ast-hfb-above-header-display":"","ast-hfb-below-header-display":"","ast-hfb-mobile-header-display":"","site-post-title":"","ast-breadcrumbs-content":"","ast-featured-img":"","footer-sml-layout":"","ast-disable-related-posts":"","theme-transparent-header-meta":"","adv-header-id-meta":"","stick-header-meta":"","header-above-stick-meta":"","header-main-stick-meta":"","header-below-stick-meta":"","astra-migrate-meta-layouts":"default","ast-page-background-enabled":"default","ast-page-background-meta":{"desktop":{"background-color":"","background-image":"","background-repeat":"repeat","background-position":"center center","background-size":"auto","background-attachment":"scroll","background-type":"","background-media":"","overlay-type":"","overlay-color":"","overlay-opacity":"","overlay-gradient":""},"tablet":{"background-color":"","background-image":"","background-repeat":"repeat","background-position":"center center","background-size":"auto","background-attachment":"scroll","background-type":"","background-media":"","overlay-type":"","overlay-color":"","overlay-opacity":"","overlay-gradient":""},"mobile":{"background-color":"","background-image":"","background-repeat":"repeat","background-position":"center center","background-size":"auto","background-attachment":"scroll","background-type":"","background-media":"","overlay-type":"","overlay-color":"","overlay-opacity":"","overlay-gradient":""}},"ast-content-background-meta":{"desktop":{"background-color":"var(--ast-global-color-5)","background-image":"","background-repeat":"repeat","background-position":"center center","background-size":"auto","background-attachment":"scroll","background-type":"","background-media":"","overlay-type":"","overlay-color":"","overlay-opacity":"","overlay-gradient":""},"tablet":{"background-color":"var(--ast-global-color-5)","background-image":"","background-repeat":"repeat","background-position":"center center","background-size":"auto","background-attachment":"scroll","background-type":"","background-media":"","overlay-type":"","overlay-color":"","overlay-opacity":"","overlay-gradient":""},"mobile":{"background-color":"var(--ast-global-color-5)","background-image":"","background-repeat":"repeat","background-position":"center center","background-size":"auto","background-attachment":"scroll","background-type":"","background-media":"","overlay-type":"","overlay-color":"","overlay-opacity":"","overlay-gradient":""}},"_themeisle_gutenberg_block_has_review":false,"footnotes":""},"categories":[6],"tags":[],"class_list":["post-7549","post","type-post","status-publish","format-standard","hentry","category-news-updates"],"_links":{"self":[{"href":"https:\/\/bosniauknetwork.org\/bs\/wp-json\/wp\/v2\/posts\/7549","targetHints":{"allow":["GET"]}}],"collection":[{"href":"https:\/\/bosniauknetwork.org\/bs\/wp-json\/wp\/v2\/posts"}],"about":[{"href":"https:\/\/bosniauknetwork.org\/bs\/wp-json\/wp\/v2\/types\/post"}],"author":[{"embeddable":true,"href":"https:\/\/bosniauknetwork.org\/bs\/wp-json\/wp\/v2\/users\/1"}],"replies":[{"embeddable":true,"href":"https:\/\/bosniauknetwork.org\/bs\/wp-json\/wp\/v2\/comments?post=7549"}],"version-history":[{"count":0,"href":"https:\/\/bosniauknetwork.org\/bs\/wp-json\/wp\/v2\/posts\/7549\/revisions"}],"wp:attachment":[{"href":"https:\/\/bosniauknetwork.org\/bs\/wp-json\/wp\/v2\/media?parent=7549"}],"wp:term":[{"taxonomy":"category","embeddable":true,"href":"https:\/\/bosniauknetwork.org\/bs\/wp-json\/wp\/v2\/categories?post=7549"},{"taxonomy":"post_tag","embeddable":true,"href":"https:\/\/bosniauknetwork.org\/bs\/wp-json\/wp\/v2\/tags?post=7549"}],"curies":[{"name":"wp","href":"https:\/\/api.w.org\/{rel}","templated":true}]}}