{"id":7552,"date":"2022-01-28T09:48:20","date_gmt":"2022-01-28T09:48:20","guid":{"rendered":"https:\/\/bosniauknetwork.org\/najavljeni-masovni-protesti-bh-gradana-bit-ce-pet-puta-videnije-nego-sada\/"},"modified":"2022-01-28T09:48:20","modified_gmt":"2022-01-28T09:48:20","slug":"najavljeni-masovni-protesti-bh-gradana-bit-ce-pet-puta-videnije-nego-sada","status":"publish","type":"post","link":"https:\/\/bosniauknetwork.org\/bs\/najavljeni-masovni-protesti-bh-gradana-bit-ce-pet-puta-videnije-nego-sada\/","title":{"rendered":"Najavljeni masovni protesti bh. gra\u0111ana: \u201cBit \u0107e pet puta vi\u0111enije nego sada\u201d"},"content":{"rendered":"<p><strong>Satko Mujagi\u0107, jedan od organizatora masovnih protesta bh. gra\u0111ana koji su se u proteklom periodu odr\u017eali u najmanje 35 gradova svijeta &#8211; najavio je nove izlaske na ulice. Ipak, ovaj put to ne\u0107e biti u vidu protesta kao do sada.<\/strong><\/p>\n<div class=\"article-banner\"><\/div>\n<p>Skupovi bh. gra\u0111ana u evropskim i svjetskim gradovima se nastavljaju u martu, saop\u0161tio je to Satko Mujagi\u0107, jedan od organizatora..<\/p>\n<p><strong>\u201cKonkretno, nastavljamo 6. marta. Obilje\u017eavat \u0107emo Dan nezavisnosti Bosne i Hercegovine, ali i Dan zahvalnosti. Tada \u0107emo se zahvaliti i onim zemljama i ljudima koji su nas prihvatili i pomogli kada smo stigli\u201d<\/strong>, govori Mujagi\u0107, poja\u0161njavaju\u0107i kako \u0107e bh. gra\u0111ani koji, primjerice, \u017eive u Velikoj Britaniji ili Nizozemskoj, Dan nezavisnosti BiH obilje\u017eavati skupa sa svojim kom\u0161ijama Britancima i Nizozemcima.<\/p>\n<p>&nbsp;<\/p>\n<h3>\u201cPokazat \u0107emo duh zajedni\u0161tva koji se negira\u201d<\/h3>\n<p>Poja\u0161njava kako \u0107e tog \u0161estog marta bh. gra\u0111ani iza\u0107i na ulice u najmanje deset razli\u010ditih zemalja.<\/p>\n<p>\u201cOvoga puta ne\u0107emo i\u0107i na proteste sa mikrofonima i politi\u010dkim porukama. Pokazat \u0107emo \u0161arolikost BiH. Predstavit \u0107emo se kao ambasadori dr\u017eave tog \u0161estog marta i zajedno sa na\u0161im kom\u0161ijama obilje\u017eiti i Dan nezavisnosti i Dan zahvalnosti. I to je na\u010din da svijet prepozna na\u0161 bosanski duh \u2013 to je duh zajedni\u0161tva koji se stalno negira\u201d, izjavio je Mujagi\u0107.<\/p>\n<p>Nagla\u0161ava kako je jedno od klju\u010dnih nastojanja protesta to da se svijetu poka\u017ee da ono \u0161to se de\u0161ava u BiH nisu me\u0111uetni\u010dke nesuglasice, nego umjetno kreirana kriza.<\/p>\n<h3>\u201cOno \u0161to smo napravili desetog januara, bit \u0107e pet puta vi\u0161e vi\u0111eno u martu\u201d<\/h3>\n<p>Osvrnuo se i na posebam problem koji su imali prilikom i nakon organizovanja zadnjih protesta.<\/p>\n<p><strong>\u201cStalno se pri\u010da o tome kako su ovo zapravo \u2018protesti Bo\u0161njaka\u2019. Ja sam prije svega Bosanac i Hercegovac \u2013 gra\u0111anin svoje zemlje. Va\u017eno mi je da poka\u017eem svijetu zajedni\u0161tvo koje vidim ne samo u BiH \u2013 nego i vani. Klju\u010dno je da dijaspora masovno iza\u0111e dok nije kasno \u2013 kada poka\u017eemo da ne damo svoju zemlju, tada \u0107e biti mnogo te\u017ee onima koji su protiv BiH, ali i onima koji bi eventualno pomogli \u0107e biti puno te\u017ee da pristaju na podjele\u201d<\/strong>, obja\u0161njava Mujagi\u0107.<\/p>\n<p>Navodi da \u0107e se duh zajedni\u0161tva u svijetu prikazati i kroz umjetnost i folklor.<\/p>\n<p><strong>\u201cOno \u0161to smo napravili desetog januara, bit \u0107e jo\u0161 pet puta vi\u0161e vi\u0111eno \u0161estog marta\u201d<\/strong>, poru\u010duje Mujagi\u0107.<\/p>\n<p>Naglasio je da \u0107e organizatori protesta ove sedmice imati sastanke sa nekoliko \u010dlanova Evropskog parlamenta, da je zadovoljan odijekom dosada\u0161njih protesta, ali i da je organizatorima sasvim jasno kako moraju nastaviti sa istim akcijama.<\/p>\n<p>&nbsp;<\/p>\n<div class=\"ast-oembed-container \" style=\"height: 100%;\"><iframe title=\"Satko Mujagi\u0107 najavio masovne proteste bh. gra\u0111ana: Bit \u0107e pet puta vi\u0111enije nego sada\" width=\"500\" height=\"281\" src=\"https:\/\/www.youtube.com\/embed\/T-U4Cg47tes?feature=oembed\" frameborder=\"0\" allow=\"accelerometer; autoplay; clipboard-write; encrypted-media; gyroscope; picture-in-picture; web-share\" referrerpolicy=\"strict-origin-when-cross-origin\" allowfullscreen><\/iframe><\/div>\n<p>Preuzeto sa N1 televizije<\/p>\n","protected":false},"excerpt":{"rendered":"<p>Satko Mujagi\u0107, jedan od organizatora masovnih protesta bh. gra\u0111ana koji su se u proteklom periodu odr\u017eali u najmanje 35 gradova svijeta &#8211; najavio je nove izlaske na ulice. Ipak, ovaj [&hellip;]<\/p>\n","protected":false},"author":1,"featured_media":0,"comment_status":"closed","ping_status":"closed","sticky":false,"template":"","format":"standard","meta":{"site-sidebar-layout":"default","site-content-layout":"","ast-site-content-layout":"default","site-content-style":"default","site-sidebar-style":"default","ast-global-header-display":"","ast-banner-title-visibility":"","ast-main-header-display":"","ast-hfb-above-header-display":"","ast-hfb-below-header-display":"","ast-hfb-mobile-header-display":"","site-post-title":"","ast-breadcrumbs-content":"","ast-featured-img":"","footer-sml-layout":"","ast-disable-related-posts":"","theme-transparent-header-meta":"","adv-header-id-meta":"","stick-header-meta":"","header-above-stick-meta":"","header-main-stick-meta":"","header-below-stick-meta":"","astra-migrate-meta-layouts":"default","ast-page-background-enabled":"default","ast-page-background-meta":{"desktop":{"background-color":"","background-image":"","background-repeat":"repeat","background-position":"center center","background-size":"auto","background-attachment":"scroll","background-type":"","background-media":"","overlay-type":"","overlay-color":"","overlay-opacity":"","overlay-gradient":""},"tablet":{"background-color":"","background-image":"","background-repeat":"repeat","background-position":"center center","background-size":"auto","background-attachment":"scroll","background-type":"","background-media":"","overlay-type":"","overlay-color":"","overlay-opacity":"","overlay-gradient":""},"mobile":{"background-color":"","background-image":"","background-repeat":"repeat","background-position":"center center","background-size":"auto","background-attachment":"scroll","background-type":"","background-media":"","overlay-type":"","overlay-color":"","overlay-opacity":"","overlay-gradient":""}},"ast-content-background-meta":{"desktop":{"background-color":"var(--ast-global-color-5)","background-image":"","background-repeat":"repeat","background-position":"center center","background-size":"auto","background-attachment":"scroll","background-type":"","background-media":"","overlay-type":"","overlay-color":"","overlay-opacity":"","overlay-gradient":""},"tablet":{"background-color":"var(--ast-global-color-5)","background-image":"","background-repeat":"repeat","background-position":"center center","background-size":"auto","background-attachment":"scroll","background-type":"","background-media":"","overlay-type":"","overlay-color":"","overlay-opacity":"","overlay-gradient":""},"mobile":{"background-color":"var(--ast-global-color-5)","background-image":"","background-repeat":"repeat","background-position":"center center","background-size":"auto","background-attachment":"scroll","background-type":"","background-media":"","overlay-type":"","overlay-color":"","overlay-opacity":"","overlay-gradient":""}},"_themeisle_gutenberg_block_has_review":false,"footnotes":""},"categories":[6],"tags":[],"class_list":["post-7552","post","type-post","status-publish","format-standard","hentry","category-news-updates"],"_links":{"self":[{"href":"https:\/\/bosniauknetwork.org\/bs\/wp-json\/wp\/v2\/posts\/7552","targetHints":{"allow":["GET"]}}],"collection":[{"href":"https:\/\/bosniauknetwork.org\/bs\/wp-json\/wp\/v2\/posts"}],"about":[{"href":"https:\/\/bosniauknetwork.org\/bs\/wp-json\/wp\/v2\/types\/post"}],"author":[{"embeddable":true,"href":"https:\/\/bosniauknetwork.org\/bs\/wp-json\/wp\/v2\/users\/1"}],"replies":[{"embeddable":true,"href":"https:\/\/bosniauknetwork.org\/bs\/wp-json\/wp\/v2\/comments?post=7552"}],"version-history":[{"count":0,"href":"https:\/\/bosniauknetwork.org\/bs\/wp-json\/wp\/v2\/posts\/7552\/revisions"}],"wp:attachment":[{"href":"https:\/\/bosniauknetwork.org\/bs\/wp-json\/wp\/v2\/media?parent=7552"}],"wp:term":[{"taxonomy":"category","embeddable":true,"href":"https:\/\/bosniauknetwork.org\/bs\/wp-json\/wp\/v2\/categories?post=7552"},{"taxonomy":"post_tag","embeddable":true,"href":"https:\/\/bosniauknetwork.org\/bs\/wp-json\/wp\/v2\/tags?post=7552"}],"curies":[{"name":"wp","href":"https:\/\/api.w.org\/{rel}","templated":true}]}}